{"id":140526,"date":"2018-12-10T16:05:53","date_gmt":"2018-12-10T18:05:53","guid":{"rendered":"http:\/\/aconteceunovale.com.br\/portal\/?p=140526"},"modified":"2018-12-10T16:05:53","modified_gmt":"2018-12-10T18:05:53","slug":"policia-e-ministerio-publico-de-goias-vao-apurar-denuncias-contra-medium-joao-de-deus","status":"publish","type":"post","link":"https:\/\/aconteceunovale.com.br\/portal\/?p=140526","title":{"rendered":"Pol\u00edcia e Minist\u00e9rio P\u00fablico de Goi\u00e1s v\u00e3o apurar den\u00fancias contra m\u00e9dium Jo\u00e3o de Deus"},"content":{"rendered":"<p>A for\u00e7a-tarefa criada pelo Minist\u00e9rio P\u00fablico de Goi\u00e1s (MP-GO) para investigar as den\u00fancias de abuso sexual contra o m\u00e9dium Jo\u00e3o de Deus divulgou, nesta segunda-feira (10\/12\/2018), um endere\u00e7o de e-mail para que v\u00edtimas possam entrar em contato com o \u00f3rg\u00e3o. Al\u00e9m disso, os depoimentos delas podem ser colhidos nas cidades em que elas moram.<\/p>\n<p>\u201cQuatro promotores ser\u00e3o designados para os casos espec\u00edficos e duas psic\u00f3logas para atenderem v\u00edtimas que queiram prestar depoimento no MP-GO. N\u00e3o ser\u00e1 necess\u00e1rio que venham a Goi\u00e1s, podem prestar depoimento no MP local, estamos em contato com promotores do Brasil inteiro\u201d, disse o coordenador do Centro de Apoio Operacional (CAO) Criminal, Luciano Miranda Meireles.<\/p>\n<p>As v\u00edtimas podem enviar os depoimentos para o e-mail <strong>denuncias@mpgo.mp.br<\/strong>.<\/p>\n<p>\u201c\u00c9 preciso que enviem os contatos para que entremos em contato posteriormente. S\u00f3 os promotores da for\u00e7a-tarefa v\u00e3o receber o e-mail\u201d, afirma a coordenadora do CAO dos Direitos Humanos, Patr\u00cdcia Otoni.<\/p>\n<p><img decoding=\"async\" src=\"http:\/\/aconteceunovale.com.br\/portal\/wp-content\/uploads\/2018\/12\/joao_de_deus.jpg\" alt=\"\" \/><em>O m\u00e9dium Jo\u00e3o de Deus \u2014 Foto: Reprodu\u00e7\u00e3o\/site Casa de Dom In\u00e1cio<\/em><br \/>\n<\/br><\/p>\n<p>Al\u00e9m do MP-GO, a Pol\u00edcia Civil goiana tamb\u00e9m instaurou investiga\u00e7\u00f5es, com o objetivo de identificar outras mulheres que afirmam ser v\u00edtimas e apurar a vida do m\u00e9dium. \u201cO que \u00e9 preciso \u00e9 que, al\u00e9m das den\u00fancias que foram feitas, dos boletins de ocorr\u00eancia, que a v\u00edtima tamb\u00e9m colabore durante os depoimentos, seja em outro estado, seja vindo a Goi\u00e1s\u201d, afirmou a delegada Marcela Or\u00e7ai, assessora de imprensa da corpora\u00e7\u00e3o.<\/p>\n<p>Conforme relatos colhidos at\u00e9 o \u00faltimo s\u00e1bado (8), os abusos sexuais teriam ocorrido desde a d\u00e9cada de 80 at\u00e9 outubro do ano passado, dentro Casa Dom In\u00e1cio de Loyola, onde Jo\u00e3o de Deus atende em Abadi\u00e2nia, no Entorno do Distrito Federal.<\/p>\n<p>O advogado Alberto Toron, que defende o m\u00e9dium, afirmou que o cliente nega as acusa\u00e7\u00f5es e que ele est\u00e1 \u00e0 disposi\u00e7\u00e3o da Justi\u00e7a para esclarecimentos.<\/p>\n<p>Os promotores informaram que v\u00e1rias mulheres j\u00e1 ligaram para o MP e h\u00e1 depoimentos agendados para ter\u00e7a-feira (11) em S\u00e3o Paulo e Minas Gerais. O \u00f3rg\u00e3o de Goi\u00e1s recebeu apenas liga\u00e7\u00f5es de v\u00edtimas de outros estados. Apesar da possibilidade de os depoimentos serem colhidos em outras cidades, a investiga\u00e7\u00e3o ficar\u00e1 a cargo da promotoria de Justi\u00e7a de Abadi\u00e2nia, onde Jo\u00e3o de Deus realiza os atendimentos.<\/p>\n<p>O MP-GO informou que j\u00e1 existiam den\u00fancias contra Jo\u00e3o de Deus desde 2010. Em 2012, ele chegou a ser julgado por abuso sexual, mas foi inocentado por falta de provas. A promotora Gabriela Manssur, de S\u00e3o Paulo, conta que, depois que as den\u00fancias foram exibidas no Conversa com Bial, da TV Globo, j\u00e1 foi procurada por mais de 200 mulheres que tamb\u00e9m fazem relatos semelhantes.<\/p>\n<p>\u201cVai ser feita uma for\u00e7a-tarefa para ouvir todas as mulheres e encaminhar para o Minist\u00e9rio P\u00fablico de Goi\u00e1s\u201d, disse.<\/p>\n<p><strong><\/p>\n<h4>Jo\u00e3o de Deus nega acusa\u00e7\u00f5es<\/h4>\n<p><\/strong><\/p>\n<p>O advogado Alberto Toron, que defende o m\u00e9dium, afirmou que o cliente nega as acusa\u00e7\u00f5es e que ele est\u00e1 \u00e0 disposi\u00e7\u00e3o da Justi\u00e7a para esclarecimentos.<\/p>\n<p>\u201cMuito enfaticamente ele nega. Ele recebe com indigna\u00e7\u00e3o a exist\u00eancia dessas declara\u00e7\u00f5es, mas o que eu quero esclarecer, que me parece importante, \u00e9 que ele tem um trabalho de mais de 40 anos naquela comunidade, atendendo a todos os brasileiros, gente de fora do pa\u00eds, sem nunca receber esse tipo de acusa\u00e7\u00e3o\u201d, disse.<\/p>\n<p>Al\u00e9m disso, o advogado esclareceu que o padr\u00e3o de Jo\u00e3o de Deus era atender a todos em grupo. \u201cEventualmente atendeu alguma pessoa, alguma autoridade sozinho, isso \u00e9 um epis\u00f3dio localizado. Mas pessoas, mulheres, crian\u00e7as em geral, eram atendidas coletivamente diante de um grande n\u00famero de pessoas\u201d, continuou.<\/p>\n<p>Por fim, disse que o cliente vai colaborar com as investiga\u00e7\u00f5es. \u201cAmanh\u00e3 mesmo [segunda-feira, 10] n\u00f3s vamos nos dirigir \u00e0s autoridades judici\u00e1rias da cidade de Abadi\u00e2nia para dizer que ele est\u00e1 \u00e0 disposi\u00e7\u00e3o da pol\u00edcia, do juiz, do Minist\u00e9rio P\u00fablico para ser ouvido em qualquer momento\u201d, disse.<\/p>\n<p>\u201cAchamos que tudo isso deve ser objeto de uma investiga\u00e7\u00e3o marcada pela seriedade e n\u00f3s esperamos que isso aconte\u00e7a para que a verdade venha \u00e0 tona\u201d, concluiu Toron.<\/p>\n<p><strong><\/p>\n<h4>Federa\u00e7\u00e3o Esp\u00edrita Brasileira<\/h4>\n<p><\/strong><\/p>\n<p>Em nota divulgada no s\u00e1bado (8), a Federa\u00e7\u00e3o Esp\u00edrita Brasileira afirma que o espiritismo orienta que o servi\u00e7o espiritual n\u00e3o deve ocorrer isoladamente, apenas com a presen\u00e7a do m\u00e9dium e da pessoa assistida. Al\u00e9m disso, a entidade informa que \u201cn\u00e3o recomenda a atividade individual de m\u00e9diuns que atuem por conta pr\u00f3pria\u201d que, portanto, \u201cn\u00e3o est\u00e3o vinculados ao movimento esp\u00edrita, nem seguindo sua orienta\u00e7\u00e3o\u201d.<\/p>\n<p><strong>VER PRIMEIRO<\/strong><\/p>\n<p>Receba as not\u00edcias do Aconteceu no Vale em primeira m\u00e3o. Clique em curtir no endere\u00e7o <a href=\"https:\/\/www.facebook.com\/aconteceunovale\" target=\"_blank\"><font color=\"red\">www.facebook.com\/aconteceunovale<\/font><\/a> ou no box abaixo:<\/p>\n<div class=\"fb-like\" data-href=\"https:\/\/www.facebook.com\/aconteceunovale\" data-width=\"120\" data-layout=\"standard\" data-action=\"like\" data-size=\"small\" data-show-faces=\"true\" data-share=\"true\"><\/div>\n<p><\/br><\/p>\n<p><em>(Fonte: G1 Goi\u00e1s e Ag\u00eancia Brasil)<\/em><\/p>\n","protected":false},"excerpt":{"rendered":"<p>A for\u00e7a-tarefa criada pelo Minist\u00e9rio P\u00fablico de Goi\u00e1s (MP-GO) para investigar as den\u00fancias de abuso sexual contra o m\u00e9dium Jo\u00e3o de Deus divulgou, nesta segunda-feira (10\/12\/2018), um endere\u00e7o de e-mail para que v\u00edtimas possam entrar em contato com o \u00f3rg\u00e3o. Al\u00e9m disso, os depoimentos delas podem ser colhidos nas cidades em que elas moram. \u201cQuatro [&hellip;]<\/p>\n","protected":false},"author":1,"featured_media":140527,"comment_status":"open","ping_status":"closed","sticky":false,"template":"","format":"standard","meta":{"amp_status":"","footnotes":""},"categories":[6,28848],"tags":[90986,189120,189134,189128,189129,189123,189135,189124,1018,189133,189130,189131,189136,116170,4609,189122,189118,189132,189127,189119,189121,157513,189126,361,189125],"class_list":["post-140526","post","type-post","status-publish","format-standard","has-post-thumbnail","hentry","category-br","category-mundo","tag-abadiania","tag-abuso-sexual","tag-abusos-contra-joao-de-deus","tag-andre-fernandes","tag-casa-dom-inacio-de-loyola","tag-caso-medium-joao-de-deus","tag-como-fazer-denuncia-de-abusos-contra-joao-de-deus","tag-denuncias-contra-medium-joao-de-deus","tag-destaque","tag-e-mail-para-denuncias-de-abusos-contra-joao-de-deus","tag-escandalo-envolvendo-joao-de-deus","tag-escandalo-joao-de-deus","tag-federacao-espirita-brasileira","tag-forca-tarefa","tag-goiania","tag-investigacao-medium-joao-de-deus","tag-joao-de-deus","tag-joao-de-deus-nega-acusacoes","tag-joao-teixeira-de-faria","tag-medium","tag-medium-joao-de-deus","tag-ministerio-publico-de-goias","tag-mp-go","tag-policia-civil","tag-policia-e-ministerio-publico-de-goias-vao-apurar-denuncias-contra-medium-joao-de-deus"],"_links":{"self":[{"href":"https:\/\/aconteceunovale.com.br\/portal\/index.php?rest_route=\/wp\/v2\/posts\/140526","targetHints":{"allow":["GET"]}}],"collection":[{"href":"https:\/\/aconteceunovale.com.br\/portal\/index.php?rest_route=\/wp\/v2\/posts"}],"about":[{"href":"https:\/\/aconteceunovale.com.br\/portal\/index.php?rest_route=\/wp\/v2\/types\/post"}],"author":[{"embeddable":true,"href":"https:\/\/aconteceunovale.com.br\/portal\/index.php?rest_route=\/wp\/v2\/users\/1"}],"replies":[{"embeddable":true,"href":"https:\/\/aconteceunovale.com.br\/portal\/index.php?rest_route=%2Fwp%2Fv2%2Fcomments&post=140526"}],"version-history":[{"count":0,"href":"https:\/\/aconteceunovale.com.br\/portal\/index.php?rest_route=\/wp\/v2\/posts\/140526\/revisions"}],"wp:featuredmedia":[{"embeddable":true,"href":"https:\/\/aconteceunovale.com.br\/portal\/index.php?rest_route=\/wp\/v2\/media\/140527"}],"wp:attachment":[{"href":"https:\/\/aconteceunovale.com.br\/portal\/index.php?rest_route=%2Fwp%2Fv2%2Fmedia&parent=140526"}],"wp:term":[{"taxonomy":"category","embeddable":true,"href":"https:\/\/aconteceunovale.com.br\/portal\/index.php?rest_route=%2Fwp%2Fv2%2Fcategories&post=140526"},{"taxonomy":"post_tag","embeddable":true,"href":"https:\/\/aconteceunovale.com.br\/portal\/index.php?rest_route=%2Fwp%2Fv2%2Ftags&post=140526"}],"curies":[{"name":"wp","href":"https:\/\/api.w.org\/{rel}","templated":true}]}}