{"id":140406,"date":"2018-12-08T11:49:32","date_gmt":"2018-12-08T13:49:32","guid":{"rendered":"http:\/\/aconteceunovale.com.br\/portal\/?p=140406"},"modified":"2018-12-08T11:49:32","modified_gmt":"2018-12-08T13:49:32","slug":"ex-prefeito-de-municipio-do-norte-de-minas-e-condenado-por-improbidade","status":"publish","type":"post","link":"https:\/\/aconteceunovale.com.br\/portal\/?p=140406","title":{"rendered":"Ex-prefeito de munic\u00edpio do Norte de Minas \u00e9 condenado por improbidade"},"content":{"rendered":"<p>O juiz da 1\u00aa Vara C\u00edvel, Criminal e da Inf\u00e2ncia e da Juventude da Comarca de Manga, Jo\u00e3o Carneiro Duarte Neto, condenou Elp\u00eddio Gomes Dourado por atos de improbidade administrativa. Na senten\u00e7a, foi determinada a suspens\u00e3o dos direitos pol\u00edticos do ex-gestor municipal por tr\u00eas anos, o pagamento de multa civil fixada em 20 vezes a m\u00e9dia do valor bruto da remunera\u00e7\u00e3o recebida pelo agente p\u00fablico, durante o per\u00edodo em que atuou como gestor do munic\u00edpio, a proibi\u00e7\u00e3o de contratar com o poder p\u00fablico ou receber benef\u00edcios ou incentivos fiscais ou credit\u00edcios, direta ou indiretamente, ainda que por interm\u00e9dio de pessoa jur\u00eddica da qual seja s\u00f3cio majorit\u00e1rio, pelo prazo de tr\u00eas anos. O ex-agente p\u00fablico ignorou a exist\u00eancia de processo licitat\u00f3rio v\u00e1lido e prestou contas de forma indevida.<\/p>\n<p>Para o magistrado, ficou comprovado que o ent\u00e3o gestor agiu com m\u00e1-f\u00e9, ao n\u00e3o prestar corretamente as contas no cumprimento das suas obriga\u00e7\u00f5es e ao retirar os documentos da prefeitura, impedindo que seu sucessor pudesse regularizar a presta\u00e7\u00e3o de contas.<\/p>\n<p>Na a\u00e7\u00e3o, o Munic\u00edpio de Mirav\u00e2nia alegou que o gestor, em 2010, recebeu recursos da Secretaria de Estado de Sa\u00fade para melhoria no atendimento. No entanto, na presta\u00e7\u00e3o de contas da Resolu\u00e7\u00e3o 2.334\/2010, a empresa contratada e os bens adquiridos n\u00e3o conferiam com os informados no demonstrativo f\u00edsico-financeiro.<\/p>\n<p>O Munic\u00edpio argumenta que, devido \u00e0s inconformidades, corre o risco de n\u00e3o receber novos recursos p\u00fablicos, at\u00e9 a completa regulariza\u00e7\u00e3o. Dessa forma, requereu, liminarmente, a indisponibilidade dos bens do ex-prefeito e sua condena\u00e7\u00e3o nas penas impostas no artigo 12 da Lei 8.429\/92 (Lei de Improbidade Administrativa). O pedido liminar de indisponibilidade dos bens at\u00e9 o limite de R$ 17.563,61 foi deferido pelo ent\u00e3o juiz titular da vara.<\/p>\n<p><img decoding=\"async\" src=\"http:\/\/aconteceunovale.com.br\/portal\/wp-content\/uploads\/2018\/12\/forum_manga.jpg\" alt=\"\" \/><em>Decis\u00e3o da comarca de Manga concluiu que houve improbidade (Foto: Tovinho Regis\/TJMG)<\/em><br \/>\n<\/br><\/p>\n<p><strong>Presta\u00e7\u00e3o de contas<\/strong><\/p>\n<p>Em sua defesa, o ex-gestor alegou inexist\u00eancia de ato de improbidade administrativa, aus\u00eancia de enriquecimento il\u00edcito e de danos ao er\u00e1rio, inexist\u00eancia de viola\u00e7\u00e3o a princ\u00edpios da administra\u00e7\u00e3o p\u00fablica e aus\u00eancia de dolo ou m\u00e1-f\u00e9. J\u00e1 o Minist\u00e9rio P\u00fablico requereu a proced\u00eancia dos pedidos iniciais.<\/p>\n<p>Ao analisar os autos, o juiz observou que a pretens\u00e3o contida na a\u00e7\u00e3o civil p\u00fablica tem por fundamento a Lei de Improbidade Administrativa, n\u00e3o se podendo aplicar o Decreto-Lei 201\/67 ao caso. Em rela\u00e7\u00e3o \u00e0 alegada inconstitucionalidade da norma de 1992, o magistrado ressaltou que n\u00e3o h\u00e1 decis\u00e3o do Supremo Tribunal Federal determinando o sobrestamento das a\u00e7\u00f5es que apurem eventuais atos de improbidade administrativa.<\/p>\n<p>De acordo com o juiz, o Munic\u00edpio tem legitimidade para manejar a\u00e7\u00e3o requerendo a condena\u00e7\u00e3o do agente p\u00fablico a ressarcir aos cofres municipais a import\u00e2ncia recebida, pois os valores repassados pelo conv\u00eanio n\u00e3o foram incorporados ao patrim\u00f4nio do ente. Nesse caso, o Judici\u00e1rio pode ser acionado visando obter ressarcimento de eventuais danos sofridos daquele que geriu as verbas, ou seja, o ex-prefeito municipal.                                                                           <\/p>\n<p>Embora o ex-gestor tenha alegado inexist\u00eancia de fraude nas licita\u00e7\u00f5es ou em qualquer outro dispositivo legal, pois foram observadas as normas legais quanto \u00e0 ades\u00e3o do Munic\u00edpio de Mirav\u00e2nia \u00e0 Ata de Registro de Pre\u00e7os 041\/2010, devidamente originada do Preg\u00e3o Presencial 024\/2010 realizado pelo Estado de Minas Gerais, o juiz considerou que foram apresentados documentos referentes apenas \u00e0 adjudica\u00e7\u00e3o e \u00e0 homologa\u00e7\u00e3o do processo licitat\u00f3rio para aquisi\u00e7\u00e3o de eletr\u00f4nicos, eletrodom\u00e9sticos e m\u00f3veis para as secretarias municipais, no valor de R$ 91,3 mil. Contudo, o ent\u00e3o prefeito deixou de especificar e comprovar nos autos quais seriam os bens indicativos para compra.<\/p>\n<p>O juiz observou ainda que n\u00e3o ficou comprovado o enriquecimento il\u00edcito, ressaltando que o que est\u00e1 sendo questionado \u00e9 a irregularidade na presta\u00e7\u00e3o de contas, visto que h\u00e1 incompatibilidade entre os dados informados e os efetivos servi\u00e7os prestados.<\/p>\n<p><strong>Conduta \u00edmproba<\/strong><\/p>\n<p>De acordo com o juiz, houve conduta \u00edmproba porque, na qualidade de prefeito de Mirav\u00e2nia, o r\u00e9u prestou contas de forma indevida. Apesar de participar de processo licitat\u00f3rio v\u00e1lido e finalizado cujas empresas vencedoras possu\u00edam direito adquirido, o Munic\u00edpio utilizou-se do registro de pre\u00e7os da MARV Importa\u00e7\u00e3o, Exporta\u00e7\u00e3o e Com\u00e9rcio de Produtos M\u00e9dicos Ltda. \u201cA g\u00eanese da alegada irregularidade encontra-se na desconsidera\u00e7\u00e3o do processo licitat\u00f3rio municipal\u201d, acrescentou.<\/p>\n<p>Para o magistrado, ao desobedecer a processo licitat\u00f3rio municipal v\u00e1lido, o ex-gestor violou os princ\u00edpios da administra\u00e7\u00e3o p\u00fablica de imparcialidade, legalidade e lealdade \u00e0s institui\u00e7\u00f5es.<\/p>\n<p>Ap\u00f3s tr\u00e2nsito em julgado da senten\u00e7a, o departamento de pessoal ou setor an\u00e1logo da prefeitura de Mirav\u00e2nia, na pessoa de seu representante legal, dever\u00e1 ser intimado para que, no prazo improrrog\u00e1vel de dez dias, informe as remunera\u00e7\u00f5es recebidas pelo requerido como prefeito, no per\u00edodo de 2009 a 2012, anexando os respectivos contracheques ou outros documentos h\u00e1beis \u00e0 comprova\u00e7\u00e3o dos valores informados. Caso n\u00e3o haja documentos referentes a todo o per\u00edodo, dever\u00e3o ser encaminhados os documentos existentes, com m\u00e9dia calculada utilizando os valores ali constantes. O juiz fixou multa di\u00e1ria de R$500, limitada a R$ 50 mil, a ser paga pelo secret\u00e1rio municipal respons\u00e1vel pelo setor, na hip\u00f3tese de descumprimento injustificado da determina\u00e7\u00e3o.<\/p>\n<p><strong>VER PRIMEIRO<\/strong><\/p>\n<p>Receba as not\u00edcias do Aconteceu no Vale em primeira m\u00e3o. Clique em curtir no endere\u00e7o <a href=\"https:\/\/www.facebook.com\/aconteceunovale\" target=\"_blank\"><font color=\"red\">www.facebook.com\/aconteceunovale<\/font><\/a> ou no box abaixo:<\/p>\n<div class=\"fb-like\" data-href=\"https:\/\/www.facebook.com\/aconteceunovale\" data-width=\"120\" data-layout=\"standard\" data-action=\"like\" data-size=\"small\" data-show-faces=\"true\" data-share=\"true\"><\/div>\n<p><\/br><\/p>\n<p><em>(Fonte: TJMG)<\/em><\/p>\n","protected":false},"excerpt":{"rendered":"<p>O juiz da 1\u00aa Vara C\u00edvel, Criminal e da Inf\u00e2ncia e da Juventude da Comarca de Manga, Jo\u00e3o Carneiro Duarte Neto, condenou Elp\u00eddio Gomes Dourado por atos de improbidade administrativa. Na senten\u00e7a, foi determinada a suspens\u00e3o dos direitos pol\u00edticos do ex-gestor municipal por tr\u00eas anos, o pagamento de multa civil fixada em 20 vezes a [&hellip;]<\/p>\n","protected":false},"author":1,"featured_media":140407,"comment_status":"open","ping_status":"closed","sticky":false,"template":"","format":"standard","meta":{"amp_status":"","footnotes":""},"categories":[1236,40240],"tags":[185088,188828,1018,188826,188830,109060,109059,188829,1356,3056,188827],"class_list":["post-140406","post","type-post","status-publish","format-standard","has-post-thumbnail","hentry","category-norte_de_minas","category-politica-2","tag-comarca-de-manga","tag-condenacao-de-ex-prefeito-de-miravania","tag-destaque","tag-elpidio-gomes-dourado","tag-ex-prefeito-de-municipio-do-norte-de-minas-e-condenado-por-improbidade","tag-joao-carneiro-duarte-neto","tag-juiz-joao-carneiro-duarte-neto","tag-julgamento-de-ex-prefeito-de-miravania","tag-manga","tag-miravania","tag-processo-ex-prefeito-de-miravania"],"_links":{"self":[{"href":"https:\/\/aconteceunovale.com.br\/portal\/index.php?rest_route=\/wp\/v2\/posts\/140406","targetHints":{"allow":["GET"]}}],"collection":[{"href":"https:\/\/aconteceunovale.com.br\/portal\/index.php?rest_route=\/wp\/v2\/posts"}],"about":[{"href":"https:\/\/aconteceunovale.com.br\/portal\/index.php?rest_route=\/wp\/v2\/types\/post"}],"author":[{"embeddable":true,"href":"https:\/\/aconteceunovale.com.br\/portal\/index.php?rest_route=\/wp\/v2\/users\/1"}],"replies":[{"embeddable":true,"href":"https:\/\/aconteceunovale.com.br\/portal\/index.php?rest_route=%2Fwp%2Fv2%2Fcomments&post=140406"}],"version-history":[{"count":0,"href":"https:\/\/aconteceunovale.com.br\/portal\/index.php?rest_route=\/wp\/v2\/posts\/140406\/revisions"}],"wp:featuredmedia":[{"embeddable":true,"href":"https:\/\/aconteceunovale.com.br\/portal\/index.php?rest_route=\/wp\/v2\/media\/140407"}],"wp:attachment":[{"href":"https:\/\/aconteceunovale.com.br\/portal\/index.php?rest_route=%2Fwp%2Fv2%2Fmedia&parent=140406"}],"wp:term":[{"taxonomy":"category","embeddable":true,"href":"https:\/\/aconteceunovale.com.br\/portal\/index.php?rest_route=%2Fwp%2Fv2%2Fcategories&post=140406"},{"taxonomy":"post_tag","embeddable":true,"href":"https:\/\/aconteceunovale.com.br\/portal\/index.php?rest_route=%2Fwp%2Fv2%2Ftags&post=140406"}],"curies":[{"name":"wp","href":"https:\/\/api.w.org\/{rel}","templated":true}]}}