{"id":140388,"date":"2018-12-07T21:46:11","date_gmt":"2018-12-07T23:46:11","guid":{"rendered":"http:\/\/aconteceunovale.com.br\/portal\/?p=140388"},"modified":"2018-12-07T21:48:00","modified_gmt":"2018-12-07T23:48:00","slug":"carreta-dos-correios-roubada-no-vale-do-aco-e-encontrada-em-teofilo-otoni","status":"publish","type":"post","link":"https:\/\/aconteceunovale.com.br\/portal\/?p=140388","title":{"rendered":"Carreta dos Correios roubada no Vale do A\u00e7o \u00e9 encontrada em Te\u00f3filo Otoni"},"content":{"rendered":"<p>Uma carreta dos Correios, roubada no m\u00eas passado na regi\u00e3o do Vale do A\u00e7o, foi encontrada na manh\u00e3 dessa quinta-feira (06\/12\/2018) em Te\u00f3filo Otoni (MG). Segundo informa\u00e7\u00f5es da Pol\u00edcia Militar (PM), o ve\u00edculo estava dentro de um galp\u00e3o na Avenida Minas Gerais, na regi\u00e3o do Bairro Viriato. <\/p>\n<p>Quando militares chegaram ao local, a carreta estava sendo pintada. Um homem que estava no local foi preso em flagrante e conduzido \u00e0 Delegacia de Pol\u00edcia Civil. <\/p>\n<p>Ainda segundo a PM, boa parte da carga de roupas, brinquedos, produtos eletr\u00f4nicos, entre outros produtos, avaliada em aproximadamente R$ 1,5 milh\u00e3o, ainda estava no interior do ba\u00fa. <\/p>\n<p>A Pol\u00edcia Militar tamb\u00e9m informou que o sistema de rastreamento instalado na carreta foi danificado, o que dificultou a localiza\u00e7\u00e3o do ve\u00edculo.<\/p>\n<p>Informa\u00e7\u00f5es iniciais indicam que pessoas de Te\u00f3filo Otoni podem estar ligadas ao roubo da carreta. O caso \u00e9 investigado.<\/p>\n<p><img decoding=\"async\" src=\"http:\/\/aconteceunovale.com.br\/portal\/wp-content\/uploads\/2018\/12\/carreta_teo.jpg\" alt=\"\" \/><em>Carreta foi encontrada em Te\u00f3filo Otoni (Foto: Reprodu\u00e7\u00e3o \/ TV Leste)<\/em><br \/>\n<\/br><\/p>\n<p><strong>VER PRIMEIRO<\/strong><\/p>\n<p>Receba as not\u00edcias do Aconteceu no Vale em primeira m\u00e3o. Clique em curtir no endere\u00e7o <a href=\"https:\/\/www.facebook.com\/aconteceunovale\" target=\"_blank\"><font color=\"red\">www.facebook.com\/aconteceunovale<\/font><\/a> ou no box abaixo:<\/p>\n<div class=\"fb-like\" data-href=\"https:\/\/www.facebook.com\/aconteceunovale\" data-width=\"120\" data-layout=\"standard\" data-action=\"like\" data-size=\"small\" data-show-faces=\"true\" data-share=\"true\"><\/div>\n<p><\/br><\/p>\n<p><em>(Com Ag\u00eancia Gerais \/ Elvis Passos)<\/em><\/p>\n","protected":false},"excerpt":{"rendered":"<p>Uma carreta dos Correios, roubada no m\u00eas passado na regi\u00e3o do Vale do A\u00e7o, foi encontrada na manh\u00e3 dessa quinta-feira (06\/12\/2018) em Te\u00f3filo Otoni (MG). Segundo informa\u00e7\u00f5es da Pol\u00edcia Militar (PM), o ve\u00edculo estava dentro de um galp\u00e3o na Avenida Minas Gerais, na regi\u00e3o do Bairro Viriato. Quando militares chegaram ao local, a carreta estava [&hellip;]<\/p>\n","protected":false},"author":1,"featured_media":140389,"comment_status":"open","ping_status":"closed","sticky":false,"template":"","format":"standard","meta":{"amp_status":"","footnotes":""},"categories":[121,122],"tags":[188801,188799,188802,188803,188798,188797,1018,188800,164],"class_list":["post-140388","post","type-post","status-publish","format-standard","has-post-thumbnail","hentry","category-leste","category-mucuri","tag-assalto-carreta-dos-correios","tag-carreta-dos-correios","tag-carreta-dos-correios-encontrada-em-teofilo-otoni","tag-carreta-dos-correios-recuperada-em-teofilo-otoni","tag-carreta-dos-correios-roubada-no-vale-do-aco","tag-carreta-dos-correios-roubada-no-vale-do-aco-e-encontrada-em-teofilo-otoni","tag-destaque","tag-roubo-carreta-dos-correios","tag-teofilo-otoni"],"_links":{"self":[{"href":"https:\/\/aconteceunovale.com.br\/portal\/index.php?rest_route=\/wp\/v2\/posts\/140388","targetHints":{"allow":["GET"]}}],"collection":[{"href":"https:\/\/aconteceunovale.com.br\/portal\/index.php?rest_route=\/wp\/v2\/posts"}],"about":[{"href":"https:\/\/aconteceunovale.com.br\/portal\/index.php?rest_route=\/wp\/v2\/types\/post"}],"author":[{"embeddable":true,"href":"https:\/\/aconteceunovale.com.br\/portal\/index.php?rest_route=\/wp\/v2\/users\/1"}],"replies":[{"embeddable":true,"href":"https:\/\/aconteceunovale.com.br\/portal\/index.php?rest_route=%2Fwp%2Fv2%2Fcomments&post=140388"}],"version-history":[{"count":0,"href":"https:\/\/aconteceunovale.com.br\/portal\/index.php?rest_route=\/wp\/v2\/posts\/140388\/revisions"}],"wp:featuredmedia":[{"embeddable":true,"href":"https:\/\/aconteceunovale.com.br\/portal\/index.php?rest_route=\/wp\/v2\/media\/140389"}],"wp:attachment":[{"href":"https:\/\/aconteceunovale.com.br\/portal\/index.php?rest_route=%2Fwp%2Fv2%2Fmedia&parent=140388"}],"wp:term":[{"taxonomy":"category","embeddable":true,"href":"https:\/\/aconteceunovale.com.br\/portal\/index.php?rest_route=%2Fwp%2Fv2%2Fcategories&post=140388"},{"taxonomy":"post_tag","embeddable":true,"href":"https:\/\/aconteceunovale.com.br\/portal\/index.php?rest_route=%2Fwp%2Fv2%2Ftags&post=140388"}],"curies":[{"name":"wp","href":"https:\/\/api.w.org\/{rel}","templated":true}]}}