{"id":140386,"date":"2018-12-07T19:30:32","date_gmt":"2018-12-07T21:30:32","guid":{"rendered":"http:\/\/aconteceunovale.com.br\/portal\/?p=140386"},"modified":"2018-12-07T19:30:32","modified_gmt":"2018-12-07T21:30:32","slug":"governo-de-minas-divulga-a-escala-de-pagamento-do-mes-de-dezembro","status":"publish","type":"post","link":"https:\/\/aconteceunovale.com.br\/portal\/?p=140386","title":{"rendered":"Governo de Minas divulga a escala de pagamento do m\u00eas de dezembro"},"content":{"rendered":"<p>Ap\u00f3s reuni\u00e3o com a Comiss\u00e3o de Acompanhamento da Folha de Pessoal, a Secretaria de Estado de Fazenda (SEF) de Minas Gerais divulgou, nesta sexta-feira (07\/12\/2018), a escala de pagamento do m\u00eas de dezembro.<\/p>\n<p>Segundo o Governo de Minas, o calend\u00e1rio apresentado aos representantes dos sindicatos dos servidores do Poder Executivo ficou assim estabelecido:<\/p>\n<p>&#8211; 1\u00aa parcela: dia 13\/12 (quinta-feira) \u2013 at\u00e9 R$ 2.000,00 para todos os servidores (ativos, inativos e pensionistas);<br \/>\n&#8211; 2\u00aa parcela: dia 28\/12 (sexta-feira) \u2013 o valor restante do sal\u00e1rio para todos os servidores (ativos, inativos e pensionistas).<\/p>\n<p>Nesta sexta-feira, tamb\u00e9m ficou definido um novo encontro da Comiss\u00e3o para tratar do 13\u00b0. A reuni\u00e3o est\u00e1 marcada para a semana que vem, dia 14.<\/p>\n<p><strong>VER PRIMEIRO<\/strong><\/p>\n<p>Receba as not\u00edcias do Aconteceu no Vale em primeira m\u00e3o. Clique em curtir no endere\u00e7o <a href=\"https:\/\/www.facebook.com\/aconteceunovale\" target=\"_blank\"><font color=\"red\">www.facebook.com\/aconteceunovale<\/font><\/a> ou no box abaixo:<\/p>\n<div class=\"fb-like\" data-href=\"https:\/\/www.facebook.com\/aconteceunovale\" data-width=\"120\" data-layout=\"standard\" data-action=\"like\" data-size=\"small\" data-show-faces=\"true\" data-share=\"true\"><\/div>\n<p><\/br><\/p>\n","protected":false},"excerpt":{"rendered":"<p>Ap\u00f3s reuni\u00e3o com a Comiss\u00e3o de Acompanhamento da Folha de Pessoal, a Secretaria de Estado de Fazenda (SEF) de Minas Gerais divulgou, nesta sexta-feira (07\/12\/2018), a escala de pagamento do m\u00eas de dezembro. Segundo o Governo de Minas, o calend\u00e1rio apresentado aos representantes dos sindicatos dos servidores do Poder Executivo ficou assim estabelecido: &#8211; 1\u00aa [&hellip;]<\/p>\n","protected":false},"author":1,"featured_media":137994,"comment_status":"open","ping_status":"closed","sticky":false,"template":"","format":"standard","meta":{"amp_status":"","footnotes":""},"categories":[123],"tags":[1018,188792,188793,179027,179026,188796,51191,188794,165569,188795,164996,177628,181408],"class_list":["post-140386","post","type-post","status-publish","format-standard","has-post-thumbnail","hentry","category-gerais","tag-destaque","tag-escala-de-pagamento-do-mes-de-dezembro-para-os-servidores-publicos","tag-escala-de-pagamento-do-mes-de-dezembro-para-os-servidores-publicos-de-minas-gerais","tag-escala-de-pagamento-governo-de-minas-gerais","tag-escala-governo-de-minas-gerais","tag-governo-de-minas-divulga-a-escala-de-pagamento-do-mes-de-dezembro","tag-governo-de-minas-gerais","tag-governo-de-minas-gerais-divulga-escala-de-pagamento-de-dezembro-aos-servidores","tag-pagamento-13o-governo-de-minas","tag-pagamento-dezembro-governo-de-minas","tag-pagamento-governo-de-minas-dezembro","tag-pagamento-governo-de-minas-gerais","tag-pagamento-salario-governo-de-minas-gerais"],"_links":{"self":[{"href":"https:\/\/aconteceunovale.com.br\/portal\/index.php?rest_route=\/wp\/v2\/posts\/140386","targetHints":{"allow":["GET"]}}],"collection":[{"href":"https:\/\/aconteceunovale.com.br\/portal\/index.php?rest_route=\/wp\/v2\/posts"}],"about":[{"href":"https:\/\/aconteceunovale.com.br\/portal\/index.php?rest_route=\/wp\/v2\/types\/post"}],"author":[{"embeddable":true,"href":"https:\/\/aconteceunovale.com.br\/portal\/index.php?rest_route=\/wp\/v2\/users\/1"}],"replies":[{"embeddable":true,"href":"https:\/\/aconteceunovale.com.br\/portal\/index.php?rest_route=%2Fwp%2Fv2%2Fcomments&post=140386"}],"version-history":[{"count":0,"href":"https:\/\/aconteceunovale.com.br\/portal\/index.php?rest_route=\/wp\/v2\/posts\/140386\/revisions"}],"wp:featuredmedia":[{"embeddable":true,"href":"https:\/\/aconteceunovale.com.br\/portal\/index.php?rest_route=\/wp\/v2\/media\/137994"}],"wp:attachment":[{"href":"https:\/\/aconteceunovale.com.br\/portal\/index.php?rest_route=%2Fwp%2Fv2%2Fmedia&parent=140386"}],"wp:term":[{"taxonomy":"category","embeddable":true,"href":"https:\/\/aconteceunovale.com.br\/portal\/index.php?rest_route=%2Fwp%2Fv2%2Fcategories&post=140386"},{"taxonomy":"post_tag","embeddable":true,"href":"https:\/\/aconteceunovale.com.br\/portal\/index.php?rest_route=%2Fwp%2Fv2%2Ftags&post=140386"}],"curies":[{"name":"wp","href":"https:\/\/api.w.org\/{rel}","templated":true}]}}