{"id":140378,"date":"2018-12-07T19:18:15","date_gmt":"2018-12-07T21:18:15","guid":{"rendered":"http:\/\/aconteceunovale.com.br\/portal\/?p=140378"},"modified":"2018-12-07T19:18:15","modified_gmt":"2018-12-07T21:18:15","slug":"colisao-entre-caminhoes-deixa-duas-pessoas-feridas-em-montes-claros","status":"publish","type":"post","link":"https:\/\/aconteceunovale.com.br\/portal\/?p=140378","title":{"rendered":"Colis\u00e3o entre caminh\u00f5es deixa duas pessoas feridas em Montes Claros"},"content":{"rendered":"<p>Um caminh\u00e3o que transportava telhas e metais colidiu contra a lateral de outro ve\u00edculo de carga no in\u00edcio da tarde desta sexta-feira (07\/12\/2018) no entroncamento entre as rodovias LMG-653 e BR-135, sa\u00edda de Montes Claros para Bocaiuva, no Norte de Minas. Segundo informa\u00e7\u00f5es da Pol\u00edcia Militar (PM), os dois condutores, de 29 e 38 anos, ficaram feridos. <\/p>\n<p>O motorista do caminh\u00e3o de telhas ficou preso entre \u00e0s ferragens e, ap\u00f3s ser desencarcerado pelo Corpo de Bombeiros, foi encaminhado ao Hospital Santa Casa de Montes Claros. O outro condutor, de 38 anos, foi levado para o Hospital Universit\u00e1rio Clemente de Faria e liberado, no fim da tarde desta sexta-feira, ap\u00f3s receber atendimento m\u00e9dico. <\/p>\n<p>A carga de telhas foi saqueada por moradores da regi\u00e3o, mas a PM conseguiu recuperar parte do material atrav\u00e9s de rastreamentos e den\u00fancias. A pista chegou a ficar parcialmente interditada por algumas horas, mas foi liberada por volta das 15h30. A din\u00e2mica do acidente deve ser investigada pelas autoridades.<\/p>\n<p><img decoding=\"async\" src=\"http:\/\/aconteceunovale.com.br\/portal\/wp-content\/uploads\/2018\/12\/acidente_moc_1.jpg\" alt=\"\" \/><em>Acidente aconteceu sa\u00edda de Montes Claros para Bocaiuva \u2014 Foto: Daniel Versiane\/DRV Imagens A\u00e9reas<\/em><br \/>\n<\/br><\/p>\n<p><img decoding=\"async\" src=\"http:\/\/aconteceunovale.com.br\/portal\/wp-content\/uploads\/2018\/12\/acidente_moc_2.jpg\" alt=\"\" \/><em>Os dois motoristas ficaram feridos \u2014 Foto: Daniel Versiane\/DRV Imagens A\u00e9reas<\/em><br \/>\n<\/br><\/p>\n<p><img decoding=\"async\" src=\"http:\/\/aconteceunovale.com.br\/portal\/wp-content\/uploads\/2018\/12\/acidente_moc_3.jpg\" alt=\"\" \/><em>Dois caminh\u00f5es se envolveram no acidente \u2014 Foto: Reprodu\u00e7\u00e3o\/Eventos Moc<\/em><br \/>\n<\/br><\/p>\n<p><img decoding=\"async\" src=\"http:\/\/aconteceunovale.com.br\/portal\/wp-content\/uploads\/2018\/12\/acidente_moc_4.jpg\" alt=\"\" \/><em>Um dos motoristas ficou preso \u00e0s ferragens \u2014 Foto: Reprodu\u00e7\u00e3o\/Eventos Moc<\/em><br \/>\n<\/br><\/p>\n<p><strong>VER PRIMEIRO<\/strong><\/p>\n<p>Receba as not\u00edcias do Aconteceu no Vale em primeira m\u00e3o. Clique em curtir no endere\u00e7o <a href=\"https:\/\/www.facebook.com\/aconteceunovale\" target=\"_blank\"><font color=\"red\">www.facebook.com\/aconteceunovale<\/font><\/a> ou no box abaixo:<\/p>\n<div class=\"fb-like\" data-href=\"https:\/\/www.facebook.com\/aconteceunovale\" data-width=\"120\" data-layout=\"standard\" data-action=\"like\" data-size=\"small\" data-show-faces=\"true\" data-share=\"true\"><\/div>\n<p><\/br><\/p>\n<p><em>(Fonte: G1 Grande Minas)<\/em><\/p>\n","protected":false},"excerpt":{"rendered":"<p>Um caminh\u00e3o que transportava telhas e metais colidiu contra a lateral de outro ve\u00edculo de carga no in\u00edcio da tarde desta sexta-feira (07\/12\/2018) no entroncamento entre as rodovias LMG-653 e BR-135, sa\u00edda de Montes Claros para Bocaiuva, no Norte de Minas. Segundo informa\u00e7\u00f5es da Pol\u00edcia Militar (PM), os dois condutores, de 29 e 38 anos, [&hellip;]<\/p>\n","protected":false},"author":1,"featured_media":140382,"comment_status":"open","ping_status":"closed","sticky":false,"template":"","format":"standard","meta":{"amp_status":"","footnotes":""},"categories":[1236],"tags":[188787,16673,188784,188785,136728,188791,188790,188788,188786,1247,188789,1018,143479,210],"class_list":["post-140378","post","type-post","status-publish","format-standard","has-post-thumbnail","hentry","category-norte_de_minas","tag-acidente-com-caminhao-de-telha-em-montes-claros","tag-acidente-em-montes-claros","tag-acidente-em-trevo-de-montes-claros","tag-acidente-em-trevo-perto-de-montes-claros","tag-acidente-entre-caminhoes-em-montes-claros","tag-acidente-entre-caminhoes-na-saida-de-montes-claros-para-bocaiuva","tag-acidente-na-saida-de-montes-claros-para-bocaiuva","tag-acidente-no-entroncamento-da-br-135-com-a-lmg-653","tag-acidente-no-trevo-da-lmg-653-com-br-135","tag-br-135","tag-colisao-entre-caminhoes-deixa-duas-pessoas-feridas-em-montes-claros","tag-destaque","tag-lmg-653","tag-montes-claros"],"_links":{"self":[{"href":"https:\/\/aconteceunovale.com.br\/portal\/index.php?rest_route=\/wp\/v2\/posts\/140378","targetHints":{"allow":["GET"]}}],"collection":[{"href":"https:\/\/aconteceunovale.com.br\/portal\/index.php?rest_route=\/wp\/v2\/posts"}],"about":[{"href":"https:\/\/aconteceunovale.com.br\/portal\/index.php?rest_route=\/wp\/v2\/types\/post"}],"author":[{"embeddable":true,"href":"https:\/\/aconteceunovale.com.br\/portal\/index.php?rest_route=\/wp\/v2\/users\/1"}],"replies":[{"embeddable":true,"href":"https:\/\/aconteceunovale.com.br\/portal\/index.php?rest_route=%2Fwp%2Fv2%2Fcomments&post=140378"}],"version-history":[{"count":0,"href":"https:\/\/aconteceunovale.com.br\/portal\/index.php?rest_route=\/wp\/v2\/posts\/140378\/revisions"}],"wp:featuredmedia":[{"embeddable":true,"href":"https:\/\/aconteceunovale.com.br\/portal\/index.php?rest_route=\/wp\/v2\/media\/140382"}],"wp:attachment":[{"href":"https:\/\/aconteceunovale.com.br\/portal\/index.php?rest_route=%2Fwp%2Fv2%2Fmedia&parent=140378"}],"wp:term":[{"taxonomy":"category","embeddable":true,"href":"https:\/\/aconteceunovale.com.br\/portal\/index.php?rest_route=%2Fwp%2Fv2%2Fcategories&post=140378"},{"taxonomy":"post_tag","embeddable":true,"href":"https:\/\/aconteceunovale.com.br\/portal\/index.php?rest_route=%2Fwp%2Fv2%2Ftags&post=140378"}],"curies":[{"name":"wp","href":"https:\/\/api.w.org\/{rel}","templated":true}]}}