{"id":140366,"date":"2018-12-07T11:20:31","date_gmt":"2018-12-07T13:20:31","guid":{"rendered":"http:\/\/aconteceunovale.com.br\/portal\/?p=140366"},"modified":"2018-12-07T11:20:31","modified_gmt":"2018-12-07T13:20:31","slug":"operador-de-trator-morre-em-acidente-no-vale-do-rio-doce","status":"publish","type":"post","link":"https:\/\/aconteceunovale.com.br\/portal\/?p=140366","title":{"rendered":"Operador de trator morre em acidente no Vale do Rio Doce"},"content":{"rendered":"<p>Um homem de 41 anos morreu em um acidente nessa quinta-feira (06\/12\/2018) ap\u00f3s perder o controle da retroescavadeira que conduzia e cair em um barranco de mais de 100 metros na zona rural de Santa Rita do Itueto, no Vale do Rio Doce.<\/p>\n<p>Segundo informa\u00e7\u00f5es da Pol\u00edcia Militar (PM), Lindomar Mageski Cordeiro trabalhava em uma pedreira na Comunidade C\u00f3rrego \u00c1gua Limpa. A v\u00edtima ficou gravemente ferida e veio a \u00f3bito no local. <\/p>\n<p>A Per\u00edcia T\u00e9cnica da Pol\u00edcia Civil esteve no local e liberou o corpo para o Instituto M\u00e9dico Legal (IML) de Governador Valadares. As causas do acidente ser\u00e3o investigadas.<\/p>\n<p><img decoding=\"async\" src=\"http:\/\/aconteceunovale.com.br\/portal\/wp-content\/uploads\/2018\/12\/acidente_retro.jpg\" alt=\"\" \/><em>Acidente aconteceu em Santa Rita do Itueto \u2014 Foto: Silvana Dietrich\/Reprodu\u00e7\u00e3o<\/em><br \/>\n<\/br><\/p>\n<p><strong>VER PRIMEIRO<\/strong><\/p>\n<p>Receba as not\u00edcias do Aconteceu no Vale em primeira m\u00e3o. Clique em curtir no endere\u00e7o <a href=\"https:\/\/www.facebook.com\/aconteceunovale\" target=\"_blank\"><font color=\"red\">www.facebook.com\/aconteceunovale<\/font><\/a> ou no box abaixo:<\/p>\n<div class=\"fb-like\" data-href=\"https:\/\/www.facebook.com\/aconteceunovale\" data-width=\"120\" data-layout=\"standard\" data-action=\"like\" data-size=\"small\" data-show-faces=\"true\" data-share=\"true\"><\/div>\n<p><\/br><\/p>\n<p><em>(Fonte: G1 Vales)<\/em><\/p>\n","protected":false},"excerpt":{"rendered":"<p>Um homem de 41 anos morreu em um acidente nessa quinta-feira (06\/12\/2018) ap\u00f3s perder o controle da retroescavadeira que conduzia e cair em um barranco de mais de 100 metros na zona rural de Santa Rita do Itueto, no Vale do Rio Doce. Segundo informa\u00e7\u00f5es da Pol\u00edcia Militar (PM), Lindomar Mageski Cordeiro trabalhava em uma [&hellip;]<\/p>\n","protected":false},"author":1,"featured_media":140367,"comment_status":"open","ping_status":"closed","sticky":false,"template":"","format":"standard","meta":{"amp_status":"","footnotes":""},"categories":[121],"tags":[188763,188762,188764,123090,188766,1018,247,188765,188768,188770,188769,188767,314],"class_list":["post-140366","post","type-post","status-publish","format-standard","has-post-thumbnail","hentry","category-leste","tag-acidente-com-retroescavadeira-em-santa-rita-do-itueto","tag-acidente-com-trator-em-santa-rita-do-itueto","tag-acidente-com-tratorista-em-santa-rita-do-itueto","tag-acidente-em-santa-rita-do-itueto","tag-comunidade-corrego-agua-limpa","tag-destaque","tag-governador-valadares","tag-lindomar-mageski-cordeirolindomar-mageski-cordeiro","tag-operador-de-trator-morre-em-acidente-na-zona-rural-de-santa-rita-do-itueto","tag-operador-de-trator-morre-em-acidente-no-leste-de-minas","tag-operador-de-trator-morre-em-acidente-no-municipio-de-santa-rita-do-itueto","tag-operador-de-trator-morre-em-acidente-no-vale-do-rio-doce","tag-santa-rita-do-itueto"],"_links":{"self":[{"href":"https:\/\/aconteceunovale.com.br\/portal\/index.php?rest_route=\/wp\/v2\/posts\/140366","targetHints":{"allow":["GET"]}}],"collection":[{"href":"https:\/\/aconteceunovale.com.br\/portal\/index.php?rest_route=\/wp\/v2\/posts"}],"about":[{"href":"https:\/\/aconteceunovale.com.br\/portal\/index.php?rest_route=\/wp\/v2\/types\/post"}],"author":[{"embeddable":true,"href":"https:\/\/aconteceunovale.com.br\/portal\/index.php?rest_route=\/wp\/v2\/users\/1"}],"replies":[{"embeddable":true,"href":"https:\/\/aconteceunovale.com.br\/portal\/index.php?rest_route=%2Fwp%2Fv2%2Fcomments&post=140366"}],"version-history":[{"count":0,"href":"https:\/\/aconteceunovale.com.br\/portal\/index.php?rest_route=\/wp\/v2\/posts\/140366\/revisions"}],"wp:featuredmedia":[{"embeddable":true,"href":"https:\/\/aconteceunovale.com.br\/portal\/index.php?rest_route=\/wp\/v2\/media\/140367"}],"wp:attachment":[{"href":"https:\/\/aconteceunovale.com.br\/portal\/index.php?rest_route=%2Fwp%2Fv2%2Fmedia&parent=140366"}],"wp:term":[{"taxonomy":"category","embeddable":true,"href":"https:\/\/aconteceunovale.com.br\/portal\/index.php?rest_route=%2Fwp%2Fv2%2Fcategories&post=140366"},{"taxonomy":"post_tag","embeddable":true,"href":"https:\/\/aconteceunovale.com.br\/portal\/index.php?rest_route=%2Fwp%2Fv2%2Ftags&post=140366"}],"curies":[{"name":"wp","href":"https:\/\/api.w.org\/{rel}","templated":true}]}}