{"id":140356,"date":"2018-12-06T22:44:42","date_gmt":"2018-12-07T00:44:42","guid":{"rendered":"http:\/\/aconteceunovale.com.br\/portal\/?p=140356"},"modified":"2018-12-06T22:44:42","modified_gmt":"2018-12-07T00:44:42","slug":"condenado-por-estupro-e-preso-pela-prf-em-teofilo-otoni","status":"publish","type":"post","link":"https:\/\/aconteceunovale.com.br\/portal\/?p=140356","title":{"rendered":"Condenado por estupro \u00e9 preso pela PRF em Te\u00f3filo Otoni"},"content":{"rendered":"<p>Um homem de 48 anos foi preso nesta quinta-feira (06\/12\/2018) na BR-116, em Te\u00f3filo Otoni, durante uma fiscaliza\u00e7\u00e3o da Pol\u00edcia Rodovi\u00e1ria Federal. Ele teve seu ve\u00edculo parado e ap\u00f3s conferirem a documenta\u00e7\u00e3o, a PRF constatou que havia um mandando de pris\u00e3o pendente de cumprimento, expedido pela Comarca de Te\u00f3filo Otoni, por estupro.<\/p>\n<p>De acordo com a PRF, o homem tem nove anos de pena a cumprir pela condena\u00e7\u00e3o. Morador da zona rural de Te\u00f3filo Otoni, ele foi conduzido \u00e0 Delegacia de Pol\u00edcia Civil e posteriormente encaminhado para o imediato cumprimento da pena em pres\u00eddio.<\/p>\n<p><img decoding=\"async\" src=\"http:\/\/aconteceunovale.com.br\/portal\/wp-content\/uploads\/2018\/12\/preso_prf_to.jpeg\" alt=\"\" \/><em>Homem foi preso durante fiscaliza\u00e7\u00e3o da PRF \u2014 Foto: PRF\/Divulga\u00e7\u00e3o<\/em><br \/>\n<\/br><\/p>\n<p><strong>VER PRIMEIRO<\/strong><\/p>\n<p>Receba as not\u00edcias do Aconteceu no Vale em primeira m\u00e3o. Clique em curtir no endere\u00e7o <a href=\"https:\/\/www.facebook.com\/aconteceunovale\" target=\"_blank\"><font color=\"red\">www.facebook.com\/aconteceunovale<\/font><\/a> ou no box abaixo:<\/p>\n<div class=\"fb-like\" data-href=\"https:\/\/www.facebook.com\/aconteceunovale\" data-width=\"120\" data-layout=\"standard\" data-action=\"like\" data-size=\"small\" data-show-faces=\"true\" data-share=\"true\"><\/div>\n<p><\/br><\/p>\n<p><em>(Fonte: G1 Vales)<\/em><\/p>\n","protected":false},"excerpt":{"rendered":"<p>Um homem de 48 anos foi preso nesta quinta-feira (06\/12\/2018) na BR-116, em Te\u00f3filo Otoni, durante uma fiscaliza\u00e7\u00e3o da Pol\u00edcia Rodovi\u00e1ria Federal. Ele teve seu ve\u00edculo parado e ap\u00f3s conferirem a documenta\u00e7\u00e3o, a PRF constatou que havia um mandando de pris\u00e3o pendente de cumprimento, expedido pela Comarca de Te\u00f3filo Otoni, por estupro. De acordo com [&hellip;]<\/p>\n","protected":false},"author":1,"featured_media":140357,"comment_status":"open","ping_status":"closed","sticky":false,"template":"","format":"standard","meta":{"amp_status":"","footnotes":""},"categories":[122],"tags":[188757,55758,79096,143883,55754,164],"class_list":["post-140356","post","type-post","status-publish","format-standard","has-post-thumbnail","hentry","category-mucuri","tag-condenado-por-estupro-e-preso-pela-prf-em-teofilo-otoni","tag-estuprador-preso-em-teofilo-otoni","tag-preso-em-teofilo-otoni","tag-preso-pela-prf-em-teofilo-otoni","tag-preso-por-estupro-em-teofilo-otoni","tag-teofilo-otoni"],"_links":{"self":[{"href":"https:\/\/aconteceunovale.com.br\/portal\/index.php?rest_route=\/wp\/v2\/posts\/140356","targetHints":{"allow":["GET"]}}],"collection":[{"href":"https:\/\/aconteceunovale.com.br\/portal\/index.php?rest_route=\/wp\/v2\/posts"}],"about":[{"href":"https:\/\/aconteceunovale.com.br\/portal\/index.php?rest_route=\/wp\/v2\/types\/post"}],"author":[{"embeddable":true,"href":"https:\/\/aconteceunovale.com.br\/portal\/index.php?rest_route=\/wp\/v2\/users\/1"}],"replies":[{"embeddable":true,"href":"https:\/\/aconteceunovale.com.br\/portal\/index.php?rest_route=%2Fwp%2Fv2%2Fcomments&post=140356"}],"version-history":[{"count":0,"href":"https:\/\/aconteceunovale.com.br\/portal\/index.php?rest_route=\/wp\/v2\/posts\/140356\/revisions"}],"wp:featuredmedia":[{"embeddable":true,"href":"https:\/\/aconteceunovale.com.br\/portal\/index.php?rest_route=\/wp\/v2\/media\/140357"}],"wp:attachment":[{"href":"https:\/\/aconteceunovale.com.br\/portal\/index.php?rest_route=%2Fwp%2Fv2%2Fmedia&parent=140356"}],"wp:term":[{"taxonomy":"category","embeddable":true,"href":"https:\/\/aconteceunovale.com.br\/portal\/index.php?rest_route=%2Fwp%2Fv2%2Fcategories&post=140356"},{"taxonomy":"post_tag","embeddable":true,"href":"https:\/\/aconteceunovale.com.br\/portal\/index.php?rest_route=%2Fwp%2Fv2%2Ftags&post=140356"}],"curies":[{"name":"wp","href":"https:\/\/api.w.org\/{rel}","templated":true}]}}