{"id":140351,"date":"2018-12-06T21:46:21","date_gmt":"2018-12-06T23:46:21","guid":{"rendered":"http:\/\/aconteceunovale.com.br\/portal\/?p=140351"},"modified":"2018-12-06T21:46:21","modified_gmt":"2018-12-06T23:46:21","slug":"damares-alves-assumira-ministerio-da-mulher-familia-e-direitos-humanos","status":"publish","type":"post","link":"https:\/\/aconteceunovale.com.br\/portal\/?p=140351","title":{"rendered":"Damares Alves assumir\u00e1 Minist\u00e9rio da Mulher, Fam\u00edlia e Direitos Humanos"},"content":{"rendered":"<p>A advogada Damares Alves assumir\u00e1 o Minist\u00e9rio da Mulher, Fam\u00edlia e Direitos Humanos. O nome foi anunciado hoje (6) pelo ministro extraordin\u00e1rio da transi\u00e7\u00e3o, Onyx Lorenzoni, confirmado para a Casa Civil. Assessora do senador Magno Malta (PR-ES), Damares comandar\u00e1 a pasta que ser\u00e1 criada no governo de Jair Bolsonaro, a partir de janeiro.<\/p>\n<p>O novo minist\u00e9rio tamb\u00e9m vai agregar ainda Funda\u00e7\u00e3o Nacional do \u00cdndio (Funai), respons\u00e1vel pela demarca\u00e7\u00e3o de terras ind\u00edgenas e pol\u00edticas voltadas para esses povos.<\/p>\n<p>Com este an\u00fancio, a equipe ministerial j\u00e1 conta com 21 ministros. Segundo Onyx Lorenzoni, o presidente eleito continua refletindo sobre a escolha para o Minist\u00e9rio do Meio Ambiente, a \u00faltima pasta a ter o titular definido.<\/p>\n<p>Apoiada por setores evang\u00e9licos, Damares Alves, que tamb\u00e9m \u00e9 pastora, afirmou que ter\u00e1 como prioridade as pol\u00edticas p\u00fablicas para mulheres. Segunda ela, o objetivo \u00e9 avan\u00e7ar nas metas que ainda n\u00e3o foram alcan\u00e7adas e prop\u00f4s um pacto nacional pela inf\u00e2ncia.<\/p>\n<p>&#8220;A pasta \u00e9 muito grande, muito ampla e agora a gente est\u00e1 trazendo para a pasta a Funai. N\u00f3s vamos trazer para o protagonismo pol\u00edticas p\u00fablicas que ainda n\u00e3o chegaram at\u00e9 \u00e0s mulheres, e \u00e0s mulheres que ainda n\u00e3o foram alcan\u00e7adas pelas pol\u00edticas p\u00fablicas.\u201d<\/p>\n<p>De acordo com Damares Alves, a prioridade ser\u00e1 para a \u201cmulher ribeirinha, a mulher pescadora, a mulher catadora de siri, a quebradora de coco\u201d. \u201cEssas mulheres que est\u00e3o an\u00f4nimas e invis\u00edveis, elas vir\u00e3o para o protagonismo nessa pasta. Na quest\u00e3o da inf\u00e2ncia, vamos dar uma aten\u00e7\u00e3o especial, porque est\u00e1 vindo para a pasta tamb\u00e9m a Secretaria da Inf\u00e2ncia, e o objetivo \u00e9 propor para a Na\u00e7\u00e3o um grande impacto pela inf\u00e2ncia, um pacto de verdade pela inf\u00e2ncia&#8221;, disse.<\/p>\n<p><img decoding=\"async\" src=\"http:\/\/aconteceunovale.com.br\/portal\/wp-content\/uploads\/2018\/12\/damares_alves.jpg\" alt=\"\" \/><em>Damares Alves (Foto: Valter Campanato\/Ag\u00eancia Brasil)<\/em><br \/>\n<\/br><\/p>\n<p><strong>Funai<\/strong><\/p>\n<p>A futura ministra negou que dificuldades e controv\u00e9rsias envolvendo a Funai ser\u00e3o problemas. &#8220;Funai n\u00e3o \u00e9 problema neste governo, \u00edndio n\u00e3o \u00e9 problema. O presidente s\u00f3 estava esperando o melhor lugar para colocar a Funai. E n\u00f3s entendemos que \u00e9 o Minist\u00e9rio dos Direitos Humanos, porque \u00edndio \u00e9 gente, e \u00edndio precisa ser visto de uma forma como um todo. \u00cdndio n\u00e3o \u00e9 s\u00f3 terra, \u00edndio tamb\u00e9m \u00e9 gente&#8221;, afirmou.<\/p>\n<p>Pela manh\u00e3, ind\u00edgenas de diversas etnias, vinculados \u00e0 Articula\u00e7\u00e3o de Povos Ind\u00edgenas do Brasil (Apib), estiveram no Centro Cultural Banco do Brasil (CCBB) e protestaram contra a desvincula\u00e7\u00e3o da Funai do Minist\u00e9rio da Justi\u00e7a.<\/p>\n<p>Os ind\u00edgenas entregaram uma carta a integrantes do governo de transi\u00e7\u00e3o. Dois representantes do grupo se reuniram com integrantes do futuro governo. Segundo os ind\u00edgenas, a manuten\u00e7\u00e3o da autarquia na pasta da Justi\u00e7a daria mais seguran\u00e7a na defesa de seus direitos.<\/p>\n<p><strong>VER PRIMEIRO<\/strong><\/p>\n<p>Receba as not\u00edcias do Aconteceu no Vale em primeira m\u00e3o. Clique em curtir no endere\u00e7o <a href=\"https:\/\/www.facebook.com\/aconteceunovale\" target=\"_blank\"><font color=\"red\">www.facebook.com\/aconteceunovale<\/font><\/a> ou no box abaixo:<\/p>\n<div class=\"fb-like\" data-href=\"https:\/\/www.facebook.com\/aconteceunovale\" data-width=\"120\" data-layout=\"standard\" data-action=\"like\" data-size=\"small\" data-show-faces=\"true\" data-share=\"true\"><\/div>\n<p><\/br><\/p>\n<p><em>(Fonte: Ag\u00eancia Brasil)<\/em><\/p>\n","protected":false},"excerpt":{"rendered":"<p>A advogada Damares Alves assumir\u00e1 o Minist\u00e9rio da Mulher, Fam\u00edlia e Direitos Humanos. O nome foi anunciado hoje (6) pelo ministro extraordin\u00e1rio da transi\u00e7\u00e3o, Onyx Lorenzoni, confirmado para a Casa Civil. Assessora do senador Magno Malta (PR-ES), Damares comandar\u00e1 a pasta que ser\u00e1 criada no governo de Jair Bolsonaro, a partir de janeiro. O novo [&hellip;]<\/p>\n","protected":false},"author":1,"featured_media":140352,"comment_status":"open","ping_status":"closed","sticky":false,"template":"","format":"standard","meta":{"amp_status":"","footnotes":""},"categories":[6,40240],"tags":[100375,188750,188755,186292,41171,184405,185100,184659,26436,188752,188751,188753,188754,182994,186182],"class_list":["post-140351","post","type-post","status-publish","format-standard","has-post-thumbnail","hentry","category-br","category-politica-2","tag-bolsonaro","tag-damares-alves","tag-damares-alves-assumira-ministerio-da-mulher-familia-e-direitos-humanos","tag-equipe-bolsonaro","tag-funai","tag-governo-bolsonaro","tag-governo-de-transicao","tag-governo-jair-bolsonaro","tag-jair-bolsonaro","tag-ministerio-da-familia","tag-ministerio-da-mulher","tag-ministerio-dos-direitos-humanos","tag-ministra-damares-alves","tag-ministros-de-bolsonaro","tag-ministros-governo-bolsonaro"],"_links":{"self":[{"href":"https:\/\/aconteceunovale.com.br\/portal\/index.php?rest_route=\/wp\/v2\/posts\/140351","targetHints":{"allow":["GET"]}}],"collection":[{"href":"https:\/\/aconteceunovale.com.br\/portal\/index.php?rest_route=\/wp\/v2\/posts"}],"about":[{"href":"https:\/\/aconteceunovale.com.br\/portal\/index.php?rest_route=\/wp\/v2\/types\/post"}],"author":[{"embeddable":true,"href":"https:\/\/aconteceunovale.com.br\/portal\/index.php?rest_route=\/wp\/v2\/users\/1"}],"replies":[{"embeddable":true,"href":"https:\/\/aconteceunovale.com.br\/portal\/index.php?rest_route=%2Fwp%2Fv2%2Fcomments&post=140351"}],"version-history":[{"count":0,"href":"https:\/\/aconteceunovale.com.br\/portal\/index.php?rest_route=\/wp\/v2\/posts\/140351\/revisions"}],"wp:featuredmedia":[{"embeddable":true,"href":"https:\/\/aconteceunovale.com.br\/portal\/index.php?rest_route=\/wp\/v2\/media\/140352"}],"wp:attachment":[{"href":"https:\/\/aconteceunovale.com.br\/portal\/index.php?rest_route=%2Fwp%2Fv2%2Fmedia&parent=140351"}],"wp:term":[{"taxonomy":"category","embeddable":true,"href":"https:\/\/aconteceunovale.com.br\/portal\/index.php?rest_route=%2Fwp%2Fv2%2Fcategories&post=140351"},{"taxonomy":"post_tag","embeddable":true,"href":"https:\/\/aconteceunovale.com.br\/portal\/index.php?rest_route=%2Fwp%2Fv2%2Ftags&post=140351"}],"curies":[{"name":"wp","href":"https:\/\/api.w.org\/{rel}","templated":true}]}}