{"id":140293,"date":"2018-12-05T09:56:16","date_gmt":"2018-12-05T11:56:16","guid":{"rendered":"http:\/\/aconteceunovale.com.br\/portal\/?p=140293"},"modified":"2018-12-05T09:56:16","modified_gmt":"2018-12-05T11:56:16","slug":"sinal-analogico-de-tv-comeca-a-ser-desligado-em-municipios-do-interior","status":"publish","type":"post","link":"https:\/\/aconteceunovale.com.br\/portal\/?p=140293","title":{"rendered":"Sinal anal\u00f3gico de TV come\u00e7a a ser desligado em munic\u00edpios do interior"},"content":{"rendered":"<p>O sinal anal\u00f3gico de TV come\u00e7a a ser desligado hoje (5) em munic\u00edpios das regi\u00f5es Nordeste, Norte, Centro-Oeste, Sul e Sudeste. A medida vai atingir cerca de 80 munic\u00edpios. De acordo com o Grupo de Implanta\u00e7\u00e3o do Processo de Redistribui\u00e7\u00e3o e Digitaliza\u00e7\u00e3o de Canais de TV e RTV (Gired), respons\u00e1vel por acompanhar o desligamento do sinal anal\u00f3gico no pa\u00eds, o prazo vai at\u00e9 o dia 12 deste m\u00eas no caso de alguns munic\u00edpios.<\/p>\n<p>O grupo decidiu estender os prazos onde ainda n\u00e3o foi atingido o percentual m\u00ednimo de 90% dos domic\u00edlios com sinal digital. Segundo a Ag\u00eancia Nacional de Telecomunica\u00e7\u00f5es (Anatel), que coordena o Gired, \u201ca an\u00e1lise da curva de tend\u00eancia dos munic\u00edpios que ainda n\u00e3o atingiram a condi\u00e7\u00e3o para o desligamento permite concluir que o percentual necess\u00e1rio poder\u00e1 ser alcan\u00e7ado em poucos dias\u201d.<\/p>\n<p>Entre as cidades que ter\u00e3o o sinal anal\u00f3gico de TV desligado est\u00e3o: Campina Grande (PB), Feira de Santana (BA), Uberaba (MG) e Vit\u00f3ria da Conquista (BA), com desligamento no dia 5; Blumenau (SC), Caruaru (PE), Imperatriz (MA), Rondon\u00f3polis (MT), Santa Maria (RS), Uberl\u00e2ndia (MG), Jaragu\u00e1 do Sul (SC), Joinville (SC) e Juiz de Fora (MG), onde o desligamento termina 17; Dourados (MS), Governador Valadares (MG), Mossor\u00f3 (RN), Marab\u00e1 (PA), Parna\u00edba (PI) e Petrolina (PE), cujo desligamento termina no domingo (09).<\/p>\n<p>No \u00faltimo dia 28, foi desligado o sinal anal\u00f3gico no oeste do Paran\u00e1 e sul do Rio Grande do Sul. Na mesma data, teve in\u00edcio o desligamento no interior do Rio de Janeiro e no interior de S\u00e3o Paulo, cujo t\u00e9rmino est\u00e1 marcado para 12 de dezembro.<\/p>\n<p>Com o desligamento do sinal anal\u00f3gico, haver\u00e1 a libera\u00e7\u00e3o da faixa de 700 MHz, atualmente ocupada por canais de TV aberta. Essa frequ\u00eancia ser\u00e1 utilizada para ampliar o servi\u00e7o de telefonia e internet de quarta gera\u00e7\u00e3o (4G) no Brasil.<\/p>\n<p>Antes da libera\u00e7\u00e3o, ser\u00e1 feita uma campanha de mitiga\u00e7\u00e3o para informar a popula\u00e7\u00e3o sobre como agir em caso de interfer\u00eancia do sinal da banda larga m\u00f3vel na TV aberta digital. O per\u00edodo de mitiga\u00e7\u00e3o dura, em m\u00e9dia, 30 dias. Ap\u00f3s o t\u00e9rmino desse processo, a Anatel libera o uso da  faixa de 700 MHz.<\/p>\n<p>&#8220;Os benefici\u00e1rios de programas sociais do governo federal (como  Bolsa Fam\u00edlia, Minha Casa Minha Vida e Tarifa Social de Energia El\u00e9trica) t\u00eam direito ao recebimento de um kit gratuito (com antena e conversor). Os benefici\u00e1rios devem agendar a retirada do kit no site <a href=\"http:\/\/www.sejadigital.com.br\/home\" target=\"_blank\">www.sejadigital.com.br<\/a> ou ligar no 147. Ser\u00e3o distribu\u00eddos 280 mil kits no m\u00eas de novembro&#8221;, informou a Anatel.<\/p>\n<p><strong>VER PRIMEIRO<\/strong><\/p>\n<p>Receba as not\u00edcias do Aconteceu no Vale em primeira m\u00e3o. Clique em curtir no endere\u00e7o <a href=\"https:\/\/www.facebook.com\/aconteceunovale\" target=\"_blank\"><font color=\"red\">www.facebook.com\/aconteceunovale<\/font><\/a> ou no box abaixo:<\/p>\n<div class=\"fb-like\" data-href=\"https:\/\/www.facebook.com\/aconteceunovale\" data-width=\"120\" data-layout=\"standard\" data-action=\"like\" data-size=\"small\" data-show-faces=\"true\" data-share=\"true\"><\/div>\n<p><\/br><\/p>\n<p><em>(Fonte: Ag\u00eancia Brasil)<\/em><\/p>\n","protected":false},"excerpt":{"rendered":"<p>O sinal anal\u00f3gico de TV come\u00e7a a ser desligado hoje (5) em munic\u00edpios das regi\u00f5es Nordeste, Norte, Centro-Oeste, Sul e Sudeste. A medida vai atingir cerca de 80 munic\u00edpios. De acordo com o Grupo de Implanta\u00e7\u00e3o do Processo de Redistribui\u00e7\u00e3o e Digitaliza\u00e7\u00e3o de Canais de TV e RTV (Gired), respons\u00e1vel por acompanhar o desligamento do [&hellip;]<\/p>\n","protected":false},"author":1,"featured_media":130790,"comment_status":"open","ping_status":"closed","sticky":false,"template":"","format":"standard","meta":{"amp_status":"","footnotes":""},"categories":[6,121,123],"tags":[19797,188649,188648,188647,247,206,25195,188646,188645,39727,221],"class_list":["post-140293","post","type-post","status-publish","format-standard","has-post-thumbnail","hentry","category-br","category-leste","category-gerais","tag-anatel","tag-cidades-que-terao-o-sinal-analogico-de-tv-desligado","tag-desligamento","tag-desligamento-do-sinal-analogico-de-tv","tag-governador-valadares","tag-juiz-de-fora","tag-sinal-analogico","tag-sinal-analogico-de-tv","tag-sinal-analogico-de-tv-comeca-a-ser-desligado-em-municipios-do-interior","tag-tv","tag-uberlandia"],"_links":{"self":[{"href":"https:\/\/aconteceunovale.com.br\/portal\/index.php?rest_route=\/wp\/v2\/posts\/140293","targetHints":{"allow":["GET"]}}],"collection":[{"href":"https:\/\/aconteceunovale.com.br\/portal\/index.php?rest_route=\/wp\/v2\/posts"}],"about":[{"href":"https:\/\/aconteceunovale.com.br\/portal\/index.php?rest_route=\/wp\/v2\/types\/post"}],"author":[{"embeddable":true,"href":"https:\/\/aconteceunovale.com.br\/portal\/index.php?rest_route=\/wp\/v2\/users\/1"}],"replies":[{"embeddable":true,"href":"https:\/\/aconteceunovale.com.br\/portal\/index.php?rest_route=%2Fwp%2Fv2%2Fcomments&post=140293"}],"version-history":[{"count":0,"href":"https:\/\/aconteceunovale.com.br\/portal\/index.php?rest_route=\/wp\/v2\/posts\/140293\/revisions"}],"wp:featuredmedia":[{"embeddable":true,"href":"https:\/\/aconteceunovale.com.br\/portal\/index.php?rest_route=\/wp\/v2\/media\/130790"}],"wp:attachment":[{"href":"https:\/\/aconteceunovale.com.br\/portal\/index.php?rest_route=%2Fwp%2Fv2%2Fmedia&parent=140293"}],"wp:term":[{"taxonomy":"category","embeddable":true,"href":"https:\/\/aconteceunovale.com.br\/portal\/index.php?rest_route=%2Fwp%2Fv2%2Fcategories&post=140293"},{"taxonomy":"post_tag","embeddable":true,"href":"https:\/\/aconteceunovale.com.br\/portal\/index.php?rest_route=%2Fwp%2Fv2%2Ftags&post=140293"}],"curies":[{"name":"wp","href":"https:\/\/api.w.org\/{rel}","templated":true}]}}