{"id":140159,"date":"2018-12-02T19:41:46","date_gmt":"2018-12-02T21:41:46","guid":{"rendered":"http:\/\/aconteceunovale.com.br\/portal\/?p=140159"},"modified":"2018-12-02T19:41:46","modified_gmt":"2018-12-02T21:41:46","slug":"carreta-cai-em-barranco-de-70-metros-no-norte-de-minas","status":"publish","type":"post","link":"https:\/\/aconteceunovale.com.br\/portal\/?p=140159","title":{"rendered":"Carreta cai em barranco de 70 metros no Norte de Minas"},"content":{"rendered":"<p>Uma carreta carregada com embalagens pl\u00e1sticas caiu numa ribanceira e o motorista, identificado pelas iniciais M.B.S, de 42 anos, precisou ser socorrido pelos bombeiros numa opera\u00e7\u00e3o de resgate em \u00e1rea de dif\u00edcil acesso. O acidente aconteceu na rodovia BR-251, pr\u00f3ximo a Fruta de Leite, na regi\u00e3o Norte de Minas Gerais, por volta das 8h30 de s\u00e1bado (01\/12\/2018).<\/p>\n<p>A carreta licenciada em S\u00e3o Paulo saiu da pista na altura do quil\u00f4metro 345, sentido Montes Claros, pr\u00f3ximo ao trevo da cidade de Fruta de Leite. Segundo relatos de testemunhas, ap\u00f3s o motorista perder o controle da dire\u00e7\u00e3o, o ve\u00edculo veio a cair em um barranco de aproximadamente 70 metros de altura \u00e0s margens da via.<\/p>\n<p>A v\u00edtima n\u00e3o se encontrava presa \u00e0s ferragens, apresentando escoria\u00e7\u00f5es e fraturas nos membros inferiores. Foi necess\u00e1ria a imobiliza\u00e7\u00e3o do caminhoneiro pela guarni\u00e7\u00e3o dos bombeiros, bem como seu i\u00e7amento atrav\u00e9s de um sistema de redu\u00e7\u00e3o de for\u00e7as com cordas que permitisse a subida controlada e segura no aclive.<\/p>\n<p>Ap\u00f3s a retirada do motorista, ele foi socorrido por uma equipe do Servi\u00e7o de Atendimento M\u00f3vel de Urg\u00eancia (SAMU). A v\u00edtima foi levada para o pronto-atendimento de Salinas, mas n\u00e3o corre risco de morrer.<\/p>\n<p><img decoding=\"async\" src=\"http:\/\/aconteceunovale.com.br\/portal\/wp-content\/uploads\/2018\/12\/acidente_carreta_251.jpg\" alt=\"\" \/><em>Carreta caiu em barranco de aproximadamente 70 metros (Foto: Corpo de Bombeiros)<\/em><br \/>\n<\/br><\/p>\n<p><strong>VER PRIMEIRO<\/strong><\/p>\n<p>Receba as not\u00edcias do Aconteceu no Vale em primeira m\u00e3o. Clique em curtir no endere\u00e7o <a href=\"https:\/\/www.facebook.com\/aconteceunovale\" target=\"_blank\"><font color=\"red\">www.facebook.com\/aconteceunovale<\/font><\/a> ou no box abaixo:<\/p>\n<div class=\"fb-like\" data-href=\"https:\/\/www.facebook.com\/aconteceunovale\" data-width=\"120\" data-layout=\"standard\" data-action=\"like\" data-size=\"small\" data-show-faces=\"true\" data-share=\"true\"><\/div>\n<p><\/br><\/p>\n<p><em>(Fonte: Estado de Minas\/Bombeiros)<\/em><\/p>\n","protected":false},"excerpt":{"rendered":"<p>Uma carreta carregada com embalagens pl\u00e1sticas caiu numa ribanceira e o motorista, identificado pelas iniciais M.B.S, de 42 anos, precisou ser socorrido pelos bombeiros numa opera\u00e7\u00e3o de resgate em \u00e1rea de dif\u00edcil acesso. O acidente aconteceu na rodovia BR-251, pr\u00f3ximo a Fruta de Leite, na regi\u00e3o Norte de Minas Gerais, por volta das 8h30 de [&hellip;]<\/p>\n","protected":false},"author":1,"featured_media":140161,"comment_status":"open","ping_status":"closed","sticky":false,"template":"","format":"standard","meta":{"amp_status":"","footnotes":""},"categories":[1236],"tags":[188408,188409,177977,1396,188410,94672,184908,24465,188407,188406,1018],"class_list":["post-140159","post","type-post","status-publish","format-standard","has-post-thumbnail","hentry","category-norte_de_minas","tag-acidente-com-carreta-de-plastico-na-br-251","tag-acidente-com-carreta-de-sao-paulo-na-br-251","tag-acidente-com-carreta-na-br-251","tag-acidente-na-br-251","tag-acidente-na-br-251-perto-de-fruta-de-leite","tag-acidente-na-br-251-perto-de-montes-claros","tag-acidente-perto-de-fruta-de-leite","tag-acidente-perto-de-montes-claros","tag-carreta-cai-em-barranco-de-70-metros-na-br-251","tag-carreta-cai-em-barranco-de-70-metros-no-norte-de-minas","tag-destaque"],"yoast_head":"<!-- This site is optimized with the Yoast SEO plugin v28.3 - https:\/\/yoast.com\/product\/yoast-seo-wordpress\/ -->\n<title>Carreta cai em barranco de 70 metros no Norte de Minas - Aconteceu no Vale<\/title>\n<meta name=\"robots\" content=\"index, follow, max-snippet:-1, max-image-preview:large, max-video-preview:-1\" \/>\n<link rel=\"canonical\" href=\"https:\/\/aconteceunovale.com.br\/portal\/?p=140159\" \/>\n<meta property=\"og:locale\" content=\"pt_BR\" \/>\n<meta property=\"og:type\" content=\"article\" \/>\n<meta property=\"og:title\" content=\"Carreta cai em barranco de 70 metros no Norte de Minas - Aconteceu no Vale\" \/>\n<meta property=\"og:description\" content=\"Uma carreta carregada com embalagens pl\u00e1sticas caiu numa ribanceira e o motorista, identificado pelas iniciais M.B.S, de 42 anos, precisou ser socorrido pelos bombeiros numa opera\u00e7\u00e3o de resgate em \u00e1rea de dif\u00edcil acesso. O acidente aconteceu na rodovia BR-251, pr\u00f3ximo a Fruta de Leite, na regi\u00e3o Norte de Minas Gerais, por volta das 8h30 de [&hellip;]\" \/>\n<meta property=\"og:url\" content=\"https:\/\/aconteceunovale.com.br\/portal\/?p=140159\" \/>\n<meta property=\"og:site_name\" content=\"Aconteceu no Vale\" \/>\n<meta property=\"article:publisher\" content=\"https:\/\/www.facebook.com\/aconteceunovale\/\" \/>\n<meta property=\"article:published_time\" content=\"2018-12-02T21:41:46+00:00\" \/>\n<meta property=\"og:image\" content=\"https:\/\/aconteceunovale.com.br\/portal\/wp-content\/uploads\/2018\/12\/acidente_carreta_251.jpg\" \/>\n\t<meta property=\"og:image:width\" content=\"678\" \/>\n\t<meta property=\"og:image:height\" content=\"443\" \/>\n\t<meta property=\"og:image:type\" content=\"image\/jpeg\" \/>\n<meta name=\"author\" content=\"Aconteceu no Vale\" \/>\n<meta name=\"twitter:card\" content=\"summary_large_image\" \/>\n<meta name=\"twitter:creator\" content=\"@noticiadosvales\" \/>\n<meta name=\"twitter:site\" content=\"@noticiadosvales\" \/>\n<meta name=\"twitter:label1\" content=\"Escrito por\" \/>\n\t<meta name=\"twitter:data1\" content=\"Aconteceu no Vale\" \/>\n\t<meta name=\"twitter:label2\" content=\"Est. tempo de leitura\" \/>\n\t<meta name=\"twitter:data2\" content=\"1 minuto\" \/>\n<script type=\"application\/ld+json\" class=\"yoast-schema-graph\">{\"@context\":\"https:\\\/\\\/schema.org\",\"@graph\":[{\"@type\":\"Article\",\"@id\":\"https:\\\/\\\/aconteceunovale.com.br\\\/portal\\\/?p=140159#article\",\"isPartOf\":{\"@id\":\"https:\\\/\\\/aconteceunovale.com.br\\\/portal\\\/?p=140159\"},\"author\":{\"name\":\"Aconteceu no Vale\",\"@id\":\"https:\\\/\\\/aconteceunovale.com.br\\\/portal\\\/#\\\/schema\\\/person\\\/633529146f2c94272bef50ac2953d589\"},\"headline\":\"Carreta cai em barranco de 70 metros no Norte de Minas\",\"datePublished\":\"2018-12-02T21:41:46+00:00\",\"mainEntityOfPage\":{\"@id\":\"https:\\\/\\\/aconteceunovale.com.br\\\/portal\\\/?p=140159\"},\"wordCount\":275,\"commentCount\":0,\"image\":{\"@id\":\"https:\\\/\\\/aconteceunovale.com.br\\\/portal\\\/?p=140159#primaryimage\"},\"thumbnailUrl\":\"https:\\\/\\\/aconteceunovale.com.br\\\/portal\\\/wp-content\\\/uploads\\\/2018\\\/12\\\/acidente_carreta_251.jpg\",\"keywords\":[\"Acidente com carreta de pl\u00e1stico na BR-251\",\"Acidente com carreta de S\u00e3o Paulo na BR-251\",\"Acidente com carreta na BR-251\",\"acidente na br 251\",\"Acidente na BR-251 perto de Fruta de Leite\",\"Acidente na BR-251 perto de montes claros\",\"Acidente perto de Fruta de Leite\",\"acidente perto de montes claros\",\"Carreta cai em barranco de 70 metros na BR-251\",\"Carreta cai em barranco de 70 metros no Norte de Minas\",\"destaque\"],\"articleSection\":[\"Norte de Minas\"],\"inLanguage\":\"pt-BR\",\"potentialAction\":[{\"@type\":\"CommentAction\",\"name\":\"Comment\",\"target\":[\"https:\\\/\\\/aconteceunovale.com.br\\\/portal\\\/?p=140159#respond\"]}]},{\"@type\":\"WebPage\",\"@id\":\"https:\\\/\\\/aconteceunovale.com.br\\\/portal\\\/?p=140159\",\"url\":\"https:\\\/\\\/aconteceunovale.com.br\\\/portal\\\/?p=140159\",\"name\":\"Carreta cai em barranco de 70 metros no Norte de Minas - Aconteceu no Vale\",\"isPartOf\":{\"@id\":\"https:\\\/\\\/aconteceunovale.com.br\\\/portal\\\/#website\"},\"primaryImageOfPage\":{\"@id\":\"https:\\\/\\\/aconteceunovale.com.br\\\/portal\\\/?p=140159#primaryimage\"},\"image\":{\"@id\":\"https:\\\/\\\/aconteceunovale.com.br\\\/portal\\\/?p=140159#primaryimage\"},\"thumbnailUrl\":\"https:\\\/\\\/aconteceunovale.com.br\\\/portal\\\/wp-content\\\/uploads\\\/2018\\\/12\\\/acidente_carreta_251.jpg\",\"datePublished\":\"2018-12-02T21:41:46+00:00\",\"author\":{\"@id\":\"https:\\\/\\\/aconteceunovale.com.br\\\/portal\\\/#\\\/schema\\\/person\\\/633529146f2c94272bef50ac2953d589\"},\"breadcrumb\":{\"@id\":\"https:\\\/\\\/aconteceunovale.com.br\\\/portal\\\/?p=140159#breadcrumb\"},\"inLanguage\":\"pt-BR\",\"potentialAction\":[{\"@type\":\"ReadAction\",\"target\":[\"https:\\\/\\\/aconteceunovale.com.br\\\/portal\\\/?p=140159\"]}]},{\"@type\":\"ImageObject\",\"inLanguage\":\"pt-BR\",\"@id\":\"https:\\\/\\\/aconteceunovale.com.br\\\/portal\\\/?p=140159#primaryimage\",\"url\":\"https:\\\/\\\/aconteceunovale.com.br\\\/portal\\\/wp-content\\\/uploads\\\/2018\\\/12\\\/acidente_carreta_251.jpg\",\"contentUrl\":\"https:\\\/\\\/aconteceunovale.com.br\\\/portal\\\/wp-content\\\/uploads\\\/2018\\\/12\\\/acidente_carreta_251.jpg\",\"width\":678,\"height\":443},{\"@type\":\"BreadcrumbList\",\"@id\":\"https:\\\/\\\/aconteceunovale.com.br\\\/portal\\\/?p=140159#breadcrumb\",\"itemListElement\":[{\"@type\":\"ListItem\",\"position\":1,\"name\":\"In\u00edcio\",\"item\":\"https:\\\/\\\/aconteceunovale.com.br\\\/portal\\\/\"},{\"@type\":\"ListItem\",\"position\":2,\"name\":\"Carreta cai em barranco de 70 metros no Norte de Minas\"}]},{\"@type\":\"WebSite\",\"@id\":\"https:\\\/\\\/aconteceunovale.com.br\\\/portal\\\/#website\",\"url\":\"https:\\\/\\\/aconteceunovale.com.br\\\/portal\\\/\",\"name\":\"Aconteceu no Vale\",\"description\":\"Portal de Not\u00edcias\",\"potentialAction\":[{\"@type\":\"SearchAction\",\"target\":{\"@type\":\"EntryPoint\",\"urlTemplate\":\"https:\\\/\\\/aconteceunovale.com.br\\\/portal\\\/?s={search_term_string}\"},\"query-input\":{\"@type\":\"PropertyValueSpecification\",\"valueRequired\":true,\"valueName\":\"search_term_string\"}}],\"inLanguage\":\"pt-BR\"},{\"@type\":\"Person\",\"@id\":\"https:\\\/\\\/aconteceunovale.com.br\\\/portal\\\/#\\\/schema\\\/person\\\/633529146f2c94272bef50ac2953d589\",\"name\":\"Aconteceu no Vale\",\"description\":\"Equipe de reportagem do Aconteceu no Vale, portal de not\u00edcias do Vale do Jequitinhonha, em Minas Gerais. Cobrimos as 51 cidades do Vale desde 2013. Sugest\u00f5es de pauta e pedidos de corre\u00e7\u00e3o: contato@aconteceunovale.com.br\",\"sameAs\":[\"http:\\\/\\\/www.aconteceunovale.com.br\"],\"url\":\"https:\\\/\\\/aconteceunovale.com.br\\\/portal\\\/?author=1\"}]}<\/script>\n<!-- \/ Yoast SEO plugin. -->","yoast_head_json":{"title":"Carreta cai em barranco de 70 metros no Norte de Minas - Aconteceu no Vale","robots":{"index":"index","follow":"follow","max-snippet":"max-snippet:-1","max-image-preview":"max-image-preview:large","max-video-preview":"max-video-preview:-1"},"canonical":"https:\/\/aconteceunovale.com.br\/portal\/?p=140159","og_locale":"pt_BR","og_type":"article","og_title":"Carreta cai em barranco de 70 metros no Norte de Minas - Aconteceu no Vale","og_description":"Uma carreta carregada com embalagens pl\u00e1sticas caiu numa ribanceira e o motorista, identificado pelas iniciais M.B.S, de 42 anos, precisou ser socorrido pelos bombeiros numa opera\u00e7\u00e3o de resgate em \u00e1rea de dif\u00edcil acesso. O acidente aconteceu na rodovia BR-251, pr\u00f3ximo a Fruta de Leite, na regi\u00e3o Norte de Minas Gerais, por volta das 8h30 de [&hellip;]","og_url":"https:\/\/aconteceunovale.com.br\/portal\/?p=140159","og_site_name":"Aconteceu no Vale","article_publisher":"https:\/\/www.facebook.com\/aconteceunovale\/","article_published_time":"2018-12-02T21:41:46+00:00","og_image":[{"width":678,"height":443,"url":"https:\/\/aconteceunovale.com.br\/portal\/wp-content\/uploads\/2018\/12\/acidente_carreta_251.jpg","type":"image\/jpeg"}],"author":"Aconteceu no Vale","twitter_card":"summary_large_image","twitter_creator":"@noticiadosvales","twitter_site":"@noticiadosvales","twitter_misc":{"Escrito por":"Aconteceu no Vale","Est. tempo de leitura":"1 minuto"},"schema":{"@context":"https:\/\/schema.org","@graph":[{"@type":"Article","@id":"https:\/\/aconteceunovale.com.br\/portal\/?p=140159#article","isPartOf":{"@id":"https:\/\/aconteceunovale.com.br\/portal\/?p=140159"},"author":{"name":"Aconteceu no Vale","@id":"https:\/\/aconteceunovale.com.br\/portal\/#\/schema\/person\/633529146f2c94272bef50ac2953d589"},"headline":"Carreta cai em barranco de 70 metros no Norte de Minas","datePublished":"2018-12-02T21:41:46+00:00","mainEntityOfPage":{"@id":"https:\/\/aconteceunovale.com.br\/portal\/?p=140159"},"wordCount":275,"commentCount":0,"image":{"@id":"https:\/\/aconteceunovale.com.br\/portal\/?p=140159#primaryimage"},"thumbnailUrl":"https:\/\/aconteceunovale.com.br\/portal\/wp-content\/uploads\/2018\/12\/acidente_carreta_251.jpg","keywords":["Acidente com carreta de pl\u00e1stico na BR-251","Acidente com carreta de S\u00e3o Paulo na BR-251","Acidente com carreta na BR-251","acidente na br 251","Acidente na BR-251 perto de Fruta de Leite","Acidente na BR-251 perto de montes claros","Acidente perto de Fruta de Leite","acidente perto de montes claros","Carreta cai em barranco de 70 metros na BR-251","Carreta cai em barranco de 70 metros no Norte de Minas","destaque"],"articleSection":["Norte de Minas"],"inLanguage":"pt-BR","potentialAction":[{"@type":"CommentAction","name":"Comment","target":["https:\/\/aconteceunovale.com.br\/portal\/?p=140159#respond"]}]},{"@type":"WebPage","@id":"https:\/\/aconteceunovale.com.br\/portal\/?p=140159","url":"https:\/\/aconteceunovale.com.br\/portal\/?p=140159","name":"Carreta cai em barranco de 70 metros no Norte de Minas - Aconteceu no Vale","isPartOf":{"@id":"https:\/\/aconteceunovale.com.br\/portal\/#website"},"primaryImageOfPage":{"@id":"https:\/\/aconteceunovale.com.br\/portal\/?p=140159#primaryimage"},"image":{"@id":"https:\/\/aconteceunovale.com.br\/portal\/?p=140159#primaryimage"},"thumbnailUrl":"https:\/\/aconteceunovale.com.br\/portal\/wp-content\/uploads\/2018\/12\/acidente_carreta_251.jpg","datePublished":"2018-12-02T21:41:46+00:00","author":{"@id":"https:\/\/aconteceunovale.com.br\/portal\/#\/schema\/person\/633529146f2c94272bef50ac2953d589"},"breadcrumb":{"@id":"https:\/\/aconteceunovale.com.br\/portal\/?p=140159#breadcrumb"},"inLanguage":"pt-BR","potentialAction":[{"@type":"ReadAction","target":["https:\/\/aconteceunovale.com.br\/portal\/?p=140159"]}]},{"@type":"ImageObject","inLanguage":"pt-BR","@id":"https:\/\/aconteceunovale.com.br\/portal\/?p=140159#primaryimage","url":"https:\/\/aconteceunovale.com.br\/portal\/wp-content\/uploads\/2018\/12\/acidente_carreta_251.jpg","contentUrl":"https:\/\/aconteceunovale.com.br\/portal\/wp-content\/uploads\/2018\/12\/acidente_carreta_251.jpg","width":678,"height":443},{"@type":"BreadcrumbList","@id":"https:\/\/aconteceunovale.com.br\/portal\/?p=140159#breadcrumb","itemListElement":[{"@type":"ListItem","position":1,"name":"In\u00edcio","item":"https:\/\/aconteceunovale.com.br\/portal\/"},{"@type":"ListItem","position":2,"name":"Carreta cai em barranco de 70 metros no Norte de Minas"}]},{"@type":"WebSite","@id":"https:\/\/aconteceunovale.com.br\/portal\/#website","url":"https:\/\/aconteceunovale.com.br\/portal\/","name":"Aconteceu no Vale","description":"Portal de Not\u00edcias","potentialAction":[{"@type":"SearchAction","target":{"@type":"EntryPoint","urlTemplate":"https:\/\/aconteceunovale.com.br\/portal\/?s={search_term_string}"},"query-input":{"@type":"PropertyValueSpecification","valueRequired":true,"valueName":"search_term_string"}}],"inLanguage":"pt-BR"},{"@type":"Person","@id":"https:\/\/aconteceunovale.com.br\/portal\/#\/schema\/person\/633529146f2c94272bef50ac2953d589","name":"Aconteceu no Vale","description":"Equipe de reportagem do Aconteceu no Vale, portal de not\u00edcias do Vale do Jequitinhonha, em Minas Gerais. Cobrimos as 51 cidades do Vale desde 2013. Sugest\u00f5es de pauta e pedidos de corre\u00e7\u00e3o: contato@aconteceunovale.com.br","sameAs":["http:\/\/www.aconteceunovale.com.br"],"url":"https:\/\/aconteceunovale.com.br\/portal\/?author=1"}]}},"_links":{"self":[{"href":"https:\/\/aconteceunovale.com.br\/portal\/index.php?rest_route=\/wp\/v2\/posts\/140159","targetHints":{"allow":["GET"]}}],"collection":[{"href":"https:\/\/aconteceunovale.com.br\/portal\/index.php?rest_route=\/wp\/v2\/posts"}],"about":[{"href":"https:\/\/aconteceunovale.com.br\/portal\/index.php?rest_route=\/wp\/v2\/types\/post"}],"author":[{"embeddable":true,"href":"https:\/\/aconteceunovale.com.br\/portal\/index.php?rest_route=\/wp\/v2\/users\/1"}],"replies":[{"embeddable":true,"href":"https:\/\/aconteceunovale.com.br\/portal\/index.php?rest_route=%2Fwp%2Fv2%2Fcomments&post=140159"}],"version-history":[{"count":0,"href":"https:\/\/aconteceunovale.com.br\/portal\/index.php?rest_route=\/wp\/v2\/posts\/140159\/revisions"}],"wp:featuredmedia":[{"embeddable":true,"href":"https:\/\/aconteceunovale.com.br\/portal\/index.php?rest_route=\/wp\/v2\/media\/140161"}],"wp:attachment":[{"href":"https:\/\/aconteceunovale.com.br\/portal\/index.php?rest_route=%2Fwp%2Fv2%2Fmedia&parent=140159"}],"wp:term":[{"taxonomy":"category","embeddable":true,"href":"https:\/\/aconteceunovale.com.br\/portal\/index.php?rest_route=%2Fwp%2Fv2%2Fcategories&post=140159"},{"taxonomy":"post_tag","embeddable":true,"href":"https:\/\/aconteceunovale.com.br\/portal\/index.php?rest_route=%2Fwp%2Fv2%2Ftags&post=140159"}],"curies":[{"name":"wp","href":"https:\/\/api.w.org\/{rel}","templated":true}]}}