{"id":139998,"date":"2018-11-29T17:38:48","date_gmt":"2018-11-29T19:38:48","guid":{"rendered":"http:\/\/aconteceunovale.com.br\/portal\/?p=139998"},"modified":"2018-11-29T17:38:48","modified_gmt":"2018-11-29T19:38:48","slug":"bolsonaro-diz-que-sua-morte-interessa-a-muita-gente","status":"publish","type":"post","link":"https:\/\/aconteceunovale.com.br\/portal\/?p=139998","title":{"rendered":"Bolsonaro diz que sua morte interessa a muita gente"},"content":{"rendered":"<p>Com esquema especial de prote\u00e7\u00e3o desde que foi atingido por uma facada no abd\u00f4men, ainda durante a campanha ao Planalto, o presidente eleito da Rep\u00fablica, Jair Bolsonaro, afirmou nesta quinta-feira, 29 de novembro de 2018, que sua morte &#8220;interessa a muita gente&#8221;. A declara\u00e7\u00e3o foi dada ap\u00f3s Bolsonaro ser indagado por jornalistas sobre uma postagem de um de seus filhos, Carlos, no Twitter. <\/p>\n<p>Na quarta-feira \u00e0 noite, o vereador pelo Rio de Janeiro escreveu que &#8220;a morte de Jair Bolsonaro n\u00e3o interessa somente aos inimigos declarados, mas tamb\u00e9m aos que est\u00e3o muito perto&#8221;.<\/p>\n<p>&#8220;Minha morte interessa a muita gente&#8221;, disse Jair Bolsonaro nesta quinta-feira. <\/p>\n<p>Questionado sobre o que seu filho queria dizer com &#8220;est\u00e3o muito perto&#8221;, Bolsonaro desconversou. &#8220;Quando eu recebi a facada estava muito pr\u00f3ximo de mim o elemento&#8221;, comentou. <\/p>\n<p>Jair Bolsonaro voltou a falar sobre seu agressor, Ad\u00e9lio Bispo de Oliveira. &#8220;Recentemente era filiado ao PSOL. E houve o caso do outro que tentou entrar no Congresso com a identidade dele&#8221;, apontou. &#8220;No meu entender a investiga\u00e7\u00e3o est\u00e1 muito f\u00e1cil de ser conclu\u00edda&#8221;, disse.<\/p>\n<p><strong>Publica\u00e7\u00e3o do filho de Bolsonaro:<\/strong><\/p>\n<blockquote class=\"twitter-tweet\" data-lang=\"pt\">\n<p lang=\"pt\" dir=\"ltr\">A morte de Jair Bolsonaro n\u00e3o interessa somente aos inimigos declarados, mas tamb\u00e9m aos que est\u00e3o muito perto. Principalmente ap\u00f3s de sua posse! \u00c9 f\u00e1cil mapear uma pessoa transparente e voluntariosa. Sempre fiz minha parte exaustivamente. Pensem e entendam todo o enredo di\u00e1rio!<\/p>\n<p>&mdash; Carlos Bolsonaro (@CarlosBolsonaro) <a href=\"https:\/\/twitter.com\/CarlosBolsonaro\/status\/1067940488580345856?ref_src=twsrc%5Etfw\">29 de novembro de 2018<\/a><\/p><\/blockquote>\n<p><script async src=\"https:\/\/platform.twitter.com\/widgets.js\" charset=\"utf-8\"><\/script><br \/>\n<\/br><\/p>\n<p><strong>VER PRIMEIRO<\/strong><\/p>\n<p>Receba as not\u00edcias do Aconteceu no Vale em primeira m\u00e3o. Clique em curtir no endere\u00e7o <a href=\"https:\/\/www.facebook.com\/aconteceunovale\" target=\"_blank\"><font color=\"red\">www.facebook.com\/aconteceunovale<\/font><\/a> ou no box abaixo:<\/p>\n<div class=\"fb-like\" data-href=\"https:\/\/www.facebook.com\/aconteceunovale\" data-width=\"120\" data-layout=\"standard\" data-action=\"like\" data-size=\"small\" data-show-faces=\"true\" data-share=\"true\"><\/div>\n<p><\/br><\/p>\n<p><em>(Fonte: Estad\u00e3o Conte\u00fado)<\/em><\/p>\n","protected":false},"excerpt":{"rendered":"<p>Com esquema especial de prote\u00e7\u00e3o desde que foi atingido por uma facada no abd\u00f4men, ainda durante a campanha ao Planalto, o presidente eleito da Rep\u00fablica, Jair Bolsonaro, afirmou nesta quinta-feira, 29 de novembro de 2018, que sua morte &#8220;interessa a muita gente&#8221;. A declara\u00e7\u00e3o foi dada ap\u00f3s Bolsonaro ser indagado por jornalistas sobre uma postagem [&hellip;]<\/p>\n","protected":false},"author":1,"featured_media":139869,"comment_status":"open","ping_status":"closed","sticky":false,"template":"","format":"standard","meta":{"amp_status":"","footnotes":""},"categories":[6,40240],"tags":[100375,188082,26436,188083,188084,188085,184222,125162,174222],"class_list":["post-139998","post","type-post","status-publish","format-standard","has-post-thumbnail","hentry","category-br","category-politica-2","tag-bolsonaro","tag-bolsonaro-diz-que-sua-morte-interessa-a-muita-gente","tag-jair-bolsonaro","tag-morte-de-bolsonaro-interessa-a-muita-gente","tag-morte-de-jair-bolsonaro-interessa-a-muita-gente","tag-morte-do-presidente-eleito-interessa-a-muita-gente","tag-presidente-bolsonaro","tag-presidente-eleito","tag-presidente-jair-bolsonaro"],"_links":{"self":[{"href":"https:\/\/aconteceunovale.com.br\/portal\/index.php?rest_route=\/wp\/v2\/posts\/139998","targetHints":{"allow":["GET"]}}],"collection":[{"href":"https:\/\/aconteceunovale.com.br\/portal\/index.php?rest_route=\/wp\/v2\/posts"}],"about":[{"href":"https:\/\/aconteceunovale.com.br\/portal\/index.php?rest_route=\/wp\/v2\/types\/post"}],"author":[{"embeddable":true,"href":"https:\/\/aconteceunovale.com.br\/portal\/index.php?rest_route=\/wp\/v2\/users\/1"}],"replies":[{"embeddable":true,"href":"https:\/\/aconteceunovale.com.br\/portal\/index.php?rest_route=%2Fwp%2Fv2%2Fcomments&post=139998"}],"version-history":[{"count":0,"href":"https:\/\/aconteceunovale.com.br\/portal\/index.php?rest_route=\/wp\/v2\/posts\/139998\/revisions"}],"wp:featuredmedia":[{"embeddable":true,"href":"https:\/\/aconteceunovale.com.br\/portal\/index.php?rest_route=\/wp\/v2\/media\/139869"}],"wp:attachment":[{"href":"https:\/\/aconteceunovale.com.br\/portal\/index.php?rest_route=%2Fwp%2Fv2%2Fmedia&parent=139998"}],"wp:term":[{"taxonomy":"category","embeddable":true,"href":"https:\/\/aconteceunovale.com.br\/portal\/index.php?rest_route=%2Fwp%2Fv2%2Fcategories&post=139998"},{"taxonomy":"post_tag","embeddable":true,"href":"https:\/\/aconteceunovale.com.br\/portal\/index.php?rest_route=%2Fwp%2Fv2%2Ftags&post=139998"}],"curies":[{"name":"wp","href":"https:\/\/api.w.org\/{rel}","templated":true}]}}