{"id":139994,"date":"2018-11-29T16:37:35","date_gmt":"2018-11-29T18:37:35","guid":{"rendered":"http:\/\/aconteceunovale.com.br\/portal\/?p=139994"},"modified":"2018-11-29T16:37:35","modified_gmt":"2018-11-29T18:37:35","slug":"homem-confessa-morte-de-mulher-e-dois-filhos-em-minas","status":"publish","type":"post","link":"https:\/\/aconteceunovale.com.br\/portal\/?p=139994","title":{"rendered":"Homem confessa morte de mulher e dois filhos em Minas"},"content":{"rendered":"<p>J\u00e1 est\u00e1 em uma unidade do Sistema Prisional de Minas Gerais o homem de 43 anos que confessou ter assassinado dois filhos e a companheira, de 17 anos, em Lima Duarte, na Regi\u00e3o da Zona da Mata Mineira. De acordo com o delegado Jos\u00e9 M\u00e1rcio de Almeida Lopes, respons\u00e1vel pelo caso, o autor confessou o crime e disse que matou os tr\u00eas porque o sogro queria a separa\u00e7\u00e3o do casal. <\/p>\n<p>O crime chocou a popula\u00e7\u00e3o de Lima Duarte. Os corpos das v\u00edtimas, duas crian\u00e7as, uma de 1 ano e meio e a outra de seis meses, al\u00e9m da jovem de 17 anos, foram encontrados dentro de uma casa na cidade j\u00e1 em estado de decomposi\u00e7\u00e3o. A suspeita \u00e9 que elas tenham sido asfixiadas por R\u00f3bson Carvalho da Silva. O homem foi preso horas depois do encontro dos corpos. <\/p>\n<p>Em depoimento \u00e0 pol\u00edcia, o homem confessou o crime. \u201cConfessou a pr\u00e1tica do crime. Disse que foi cometido na madrugada de domingo. Contou que cometeu o assassinato porque o sogro n\u00e3o estaria aceitando o relacionamento dele com a companheira. Como o sogro estaria tentando atrapalhar, disse que preferiu matar ela do que se separar\u201d, informou o delegado Jos\u00e9 M\u00e1rcio.  <\/p>\n<p>O autor do crime afirmou que primeiro matou a jovem de 17 anos. \u201cEm seguida, informou que matou o filho de um ano e meio, e depois o beb\u00ea. A causa da morte ainda estamos esperando os laudos para confirmar. Mas, segundo ele, matou todos por esganadura\u201d, afirmou o delegado. <\/p>\n<p>De acordo com vizinhos, o casal estaria junto h\u00e1 pelo menos dois anos e vivia nesta casa h\u00e1 oito meses. A adolescente e os filhos teriam sido vistos pela \u00faltima vez no final de semana. Depois do crime, R\u00f3bson foi encaminhado para o plant\u00e3o da 1\u00aa Delegacia Regional de Juiz de Fora, onde foi ratificada a pris\u00e3o. Ele foi conduzido para a unidade prisional. O delegado ainda vai fazer novas dilig\u00eancias para concluir o inqu\u00e9rito. \u201cVamos ouvir outras pessoas nos pr\u00f3ximos dias, aguardar os laudos da per\u00edcia e necropsia\u201d, concluiu Jos\u00e9 M\u00e1rcio.<\/p>\n<p><img decoding=\"async\" src=\"http:\/\/aconteceunovale.com.br\/portal\/wp-content\/uploads\/2018\/11\/caso_lima_duarte_1.jpg\" alt=\"\" \/><em>Homem confessou que cometeu o triplo homic\u00eddio (Foto: Reprodu\u00e7\u00e3o\/Facebook)<\/em><br \/>\n<\/br><\/p>\n<p><img decoding=\"async\" src=\"http:\/\/aconteceunovale.com.br\/portal\/wp-content\/uploads\/2018\/11\/caso_lima_duarte_2.jpg\" alt=\"\" \/><em>Autor prestou depoimento na noite dessa quarta (Foto: Pol\u00edcia Civil\/Divulga\u00e7\u00e3o)<\/em><br \/>\n<\/br><\/p>\n<p><strong>VER PRIMEIRO<\/strong><\/p>\n<p>Receba as not\u00edcias do Aconteceu no Vale em primeira m\u00e3o. Clique em curtir no endere\u00e7o <a href=\"https:\/\/www.facebook.com\/aconteceunovale\" target=\"_blank\"><font color=\"red\">www.facebook.com\/aconteceunovale<\/font><\/a> ou no box abaixo:<\/p>\n<div class=\"fb-like\" data-href=\"https:\/\/www.facebook.com\/aconteceunovale\" data-width=\"120\" data-layout=\"standard\" data-action=\"like\" data-size=\"small\" data-show-faces=\"true\" data-share=\"true\"><\/div>\n<p><\/br><\/p>\n<p><em>(Fonte: Estado de Minas)<\/em><\/p>\n","protected":false},"excerpt":{"rendered":"<p>J\u00e1 est\u00e1 em uma unidade do Sistema Prisional de Minas Gerais o homem de 43 anos que confessou ter assassinado dois filhos e a companheira, de 17 anos, em Lima Duarte, na Regi\u00e3o da Zona da Mata Mineira. De acordo com o delegado Jos\u00e9 M\u00e1rcio de Almeida Lopes, respons\u00e1vel pelo caso, o autor confessou o [&hellip;]<\/p>\n","protected":false},"author":1,"featured_media":139995,"comment_status":"open","ping_status":"closed","sticky":false,"template":"","format":"standard","meta":{"amp_status":"","footnotes":""},"categories":[123],"tags":[188071,188072,188081,188080,188077,188078,188079,188074,188075,206,1579,188076,188073],"class_list":["post-139994","post","type-post","status-publish","format-standard","has-post-thumbnail","hentry","category-gerais","tag-crime-barbaro-em-lima-duarte","tag-crime-brutal-em-lima-duarte","tag-homem-confessa-morte-de-mulher-e-dois-filhos-em-lima-duarte","tag-homem-confessa-morte-de-mulher-e-dois-filhos-em-minas","tag-homem-e-preso-por-matar-dois-filhos-e-a-companheira","tag-homem-e-preso-por-matar-dois-filhos-e-a-companheira-em-lima-duarte","tag-homem-e-preso-por-matar-dois-filhos-e-a-companheira-em-minas","tag-homem-mata-mulher-e-dois-filhos-em-lima-duarte","tag-jose-marcio-de-almeida-lopes","tag-juiz-de-fora","tag-lima-duarte","tag-robson-carvalho-da-silva","tag-triplo-homicidio-em-lima-duarte"],"_links":{"self":[{"href":"https:\/\/aconteceunovale.com.br\/portal\/index.php?rest_route=\/wp\/v2\/posts\/139994","targetHints":{"allow":["GET"]}}],"collection":[{"href":"https:\/\/aconteceunovale.com.br\/portal\/index.php?rest_route=\/wp\/v2\/posts"}],"about":[{"href":"https:\/\/aconteceunovale.com.br\/portal\/index.php?rest_route=\/wp\/v2\/types\/post"}],"author":[{"embeddable":true,"href":"https:\/\/aconteceunovale.com.br\/portal\/index.php?rest_route=\/wp\/v2\/users\/1"}],"replies":[{"embeddable":true,"href":"https:\/\/aconteceunovale.com.br\/portal\/index.php?rest_route=%2Fwp%2Fv2%2Fcomments&post=139994"}],"version-history":[{"count":0,"href":"https:\/\/aconteceunovale.com.br\/portal\/index.php?rest_route=\/wp\/v2\/posts\/139994\/revisions"}],"wp:featuredmedia":[{"embeddable":true,"href":"https:\/\/aconteceunovale.com.br\/portal\/index.php?rest_route=\/wp\/v2\/media\/139995"}],"wp:attachment":[{"href":"https:\/\/aconteceunovale.com.br\/portal\/index.php?rest_route=%2Fwp%2Fv2%2Fmedia&parent=139994"}],"wp:term":[{"taxonomy":"category","embeddable":true,"href":"https:\/\/aconteceunovale.com.br\/portal\/index.php?rest_route=%2Fwp%2Fv2%2Fcategories&post=139994"},{"taxonomy":"post_tag","embeddable":true,"href":"https:\/\/aconteceunovale.com.br\/portal\/index.php?rest_route=%2Fwp%2Fv2%2Ftags&post=139994"}],"curies":[{"name":"wp","href":"https:\/\/api.w.org\/{rel}","templated":true}]}}