{"id":13997,"date":"2013-11-29T03:09:53","date_gmt":"2013-11-29T05:09:53","guid":{"rendered":"http:\/\/aconteceunovale.com.br\/portal\/?p=13997"},"modified":"2013-11-29T11:19:06","modified_gmt":"2013-11-29T13:19:06","slug":"grao-mongol-papa-francisco-abencoa-presepio-maos-de-deus","status":"publish","type":"post","link":"https:\/\/aconteceunovale.com.br\/portal\/?p=13997","title":{"rendered":"GR\u00c3O MOGOL: Papa Francisco aben\u00e7oa pres\u00e9pio M\u00e3os de Deus"},"content":{"rendered":"<p>O pres\u00e9pio M\u00e3os de Deus, de Gr\u00e3o Mogol, no Norte de Minas, completa dois anos no dia 9 de dezembro. Para comemorar a data o Papa Francisco enviou uma carta com uma b\u00ean\u00e7\u00e3o apost\u00f3lica. O pres\u00e9pio \u00e9 uma obra do soci\u00f3logo e economista L\u00facio Bemquerer.<\/p>\n<p>Em 2011, quando foi inaugurado o pres\u00e9pio, o arcebispo metropolitano de Montes Claros, Dom Jos\u00e9 Alberto Moura, iria enviar um convite ao cetro papal, na \u00e9poca Bento XVI, para conhecer a obra na visita feita ao Brasil em 2013. Com a mudan\u00e7a de papa, o arcebispo escreveu para Francisco pedindo uma b\u00ean\u00e7\u00e3o especial, durante sua vinda ao pa\u00eds.<\/p>\n<p>No catolicismo, \u00e9 tradicional a B\u00ean\u00e7\u00e3o Apost\u00f3lica que o Papa invoca sobre todos os que a recebem. Como sucessor de Pedro e Vig\u00e1rio de Cristo, ele tem essa dignidade, segundo a vis\u00e3o da Igreja Cat\u00f3lica Apost\u00f3lica Romana.<\/p>\n<p>A carta enviada ao pres\u00e9pio teve o interm\u00e9dio do arcebispo.<\/p>\n<p><strong>B\u00ean\u00e7\u00e3o na integra<\/strong><\/p>\n<p><em>\u201cSua Santidade o Papa Francisco alegrando-se com a benem\u00e9rita iniciativa evangelizadora do Pres\u00e9pio Natural \u201cM\u00e3os de Deus\u201d, na cidade de Gr\u00e3o Mogol, do Estado de Minas Gerais, sa\u00fada o seu autor, o senhor L\u00facio Bemquerer, familiares e todos os romeiros que o visitam. A contempla\u00e7\u00e3o do Nascimento de Nosso Senhor Jesus Cristo revigore o seu compromisso crist\u00e3o como construtores de paz, fraternidade e harmonia. Com estes sentimentos e votos o Santo padre pede ora\u00e7\u00e3o a todos e a todos concede como penhor de constante assist\u00eancia divina, a implorada B\u00ean\u00e7\u00e3o Apost\u00f3lica\u201d.<\/em><\/p>\n<p><img loading=\"lazy\" decoding=\"async\" alt=\"\" src=\"http:\/\/aconteceunovale.com.br\/portal\/wp-content\/uploads\/2013\/11\/papa_francisco.jpg\" width=\"620\" height=\"420\" border=\"0\" \/><\/p>\n<p><em>&#8220;\u00c9 permitida a reprodu\u00e7\u00e3o deste material, desde que citada a fonte: Portal Aconteceu no Vale (<a href=\"http:\/\/www.aconteceunovale.com.br\">www.aconteceunovale.com.br<\/a>)&#8221;<\/em><strong><\/p>\n","protected":false},"excerpt":{"rendered":"<p>O pres\u00e9pio M\u00e3os de Deus, de Gr\u00e3o Mogol, no Norte de Minas, completa dois anos no dia 9 de dezembro. Para comemorar a data o Papa Francisco enviou uma carta com uma b\u00ean\u00e7\u00e3o apost\u00f3lica. O pres\u00e9pio \u00e9 uma obra do soci\u00f3logo e economista L\u00facio Bemquerer. Em 2011, quando foi inaugurado o pres\u00e9pio, o arcebispo metropolitano [&hellip;]<\/p>\n","protected":false},"author":1,"featured_media":13998,"comment_status":"open","ping_status":"closed","sticky":false,"template":"","format":"standard","meta":{"amp_status":"","footnotes":""},"categories":[120],"tags":[497,946,948,947],"class_list":["post-13997","post","type-post","status-publish","format-standard","has-post-thumbnail","hentry","category-jequi","tag-grao-mongol","tag-papa-francisco","tag-papa-francisco-envia-bensao-a-presepio-maos-de-deus-em-grao-mongol","tag-presepio-maos-de-deus"],"yoast_head":"<!-- This site is optimized with the Yoast SEO plugin v28.3 - https:\/\/yoast.com\/product\/yoast-seo-wordpress\/ -->\n<title>GR\u00c3O MOGOL: Papa Francisco aben\u00e7oa pres\u00e9pio M\u00e3os de Deus - Aconteceu no Vale<\/title>\n<meta name=\"robots\" content=\"index, follow, max-snippet:-1, max-image-preview:large, max-video-preview:-1\" \/>\n<link rel=\"canonical\" href=\"https:\/\/aconteceunovale.com.br\/portal\/?p=13997\" \/>\n<meta property=\"og:locale\" content=\"pt_BR\" \/>\n<meta property=\"og:type\" content=\"article\" \/>\n<meta property=\"og:title\" content=\"GR\u00c3O MOGOL: Papa Francisco aben\u00e7oa pres\u00e9pio M\u00e3os de Deus - Aconteceu no Vale\" \/>\n<meta property=\"og:description\" content=\"O pres\u00e9pio M\u00e3os de Deus, de Gr\u00e3o Mogol, no Norte de Minas, completa dois anos no dia 9 de dezembro. Para comemorar a data o Papa Francisco enviou uma carta com uma b\u00ean\u00e7\u00e3o apost\u00f3lica. O pres\u00e9pio \u00e9 uma obra do soci\u00f3logo e economista L\u00facio Bemquerer. Em 2011, quando foi inaugurado o pres\u00e9pio, o arcebispo metropolitano [&hellip;]\" \/>\n<meta property=\"og:url\" content=\"https:\/\/aconteceunovale.com.br\/portal\/?p=13997\" \/>\n<meta property=\"og:site_name\" content=\"Aconteceu no Vale\" \/>\n<meta property=\"article:publisher\" content=\"https:\/\/www.facebook.com\/aconteceunovale\/\" \/>\n<meta property=\"article:published_time\" content=\"2013-11-29T05:09:53+00:00\" \/>\n<meta property=\"article:modified_time\" content=\"2013-11-29T13:19:06+00:00\" \/>\n<meta property=\"og:image\" content=\"https:\/\/aconteceunovale.com.br\/portal\/wp-content\/uploads\/2013\/11\/papa_francisco.jpg\" \/>\n\t<meta property=\"og:image:width\" content=\"620\" \/>\n\t<meta property=\"og:image:height\" content=\"420\" \/>\n\t<meta property=\"og:image:type\" content=\"image\/jpeg\" \/>\n<meta name=\"author\" content=\"Aconteceu no Vale\" \/>\n<meta name=\"twitter:card\" content=\"summary_large_image\" \/>\n<meta name=\"twitter:creator\" content=\"@noticiadosvales\" \/>\n<meta name=\"twitter:site\" content=\"@noticiadosvales\" \/>\n<meta name=\"twitter:label1\" content=\"Escrito por\" \/>\n\t<meta name=\"twitter:data1\" content=\"Aconteceu no Vale\" \/>\n\t<meta name=\"twitter:label2\" content=\"Est. tempo de leitura\" \/>\n\t<meta name=\"twitter:data2\" content=\"1 minuto\" \/>\n<script type=\"application\/ld+json\" class=\"yoast-schema-graph\">{\"@context\":\"https:\\\/\\\/schema.org\",\"@graph\":[{\"@type\":\"Article\",\"@id\":\"https:\\\/\\\/aconteceunovale.com.br\\\/portal\\\/?p=13997#article\",\"isPartOf\":{\"@id\":\"https:\\\/\\\/aconteceunovale.com.br\\\/portal\\\/?p=13997\"},\"author\":{\"name\":\"Aconteceu no Vale\",\"@id\":\"https:\\\/\\\/aconteceunovale.com.br\\\/portal\\\/#\\\/schema\\\/person\\\/633529146f2c94272bef50ac2953d589\"},\"headline\":\"GR\u00c3O MOGOL: Papa Francisco aben\u00e7oa pres\u00e9pio M\u00e3os de Deus\",\"datePublished\":\"2013-11-29T05:09:53+00:00\",\"dateModified\":\"2013-11-29T13:19:06+00:00\",\"mainEntityOfPage\":{\"@id\":\"https:\\\/\\\/aconteceunovale.com.br\\\/portal\\\/?p=13997\"},\"wordCount\":308,\"commentCount\":0,\"image\":{\"@id\":\"https:\\\/\\\/aconteceunovale.com.br\\\/portal\\\/?p=13997#primaryimage\"},\"thumbnailUrl\":\"https:\\\/\\\/aconteceunovale.com.br\\\/portal\\\/wp-content\\\/uploads\\\/2013\\\/11\\\/papa_francisco.jpg\",\"keywords\":[\"Gr\u00e3o Mongol\",\"papa francisco\",\"papa francisco envia bens\u00e3o a pres\u00e9pio m\u00e3os de Deus em gr\u00e3o mongol\",\"pres\u00e9pio m\u00e3os de Deus\"],\"articleSection\":[\"Vale do Jequitinhonha\"],\"inLanguage\":\"pt-BR\",\"potentialAction\":[{\"@type\":\"CommentAction\",\"name\":\"Comment\",\"target\":[\"https:\\\/\\\/aconteceunovale.com.br\\\/portal\\\/?p=13997#respond\"]}]},{\"@type\":\"WebPage\",\"@id\":\"https:\\\/\\\/aconteceunovale.com.br\\\/portal\\\/?p=13997\",\"url\":\"https:\\\/\\\/aconteceunovale.com.br\\\/portal\\\/?p=13997\",\"name\":\"GR\u00c3O MOGOL: Papa Francisco aben\u00e7oa pres\u00e9pio M\u00e3os de Deus - Aconteceu no Vale\",\"isPartOf\":{\"@id\":\"https:\\\/\\\/aconteceunovale.com.br\\\/portal\\\/#website\"},\"primaryImageOfPage\":{\"@id\":\"https:\\\/\\\/aconteceunovale.com.br\\\/portal\\\/?p=13997#primaryimage\"},\"image\":{\"@id\":\"https:\\\/\\\/aconteceunovale.com.br\\\/portal\\\/?p=13997#primaryimage\"},\"thumbnailUrl\":\"https:\\\/\\\/aconteceunovale.com.br\\\/portal\\\/wp-content\\\/uploads\\\/2013\\\/11\\\/papa_francisco.jpg\",\"datePublished\":\"2013-11-29T05:09:53+00:00\",\"dateModified\":\"2013-11-29T13:19:06+00:00\",\"author\":{\"@id\":\"https:\\\/\\\/aconteceunovale.com.br\\\/portal\\\/#\\\/schema\\\/person\\\/633529146f2c94272bef50ac2953d589\"},\"breadcrumb\":{\"@id\":\"https:\\\/\\\/aconteceunovale.com.br\\\/portal\\\/?p=13997#breadcrumb\"},\"inLanguage\":\"pt-BR\",\"potentialAction\":[{\"@type\":\"ReadAction\",\"target\":[\"https:\\\/\\\/aconteceunovale.com.br\\\/portal\\\/?p=13997\"]}]},{\"@type\":\"ImageObject\",\"inLanguage\":\"pt-BR\",\"@id\":\"https:\\\/\\\/aconteceunovale.com.br\\\/portal\\\/?p=13997#primaryimage\",\"url\":\"https:\\\/\\\/aconteceunovale.com.br\\\/portal\\\/wp-content\\\/uploads\\\/2013\\\/11\\\/papa_francisco.jpg\",\"contentUrl\":\"https:\\\/\\\/aconteceunovale.com.br\\\/portal\\\/wp-content\\\/uploads\\\/2013\\\/11\\\/papa_francisco.jpg\",\"width\":620,\"height\":420},{\"@type\":\"BreadcrumbList\",\"@id\":\"https:\\\/\\\/aconteceunovale.com.br\\\/portal\\\/?p=13997#breadcrumb\",\"itemListElement\":[{\"@type\":\"ListItem\",\"position\":1,\"name\":\"In\u00edcio\",\"item\":\"https:\\\/\\\/aconteceunovale.com.br\\\/portal\\\/\"},{\"@type\":\"ListItem\",\"position\":2,\"name\":\"GR\u00c3O MOGOL: Papa Francisco aben\u00e7oa pres\u00e9pio M\u00e3os de Deus\"}]},{\"@type\":\"WebSite\",\"@id\":\"https:\\\/\\\/aconteceunovale.com.br\\\/portal\\\/#website\",\"url\":\"https:\\\/\\\/aconteceunovale.com.br\\\/portal\\\/\",\"name\":\"Aconteceu no Vale\",\"description\":\"Portal de Not\u00edcias\",\"potentialAction\":[{\"@type\":\"SearchAction\",\"target\":{\"@type\":\"EntryPoint\",\"urlTemplate\":\"https:\\\/\\\/aconteceunovale.com.br\\\/portal\\\/?s={search_term_string}\"},\"query-input\":{\"@type\":\"PropertyValueSpecification\",\"valueRequired\":true,\"valueName\":\"search_term_string\"}}],\"inLanguage\":\"pt-BR\"},{\"@type\":\"Person\",\"@id\":\"https:\\\/\\\/aconteceunovale.com.br\\\/portal\\\/#\\\/schema\\\/person\\\/633529146f2c94272bef50ac2953d589\",\"name\":\"Aconteceu no Vale\",\"description\":\"Equipe de reportagem do Aconteceu no Vale, portal de not\u00edcias do Vale do Jequitinhonha, em Minas Gerais. Cobrimos as 51 cidades do Vale desde 2013. Sugest\u00f5es de pauta e pedidos de corre\u00e7\u00e3o: contato@aconteceunovale.com.br\",\"sameAs\":[\"http:\\\/\\\/www.aconteceunovale.com.br\"],\"url\":\"https:\\\/\\\/aconteceunovale.com.br\\\/portal\\\/?author=1\"}]}<\/script>\n<!-- \/ Yoast SEO plugin. -->","yoast_head_json":{"title":"GR\u00c3O MOGOL: Papa Francisco aben\u00e7oa pres\u00e9pio M\u00e3os de Deus - Aconteceu no Vale","robots":{"index":"index","follow":"follow","max-snippet":"max-snippet:-1","max-image-preview":"max-image-preview:large","max-video-preview":"max-video-preview:-1"},"canonical":"https:\/\/aconteceunovale.com.br\/portal\/?p=13997","og_locale":"pt_BR","og_type":"article","og_title":"GR\u00c3O MOGOL: Papa Francisco aben\u00e7oa pres\u00e9pio M\u00e3os de Deus - Aconteceu no Vale","og_description":"O pres\u00e9pio M\u00e3os de Deus, de Gr\u00e3o Mogol, no Norte de Minas, completa dois anos no dia 9 de dezembro. Para comemorar a data o Papa Francisco enviou uma carta com uma b\u00ean\u00e7\u00e3o apost\u00f3lica. O pres\u00e9pio \u00e9 uma obra do soci\u00f3logo e economista L\u00facio Bemquerer. Em 2011, quando foi inaugurado o pres\u00e9pio, o arcebispo metropolitano [&hellip;]","og_url":"https:\/\/aconteceunovale.com.br\/portal\/?p=13997","og_site_name":"Aconteceu no Vale","article_publisher":"https:\/\/www.facebook.com\/aconteceunovale\/","article_published_time":"2013-11-29T05:09:53+00:00","article_modified_time":"2013-11-29T13:19:06+00:00","og_image":[{"width":620,"height":420,"url":"https:\/\/aconteceunovale.com.br\/portal\/wp-content\/uploads\/2013\/11\/papa_francisco.jpg","type":"image\/jpeg"}],"author":"Aconteceu no Vale","twitter_card":"summary_large_image","twitter_creator":"@noticiadosvales","twitter_site":"@noticiadosvales","twitter_misc":{"Escrito por":"Aconteceu no Vale","Est. tempo de leitura":"1 minuto"},"schema":{"@context":"https:\/\/schema.org","@graph":[{"@type":"Article","@id":"https:\/\/aconteceunovale.com.br\/portal\/?p=13997#article","isPartOf":{"@id":"https:\/\/aconteceunovale.com.br\/portal\/?p=13997"},"author":{"name":"Aconteceu no Vale","@id":"https:\/\/aconteceunovale.com.br\/portal\/#\/schema\/person\/633529146f2c94272bef50ac2953d589"},"headline":"GR\u00c3O MOGOL: Papa Francisco aben\u00e7oa pres\u00e9pio M\u00e3os de Deus","datePublished":"2013-11-29T05:09:53+00:00","dateModified":"2013-11-29T13:19:06+00:00","mainEntityOfPage":{"@id":"https:\/\/aconteceunovale.com.br\/portal\/?p=13997"},"wordCount":308,"commentCount":0,"image":{"@id":"https:\/\/aconteceunovale.com.br\/portal\/?p=13997#primaryimage"},"thumbnailUrl":"https:\/\/aconteceunovale.com.br\/portal\/wp-content\/uploads\/2013\/11\/papa_francisco.jpg","keywords":["Gr\u00e3o Mongol","papa francisco","papa francisco envia bens\u00e3o a pres\u00e9pio m\u00e3os de Deus em gr\u00e3o mongol","pres\u00e9pio m\u00e3os de Deus"],"articleSection":["Vale do Jequitinhonha"],"inLanguage":"pt-BR","potentialAction":[{"@type":"CommentAction","name":"Comment","target":["https:\/\/aconteceunovale.com.br\/portal\/?p=13997#respond"]}]},{"@type":"WebPage","@id":"https:\/\/aconteceunovale.com.br\/portal\/?p=13997","url":"https:\/\/aconteceunovale.com.br\/portal\/?p=13997","name":"GR\u00c3O MOGOL: Papa Francisco aben\u00e7oa pres\u00e9pio M\u00e3os de Deus - Aconteceu no Vale","isPartOf":{"@id":"https:\/\/aconteceunovale.com.br\/portal\/#website"},"primaryImageOfPage":{"@id":"https:\/\/aconteceunovale.com.br\/portal\/?p=13997#primaryimage"},"image":{"@id":"https:\/\/aconteceunovale.com.br\/portal\/?p=13997#primaryimage"},"thumbnailUrl":"https:\/\/aconteceunovale.com.br\/portal\/wp-content\/uploads\/2013\/11\/papa_francisco.jpg","datePublished":"2013-11-29T05:09:53+00:00","dateModified":"2013-11-29T13:19:06+00:00","author":{"@id":"https:\/\/aconteceunovale.com.br\/portal\/#\/schema\/person\/633529146f2c94272bef50ac2953d589"},"breadcrumb":{"@id":"https:\/\/aconteceunovale.com.br\/portal\/?p=13997#breadcrumb"},"inLanguage":"pt-BR","potentialAction":[{"@type":"ReadAction","target":["https:\/\/aconteceunovale.com.br\/portal\/?p=13997"]}]},{"@type":"ImageObject","inLanguage":"pt-BR","@id":"https:\/\/aconteceunovale.com.br\/portal\/?p=13997#primaryimage","url":"https:\/\/aconteceunovale.com.br\/portal\/wp-content\/uploads\/2013\/11\/papa_francisco.jpg","contentUrl":"https:\/\/aconteceunovale.com.br\/portal\/wp-content\/uploads\/2013\/11\/papa_francisco.jpg","width":620,"height":420},{"@type":"BreadcrumbList","@id":"https:\/\/aconteceunovale.com.br\/portal\/?p=13997#breadcrumb","itemListElement":[{"@type":"ListItem","position":1,"name":"In\u00edcio","item":"https:\/\/aconteceunovale.com.br\/portal\/"},{"@type":"ListItem","position":2,"name":"GR\u00c3O MOGOL: Papa Francisco aben\u00e7oa pres\u00e9pio M\u00e3os de Deus"}]},{"@type":"WebSite","@id":"https:\/\/aconteceunovale.com.br\/portal\/#website","url":"https:\/\/aconteceunovale.com.br\/portal\/","name":"Aconteceu no Vale","description":"Portal de Not\u00edcias","potentialAction":[{"@type":"SearchAction","target":{"@type":"EntryPoint","urlTemplate":"https:\/\/aconteceunovale.com.br\/portal\/?s={search_term_string}"},"query-input":{"@type":"PropertyValueSpecification","valueRequired":true,"valueName":"search_term_string"}}],"inLanguage":"pt-BR"},{"@type":"Person","@id":"https:\/\/aconteceunovale.com.br\/portal\/#\/schema\/person\/633529146f2c94272bef50ac2953d589","name":"Aconteceu no Vale","description":"Equipe de reportagem do Aconteceu no Vale, portal de not\u00edcias do Vale do Jequitinhonha, em Minas Gerais. Cobrimos as 51 cidades do Vale desde 2013. Sugest\u00f5es de pauta e pedidos de corre\u00e7\u00e3o: contato@aconteceunovale.com.br","sameAs":["http:\/\/www.aconteceunovale.com.br"],"url":"https:\/\/aconteceunovale.com.br\/portal\/?author=1"}]}},"_links":{"self":[{"href":"https:\/\/aconteceunovale.com.br\/portal\/index.php?rest_route=\/wp\/v2\/posts\/13997","targetHints":{"allow":["GET"]}}],"collection":[{"href":"https:\/\/aconteceunovale.com.br\/portal\/index.php?rest_route=\/wp\/v2\/posts"}],"about":[{"href":"https:\/\/aconteceunovale.com.br\/portal\/index.php?rest_route=\/wp\/v2\/types\/post"}],"author":[{"embeddable":true,"href":"https:\/\/aconteceunovale.com.br\/portal\/index.php?rest_route=\/wp\/v2\/users\/1"}],"replies":[{"embeddable":true,"href":"https:\/\/aconteceunovale.com.br\/portal\/index.php?rest_route=%2Fwp%2Fv2%2Fcomments&post=13997"}],"version-history":[{"count":0,"href":"https:\/\/aconteceunovale.com.br\/portal\/index.php?rest_route=\/wp\/v2\/posts\/13997\/revisions"}],"wp:featuredmedia":[{"embeddable":true,"href":"https:\/\/aconteceunovale.com.br\/portal\/index.php?rest_route=\/wp\/v2\/media\/13998"}],"wp:attachment":[{"href":"https:\/\/aconteceunovale.com.br\/portal\/index.php?rest_route=%2Fwp%2Fv2%2Fmedia&parent=13997"}],"wp:term":[{"taxonomy":"category","embeddable":true,"href":"https:\/\/aconteceunovale.com.br\/portal\/index.php?rest_route=%2Fwp%2Fv2%2Fcategories&post=13997"},{"taxonomy":"post_tag","embeddable":true,"href":"https:\/\/aconteceunovale.com.br\/portal\/index.php?rest_route=%2Fwp%2Fv2%2Ftags&post=13997"}],"curies":[{"name":"wp","href":"https:\/\/api.w.org\/{rel}","templated":true}]}}