{"id":139852,"date":"2018-11-27T22:47:38","date_gmt":"2018-11-28T00:47:38","guid":{"rendered":"http:\/\/aconteceunovale.com.br\/portal\/?p=139852"},"modified":"2018-11-27T22:47:38","modified_gmt":"2018-11-28T00:47:38","slug":"colisao-entre-carro-e-moto-deixa-um-morto-e-dois-feridos-no-leste-de-minas","status":"publish","type":"post","link":"https:\/\/aconteceunovale.com.br\/portal\/?p=139852","title":{"rendered":"Colis\u00e3o entre carro e moto deixa um morto e dois feridos no Leste de Minas"},"content":{"rendered":"<p>A colis\u00e3o entre um autom\u00f3vel e uma motocicleta deixou uma pessoa morta e duas feridas na manh\u00e3 desta ter\u00e7a-feira (27\/11\/2018) na rodovia AMG-900, pr\u00f3ximo ao distrito de Gra\u00e7\u00f3polis, munic\u00edpio de Imb\u00e9 de Minas, no Leste do Estado. De acordo com informa\u00e7\u00f5es da Pol\u00edcia Rodovi\u00e1ria Estadual, o condutor da moto, identificado como Hip\u00f3lito Oliveira da Silva, de 41 anos, n\u00e3o resistiu aos graves ferimentos e morreu ainda no local.<\/p>\n<p>Luzia Cristina Ferreira da Silva, de 34 anos, passageira da moto, foi socorrida em estado grav\u00edssimo e levada para um hospital em Caratinga. O motorista do autom\u00f3vel sofreu apenas escoria\u00e7\u00f5es.<\/p>\n<p>Ainda segundo a Pol\u00edcia Rodovi\u00e1ria Estadual, o acidente ocorreu na altura do quil\u00f4metro 13. O autom\u00f3vel teria invadido a pista contr\u00e1ria e colidido de frente com a motocicleta. As causas e circunst\u00e2ncias que teriam levado o ve\u00edculo a invadir a contram\u00e3o est\u00e3o sendo apuradas pela per\u00edcia t\u00e9cnica da Pol\u00edcia Civil. N\u00e3o havia marca de frenagens no sentido que o autom\u00f3vel trafegava, de acordo com a pol\u00edcia.<\/p>\n<p><img decoding=\"async\" src=\"http:\/\/aconteceunovale.com.br\/portal\/wp-content\/uploads\/2018\/11\/acidente_imbe_de_minas.jpeg\" alt=\"\" \/><em>Acidente aconteceu na zona rural de Imb\u00e9 de Minas \u2014 Foto: Pol\u00edcia Militar\/Divulga\u00e7\u00e3o<\/em><br \/>\n<\/br><\/p>\n<p><strong>VER PRIMEIRO<\/strong><\/p>\n<p>Receba as not\u00edcias do Aconteceu no Vale em primeira m\u00e3o. Clique em curtir no endere\u00e7o <a href=\"https:\/\/www.facebook.com\/aconteceunovale\" target=\"_blank\"><font color=\"red\">www.facebook.com\/aconteceunovale<\/font><\/a> ou no box abaixo:<\/p>\n<div class=\"fb-like\" data-href=\"https:\/\/www.facebook.com\/aconteceunovale\" data-width=\"120\" data-layout=\"standard\" data-action=\"like\" data-size=\"small\" data-show-faces=\"true\" data-share=\"true\"><\/div>\n<p><\/br><\/p>\n<p><em>(Fonte: G1 Vales)<\/em><\/p>\n","protected":false},"excerpt":{"rendered":"<p>A colis\u00e3o entre um autom\u00f3vel e uma motocicleta deixou uma pessoa morta e duas feridas na manh\u00e3 desta ter\u00e7a-feira (27\/11\/2018) na rodovia AMG-900, pr\u00f3ximo ao distrito de Gra\u00e7\u00f3polis, munic\u00edpio de Imb\u00e9 de Minas, no Leste do Estado. De acordo com informa\u00e7\u00f5es da Pol\u00edcia Rodovi\u00e1ria Estadual, o condutor da moto, identificado como Hip\u00f3lito Oliveira da Silva, [&hellip;]<\/p>\n","protected":false},"author":1,"featured_media":139853,"comment_status":"open","ping_status":"closed","sticky":false,"template":"","format":"standard","meta":{"amp_status":"","footnotes":""},"categories":[121],"tags":[106901,187742,79097,187744,79099,237,187741,187740,187743,187746,295,187745],"class_list":["post-139852","post","type-post","status-publish","format-standard","has-post-thumbnail","hentry","category-leste","tag-acidente-em-imbe-de-minas","tag-acidente-entre-carro-e-moto-em-imbe-de-minas","tag-acidente-na-amg-900","tag-acidente-perto-de-gracopolis","tag-amg-900","tag-caratinga","tag-colisao-entre-carro-e-moto-deixa-um-morto-e-dois-feridos-em-imbe-de-minas","tag-colisao-entre-carro-e-moto-deixa-um-morto-e-dois-feridos-no-leste-de-minas","tag-gracopolis","tag-hipolito-oliveira-da-silva","tag-imbe-de-minas","tag-luzia-cristina-ferreira-da-silva"],"_links":{"self":[{"href":"https:\/\/aconteceunovale.com.br\/portal\/index.php?rest_route=\/wp\/v2\/posts\/139852","targetHints":{"allow":["GET"]}}],"collection":[{"href":"https:\/\/aconteceunovale.com.br\/portal\/index.php?rest_route=\/wp\/v2\/posts"}],"about":[{"href":"https:\/\/aconteceunovale.com.br\/portal\/index.php?rest_route=\/wp\/v2\/types\/post"}],"author":[{"embeddable":true,"href":"https:\/\/aconteceunovale.com.br\/portal\/index.php?rest_route=\/wp\/v2\/users\/1"}],"replies":[{"embeddable":true,"href":"https:\/\/aconteceunovale.com.br\/portal\/index.php?rest_route=%2Fwp%2Fv2%2Fcomments&post=139852"}],"version-history":[{"count":0,"href":"https:\/\/aconteceunovale.com.br\/portal\/index.php?rest_route=\/wp\/v2\/posts\/139852\/revisions"}],"wp:featuredmedia":[{"embeddable":true,"href":"https:\/\/aconteceunovale.com.br\/portal\/index.php?rest_route=\/wp\/v2\/media\/139853"}],"wp:attachment":[{"href":"https:\/\/aconteceunovale.com.br\/portal\/index.php?rest_route=%2Fwp%2Fv2%2Fmedia&parent=139852"}],"wp:term":[{"taxonomy":"category","embeddable":true,"href":"https:\/\/aconteceunovale.com.br\/portal\/index.php?rest_route=%2Fwp%2Fv2%2Fcategories&post=139852"},{"taxonomy":"post_tag","embeddable":true,"href":"https:\/\/aconteceunovale.com.br\/portal\/index.php?rest_route=%2Fwp%2Fv2%2Ftags&post=139852"}],"curies":[{"name":"wp","href":"https:\/\/api.w.org\/{rel}","templated":true}]}}