{"id":139849,"date":"2018-11-27T22:39:36","date_gmt":"2018-11-28T00:39:36","guid":{"rendered":"http:\/\/aconteceunovale.com.br\/portal\/?p=139849"},"modified":"2018-11-27T22:39:36","modified_gmt":"2018-11-28T00:39:36","slug":"passageiro-de-onibus-interestadual-e-preso-em-rodovia-mineira-por-envolvimento-com-o-trafico-de-drogas","status":"publish","type":"post","link":"https:\/\/aconteceunovale.com.br\/portal\/?p=139849","title":{"rendered":"Passageiro de \u00f4nibus interestadual \u00e9 preso em rodovia mineira por envolvimento com o tr\u00e1fico de drogas"},"content":{"rendered":"<p>A Pol\u00edcia Rodovi\u00e1ria Federal (PRF) prendeu um jovem na BR-365, em Uberl\u00e2ndia, por envolvimento com o tr\u00e1fico de drogas. Segundo a ocorr\u00eancia, ele estava em um \u00f4nibus interestadual que fazia a linha Porto Velho (RO) a Mantena (MG). <\/p>\n<p>A abordagem aconteceu no posto da PRF por volta das 11h30 da manh\u00e3 desta ter\u00e7a-feira (27\/11\/2018). O rapaz, de 23 anos, escondia cerca de 1 kg da droga em uma mochila.<\/p>\n<p>Ao ser flagrado ele contou que pegou a coca\u00edna onde mora, em C\u00e1ceres (MT), e levaria para Contagem. Ainda segundo a pol\u00edcia, ele disse que receberia R$ 1 mil pelo transporte.<\/p>\n<p>O jovem e o material apreendido foram levados para a Delegacia de Pol\u00edcia Civil.<\/p>\n<p><img decoding=\"async\" src=\"http:\/\/aconteceunovale.com.br\/portal\/wp-content\/uploads\/2018\/11\/preso_365.jpeg\" alt=\"\" \/><em>Cerca de 1 kg de coca\u00edna foi encontrado na mochila do passageiro \u2014 Foto: PRF\/Divulga\u00e7\u00e3o<\/em><br \/>\n<\/br><\/p>\n<p><strong>VER PRIMEIRO<\/strong><\/p>\n<p>Receba as not\u00edcias do Aconteceu no Vale em primeira m\u00e3o. Clique em curtir no endere\u00e7o <a href=\"https:\/\/www.facebook.com\/aconteceunovale\" target=\"_blank\"><font color=\"red\">www.facebook.com\/aconteceunovale<\/font><\/a> ou no box abaixo:<\/p>\n<div class=\"fb-like\" data-href=\"https:\/\/www.facebook.com\/aconteceunovale\" data-width=\"120\" data-layout=\"standard\" data-action=\"like\" data-size=\"small\" data-show-faces=\"true\" data-share=\"true\"><\/div>\n<p><\/br><\/p>\n<p><em>(Fonte: G1 Tri\u00e2ngulo Mineiro)<\/em><\/p>\n","protected":false},"excerpt":{"rendered":"<p>A Pol\u00edcia Rodovi\u00e1ria Federal (PRF) prendeu um jovem na BR-365, em Uberl\u00e2ndia, por envolvimento com o tr\u00e1fico de drogas. Segundo a ocorr\u00eancia, ele estava em um \u00f4nibus interestadual que fazia a linha Porto Velho (RO) a Mantena (MG). A abordagem aconteceu no posto da PRF por volta das 11h30 da manh\u00e3 desta ter\u00e7a-feira (27\/11\/2018). O [&hellip;]<\/p>\n","protected":false},"author":1,"featured_media":139850,"comment_status":"open","ping_status":"closed","sticky":false,"template":"","format":"standard","meta":{"amp_status":"","footnotes":""},"categories":[123],"tags":[187739,2981,9056,956,1516,187735,46952,187738,187737,140212,187736,239,221],"class_list":["post-139849","post","type-post","status-publish","format-standard","has-post-thumbnail","hentry","category-gerais","tag-apreensao-de-droga-em-onibus-em-uberlandia","tag-br-365","tag-caceres","tag-contagem","tag-mantena","tag-passageiro-de-onibus-interestadual-e-preso-em-rodovia-mineira-por-envolvimento-com-o-trafico-de-drogas","tag-porto-velho","tag-preso-em-onibujs-em-uberlandia","tag-preso-em-uberlandia","tag-preso-na-br-365","tag-preso-na-br-365-uberlandia","tag-prf","tag-uberlandia"],"_links":{"self":[{"href":"https:\/\/aconteceunovale.com.br\/portal\/index.php?rest_route=\/wp\/v2\/posts\/139849","targetHints":{"allow":["GET"]}}],"collection":[{"href":"https:\/\/aconteceunovale.com.br\/portal\/index.php?rest_route=\/wp\/v2\/posts"}],"about":[{"href":"https:\/\/aconteceunovale.com.br\/portal\/index.php?rest_route=\/wp\/v2\/types\/post"}],"author":[{"embeddable":true,"href":"https:\/\/aconteceunovale.com.br\/portal\/index.php?rest_route=\/wp\/v2\/users\/1"}],"replies":[{"embeddable":true,"href":"https:\/\/aconteceunovale.com.br\/portal\/index.php?rest_route=%2Fwp%2Fv2%2Fcomments&post=139849"}],"version-history":[{"count":0,"href":"https:\/\/aconteceunovale.com.br\/portal\/index.php?rest_route=\/wp\/v2\/posts\/139849\/revisions"}],"wp:featuredmedia":[{"embeddable":true,"href":"https:\/\/aconteceunovale.com.br\/portal\/index.php?rest_route=\/wp\/v2\/media\/139850"}],"wp:attachment":[{"href":"https:\/\/aconteceunovale.com.br\/portal\/index.php?rest_route=%2Fwp%2Fv2%2Fmedia&parent=139849"}],"wp:term":[{"taxonomy":"category","embeddable":true,"href":"https:\/\/aconteceunovale.com.br\/portal\/index.php?rest_route=%2Fwp%2Fv2%2Fcategories&post=139849"},{"taxonomy":"post_tag","embeddable":true,"href":"https:\/\/aconteceunovale.com.br\/portal\/index.php?rest_route=%2Fwp%2Fv2%2Ftags&post=139849"}],"curies":[{"name":"wp","href":"https:\/\/api.w.org\/{rel}","templated":true}]}}