{"id":139664,"date":"2018-11-26T10:52:21","date_gmt":"2018-11-26T12:52:21","guid":{"rendered":"http:\/\/aconteceunovale.com.br\/portal\/?p=139664"},"modified":"2018-11-26T21:42:37","modified_gmt":"2018-11-26T23:42:37","slug":"acidente-com-aviao-mata-quatro-pessoas-no-norte-de-minas","status":"publish","type":"post","link":"https:\/\/aconteceunovale.com.br\/portal\/?p=139664","title":{"rendered":"Acidente com avi\u00e3o mata quatro pessoas no Norte de Minas"},"content":{"rendered":"<p>Um jato executivo caiu em uma fazenda no munic\u00edpio de Jequita\u00ed, na regi\u00e3o Norte de Minas Gerais, na manh\u00e3 desta segunda-feira (26\/11\/2018). Segundo o Corpo de Bombeiros, as quatro pessoas que estavam a bordo do avi\u00e3o morreram no acidente.<\/p>\n<p>A aeronave caiu por volta das 8h, quando o piloto se preparava para pousar na Fazenda Fortaleza Santa Terezinha, pertencente ao empres\u00e1rio e dono do jato Adolfo Geo, de 83 anos, que estava a bordo, acompanhado por sua esposa, Margarida Giannetti Geo, de 78, pelo piloto Marco Aur\u00e9lio Cori de Carvalho, de 51, e o copiloto Oliver schmitzer Oliveira, de 39.<\/p>\n<p>A Assessoria de Comunica\u00e7\u00e3o do Servi\u00e7o de Atendimento M\u00f3vel de Urg\u00eancia do Norte de Minas (SAMU Macro Norte) confirmou os \u00f3bitos. <em>\u201cO SAMU Macro Norte foi acionado para atender uma ocorr\u00eancia envolvendo a queda de uma aeronave, na BR-365, na manh\u00e3 desta segunda-feira (26). Quatro pessoas morreram, sendo que uma foi ejetada da aeronave, e tr\u00eas foram carbonizadas. Foram deslocadas as equipes Aerom\u00e9dica e Unidade de Suporte Avan\u00e7ado do SAMU\u201d<\/em>, informou.<\/p>\n<p>De acordo com o Registro Aeron\u00e1utico Brasileiro, o avi\u00e3o prefixo PP-OEG \u00e9 um Cessna, modelo Citation M2, com capacidade para at\u00e9 oito pessoas. Est\u00e1 registrada em nome do Grupo ARG, que atua em setores como agroneg\u00f3cio, constru\u00e7\u00e3o pesada e infraestrutura, al\u00e9m de com\u00e9rcio internacional e \u00f3leo e g\u00e1s. Ainda de acordo com o registro, a situa\u00e7\u00e3o do jato est\u00e1 regular. Adolfo Geo possu\u00eda fazendas de confinamento de gado no Norte de Minas. <\/p>\n<p>Bombeiros de Pirapora foram deslocados para atender \u00e0 ocorr\u00eancia. O atendimento mobilizou quatro viaturas e uma aeronave do Corpo de Bombeiros. Peritos da Pol\u00edcia Civil tamb\u00e9m compareceram ao local.<\/p>\n<p>Em nota, o Centro de Investiga\u00e7\u00e3o e Preven\u00e7\u00e3o de Acidentes (Cenipa) informou que investigadores do Terceiro Servi\u00e7o Regional de Investiga\u00e7\u00e3o e Preven\u00e7\u00e3o de Acidentes Aeron\u00e1uticos (Seripa III) foram acionados para ir ao local coletar ind\u00edcios e ouvir relatos de testemunhas do acidente. A investiga\u00e7\u00e3o do Cenipa visa a prevenir que novos acidentes com as mesmas caracter\u00edsticas ocorram.<\/p>\n<p><strong>Grupo ARG<\/strong><\/p>\n<p>Adolfo Geo era um dos s\u00f3cios do grupo brasileiro ARG, investigado pela For\u00e7a Tarefa da Opera\u00e7\u00e3o Lava Jato em S\u00e3o Paulo, em den\u00fancia envolvendo o ex-presidente Luiz In\u00e1cio Lula da Silva (PT), pelo crime de lavagem de dinheiro. A den\u00fancia aponta que o ex-presidente supostamente recebeu R$ 1 milh\u00e3o para intermediar discuss\u00f5es entre a ARG e governo de Guin\u00e9 Equatorial. Segundo as investiga\u00e7\u00f5es, Adolfo Geo n\u00e3o era investigado na a\u00e7\u00e3o.<\/p>\n<p><img decoding=\"async\" src=\"http:\/\/aconteceunovale.com.br\/portal\/wp-content\/uploads\/2018\/11\/acidente_adolfo_geo_1.jpg\" alt=\"\" \/><em>Foto: Ascom Samu Macro Norte\/Divulga\u00e7\u00e3o<\/em><br \/>\n<\/br><\/p>\n<p><img decoding=\"async\" src=\"http:\/\/aconteceunovale.com.br\/portal\/wp-content\/uploads\/2018\/11\/acidente_adolfo_geo_2.jpg\" alt=\"\" \/><em>Foto: Ascom Samu Macro Norte\/Divulga\u00e7\u00e3o<\/em><br \/>\n<\/br><\/p>\n<p><img decoding=\"async\" src=\"http:\/\/aconteceunovale.com.br\/portal\/wp-content\/uploads\/2018\/11\/acidente_adolfo_geo_3.jpg\" alt=\"\" \/><em>Foto: Ascom Samu Macro Norte\/Divulga\u00e7\u00e3o<\/em><br \/>\n<\/br><\/p>\n<p><img decoding=\"async\" src=\"http:\/\/aconteceunovale.com.br\/portal\/wp-content\/uploads\/2018\/11\/acidente_adolfo_geo_4.jpg\" alt=\"\" \/><em>Foto: Ascom Samu Macro Norte\/Divulga\u00e7\u00e3o<\/em><br \/>\n<\/br><\/p>\n<p><img decoding=\"async\" src=\"http:\/\/aconteceunovale.com.br\/portal\/wp-content\/uploads\/2018\/11\/acidente_aviao_nm.jpg\" alt=\"\" \/><em>Foto: Corpo de Bombeiros\/Divulga\u00e7\u00e3o<\/em><br \/>\n<\/br><\/p>\n<p><strong>VER PRIMEIRO<\/strong><\/p>\n<p>Receba as not\u00edcias do Aconteceu no Vale em primeira m\u00e3o. Clique em curtir no endere\u00e7o <a href=\"https:\/\/www.facebook.com\/aconteceunovale\" target=\"_blank\"><font color=\"red\">www.facebook.com\/aconteceunovale<\/font><\/a> ou no box abaixo:<\/p>\n<div class=\"fb-like\" data-href=\"https:\/\/www.facebook.com\/aconteceunovale\" data-width=\"120\" data-layout=\"standard\" data-action=\"like\" data-size=\"small\" data-show-faces=\"true\" data-share=\"true\"><\/div>\n<p><\/br><\/p>\n<p><em>(Fonte: Ag\u00eancia Brasil, G1 Grande Minas e Samu Macro Norte)<\/em><\/p>\n","protected":false},"excerpt":{"rendered":"<p>Um jato executivo caiu em uma fazenda no munic\u00edpio de Jequita\u00ed, na regi\u00e3o Norte de Minas Gerais, na manh\u00e3 desta segunda-feira (26\/11\/2018). Segundo o Corpo de Bombeiros, as quatro pessoas que estavam a bordo do avi\u00e3o morreram no acidente. A aeronave caiu por volta das 8h, quando o piloto se preparava para pousar na Fazenda [&hellip;]<\/p>\n","protected":false},"author":1,"featured_media":139671,"comment_status":"open","ping_status":"closed","sticky":false,"template":"","format":"standard","meta":{"amp_status":"","footnotes":""},"categories":[1236],"tags":[187432,187428,187425,84296,187433,187430,187456,187457,187439,187424,47283,187441,187440,187444,84295,187459,187458,187443,187429,187455,187431,187427,187501,187452,84298,187460,1018,82255,187442,3724,14124,7147,187570,187453,187436,187446,187447,18095,187454,187437,187438,187449,187450,187451,187435,187434,187426,65832,187445,84297,4040,187448],"class_list":["post-139664","post","type-post","status-publish","format-standard","has-post-thumbnail","hentry","category-norte_de_minas","tag-acidente-adolfo-gel","tag-acidente-adolfo-geo","tag-acidente-aereo-em-jequitai","tag-acidente-aereo-no-norte-de-minas","tag-acidente-argentino-adolfo-gel","tag-acidente-argentino-adolfo-geo","tag-acidente-aviao-pp-oeg","tag-acidente-aviao-prefixo-pp-oeg","tag-acidente-com-aviao-deixa-quatro-mortos-no-norte-de-minas","tag-acidente-com-aviao-em-jequitai","tag-acidente-com-aviao-em-minas-gerais","tag-acidente-com-aviao-mata-quatro-pessoas-em-jequitai","tag-acidente-com-aviao-mata-quatro-pessoas-no-norte-de-minas","tag-acidente-com-aviao-na-fazenda-fortaleza-santa-terezinha","tag-acidente-com-aviao-no-norte-de-minas","tag-acidente-empreiteiro-adolfo-geo","tag-acidente-empresario-adolfo-geo","tag-acidente-fazenda-fortaleza-santa-terezinha","tag-acidente-fazendeiro-adolfo-geo","tag-acidente-pp-oeg","tag-adolfo-gel","tag-adolfo-geo","tag-arg","tag-argentino-adolfo-geo","tag-aviao-cai-no-norte-de-minas","tag-aviao-explode-no-norte-de-minas","tag-destaque","tag-ex-presidente-lula","tag-fazenda-fortaleza-santa-terezinha","tag-jequitai","tag-luiz-inacio-lula-da-silva","tag-lula","tag-marco-aurelio-cori-de-carvalho","tag-margarida-giannetti-geo","tag-margarida-janete-geo","tag-morre-argentino-adolfo-geo","tag-morte-do-adolfo-geo","tag-operacao-lava-jato","tag-pp-oeg","tag-quatro-pessoas-morrem-em-acidente-com-aviao-no-norte-de-minas","tag-quatro-pessoas-morrem-em-queda-de-aviao-no-norte-de-minas","tag-queda-de-aeronave-adolfo-geo","tag-queda-de-aeronave-em-jequitai","tag-queda-de-aeronave-no-norte-de-minas","tag-queda-de-aviao-adolfo-gel","tag-queda-de-aviao-adolfo-geo","tag-queda-de-aviao-em-jequitai","tag-queda-de-aviao-em-minas-gerais","tag-queda-de-aviao-na-fazenda-fortaleza-santa-terezinha","tag-queda-de-aviao-no-norte-de-minas","tag-samu-macro-norte","tag-tragedia-com-adolfo-geo"],"_links":{"self":[{"href":"https:\/\/aconteceunovale.com.br\/portal\/index.php?rest_route=\/wp\/v2\/posts\/139664","targetHints":{"allow":["GET"]}}],"collection":[{"href":"https:\/\/aconteceunovale.com.br\/portal\/index.php?rest_route=\/wp\/v2\/posts"}],"about":[{"href":"https:\/\/aconteceunovale.com.br\/portal\/index.php?rest_route=\/wp\/v2\/types\/post"}],"author":[{"embeddable":true,"href":"https:\/\/aconteceunovale.com.br\/portal\/index.php?rest_route=\/wp\/v2\/users\/1"}],"replies":[{"embeddable":true,"href":"https:\/\/aconteceunovale.com.br\/portal\/index.php?rest_route=%2Fwp%2Fv2%2Fcomments&post=139664"}],"version-history":[{"count":0,"href":"https:\/\/aconteceunovale.com.br\/portal\/index.php?rest_route=\/wp\/v2\/posts\/139664\/revisions"}],"wp:featuredmedia":[{"embeddable":true,"href":"https:\/\/aconteceunovale.com.br\/portal\/index.php?rest_route=\/wp\/v2\/media\/139671"}],"wp:attachment":[{"href":"https:\/\/aconteceunovale.com.br\/portal\/index.php?rest_route=%2Fwp%2Fv2%2Fmedia&parent=139664"}],"wp:term":[{"taxonomy":"category","embeddable":true,"href":"https:\/\/aconteceunovale.com.br\/portal\/index.php?rest_route=%2Fwp%2Fv2%2Fcategories&post=139664"},{"taxonomy":"post_tag","embeddable":true,"href":"https:\/\/aconteceunovale.com.br\/portal\/index.php?rest_route=%2Fwp%2Fv2%2Ftags&post=139664"}],"curies":[{"name":"wp","href":"https:\/\/api.w.org\/{rel}","templated":true}]}}