{"id":139658,"date":"2018-11-26T08:54:55","date_gmt":"2018-11-26T10:54:55","guid":{"rendered":"http:\/\/aconteceunovale.com.br\/portal\/?p=139658"},"modified":"2018-11-26T08:54:55","modified_gmt":"2018-11-26T10:54:55","slug":"briga-em-bar-termina-com-homem-morto-a-facada-em-coracao-de-jesus-no-norte-de-minas","status":"publish","type":"post","link":"https:\/\/aconteceunovale.com.br\/portal\/?p=139658","title":{"rendered":"Briga em bar termina com homem morto a facada em Cora\u00e7\u00e3o de Jesus, no Norte de Minas"},"content":{"rendered":"<p>Um homem de 29 anos foi assassinado durante uma briga nesse domingo (25\/11\/2018) em Cora\u00e7\u00e3o de Jesus, no Norte de Minas. Segundo a Pol\u00edcia Militar (PM), Andr\u00e9 Gomes Ramos foi atingido por uma facada no t\u00f3rax e morreu antes de entrar no hospital.<\/p>\n<p>Testemunhas disseram \u00e0 pol\u00edcia que Andr\u00e9 Gomes estava em um bar quando discutiu com alguns clientes e foi agredido. Ainda segundo testemunhas, um dos agressores atingiu a v\u00edtima com uma facada. O motivo da briga n\u00e3o foi informado.<\/p>\n<p>Ap\u00f3s o crime, quatro pessoas foram presas. De acordo com a PM, um dos suspeitos, de 20 anos, procurou o quartel alegando que viu nas redes sociais que estava sendo acusado do homic\u00eddio, mas afirmou que n\u00e3o tinha participa\u00e7\u00e3o no crime. Ele indicou os nomes de outros tr\u00eas jovens, de 18, 21 e 23 anos, que estavam com ele no bar. O rapaz de 21 anos confessou ter desferido uma facada contra a v\u00edtima. Os quatro jovens foram presos e encaminhados \u00e0 Delegacia de Pol\u00edcia Civil em Montes Claros.<\/p>\n<p><strong>VER PRIMEIRO<\/strong><\/p>\n<p>Receba as not\u00edcias do Aconteceu no Vale em primeira m\u00e3o. Clique em curtir no endere\u00e7o <a href=\"https:\/\/www.facebook.com\/aconteceunovale\" target=\"_blank\"><font color=\"red\">www.facebook.com\/aconteceunovale<\/font><\/a> ou no box abaixo:<\/p>\n<div class=\"fb-like\" data-href=\"https:\/\/www.facebook.com\/aconteceunovale\" data-width=\"120\" data-layout=\"standard\" data-action=\"like\" data-size=\"small\" data-show-faces=\"true\" data-share=\"true\"><\/div>\n<p><\/br><\/p>\n<p><em>(Fonte: G1 Grande Minas)<\/em><\/p>\n","protected":false},"excerpt":{"rendered":"<p>Um homem de 29 anos foi assassinado durante uma briga nesse domingo (25\/11\/2018) em Cora\u00e7\u00e3o de Jesus, no Norte de Minas. Segundo a Pol\u00edcia Militar (PM), Andr\u00e9 Gomes Ramos foi atingido por uma facada no t\u00f3rax e morreu antes de entrar no hospital. Testemunhas disseram \u00e0 pol\u00edcia que Andr\u00e9 Gomes estava em um bar quando [&hellip;]<\/p>\n","protected":false},"author":1,"featured_media":71442,"comment_status":"open","ping_status":"closed","sticky":false,"template":"","format":"standard","meta":{"amp_status":"","footnotes":""},"categories":[1236],"tags":[187412,185439,187410,187413,1801,145272,210,187411,130015],"class_list":["post-139658","post","type-post","status-publish","format-standard","has-post-thumbnail","hentry","category-norte_de_minas","tag-andre-gomes-ramos","tag-assassinado-em-coracao-de-jesus","tag-briga-em-bar-termina-com-homem-morto-a-facada-em-coracao-de-jesus","tag-briga-em-bar-termina-com-homem-morto-a-facada-em-coracao-de-jesus-no-norte-de-minas","tag-coracao-de-jesus","tag-homicidio-em-coracao-de-jesus","tag-montes-claros","tag-morte-em-coracao-de-jesus","tag-morto-em-coracao-de-jesus"],"_links":{"self":[{"href":"https:\/\/aconteceunovale.com.br\/portal\/index.php?rest_route=\/wp\/v2\/posts\/139658","targetHints":{"allow":["GET"]}}],"collection":[{"href":"https:\/\/aconteceunovale.com.br\/portal\/index.php?rest_route=\/wp\/v2\/posts"}],"about":[{"href":"https:\/\/aconteceunovale.com.br\/portal\/index.php?rest_route=\/wp\/v2\/types\/post"}],"author":[{"embeddable":true,"href":"https:\/\/aconteceunovale.com.br\/portal\/index.php?rest_route=\/wp\/v2\/users\/1"}],"replies":[{"embeddable":true,"href":"https:\/\/aconteceunovale.com.br\/portal\/index.php?rest_route=%2Fwp%2Fv2%2Fcomments&post=139658"}],"version-history":[{"count":0,"href":"https:\/\/aconteceunovale.com.br\/portal\/index.php?rest_route=\/wp\/v2\/posts\/139658\/revisions"}],"wp:featuredmedia":[{"embeddable":true,"href":"https:\/\/aconteceunovale.com.br\/portal\/index.php?rest_route=\/wp\/v2\/media\/71442"}],"wp:attachment":[{"href":"https:\/\/aconteceunovale.com.br\/portal\/index.php?rest_route=%2Fwp%2Fv2%2Fmedia&parent=139658"}],"wp:term":[{"taxonomy":"category","embeddable":true,"href":"https:\/\/aconteceunovale.com.br\/portal\/index.php?rest_route=%2Fwp%2Fv2%2Fcategories&post=139658"},{"taxonomy":"post_tag","embeddable":true,"href":"https:\/\/aconteceunovale.com.br\/portal\/index.php?rest_route=%2Fwp%2Fv2%2Ftags&post=139658"}],"curies":[{"name":"wp","href":"https:\/\/api.w.org\/{rel}","templated":true}]}}