{"id":139646,"date":"2018-11-25T23:31:42","date_gmt":"2018-11-26T01:31:42","guid":{"rendered":"http:\/\/aconteceunovale.com.br\/portal\/?p=139646"},"modified":"2018-11-25T23:31:42","modified_gmt":"2018-11-26T01:31:42","slug":"mais-de-96-das-vagas-do-programa-mais-medicos-foram-preenchidas-informa-ministerio-da-saude","status":"publish","type":"post","link":"https:\/\/aconteceunovale.com.br\/portal\/?p=139646","title":{"rendered":"Mais de 96% das vagas do programa Mais M\u00e9dicos foram preenchidas, informa Minist\u00e9rio da Sa\u00fade"},"content":{"rendered":"<p>O Minist\u00e9rio da Sa\u00fade informou hoje (25\/11\/2018) que 96,6% das vagas do programa Mais M\u00e9dicos foram preenchidas. Segundo o \u00f3rg\u00e3o, o site est\u00e1 est\u00e1vel e as inscri\u00e7\u00f5es seguem at\u00e9 7 de dezembro.<\/p>\n<p>A apresenta\u00e7\u00e3o dos profissionais aos munic\u00edpios deve ocorrer imediatamente at\u00e9 14 de dezembro.<\/p>\n<p>At\u00e9 as 17h deste domingo havia 29.780 inscritos com registro do Conselho Regional de Medicina (CRM) no Brasil, dos quais 20.767 foram efetivadas e 8.230 profissionais j\u00e1 est\u00e3o alocados no munic\u00edpio para atua\u00e7\u00e3o imediata.<\/p>\n<p>Na apresenta\u00e7\u00e3o ao munic\u00edpio, o m\u00e9dico deve entregar todos os documentos exigidos no edital. At\u00e9 o momento, 40 m\u00e9dicos j\u00e1 se apresentaram nas unidades b\u00e1sicas de sa\u00fade.<\/p>\n<p><strong>VER PRIMEIRO<\/strong><\/p>\n<p>Receba as not\u00edcias do Aconteceu no Vale em primeira m\u00e3o. Clique em curtir no endere\u00e7o <a href=\"https:\/\/www.facebook.com\/aconteceunovale\" target=\"_blank\"><font color=\"red\">www.facebook.com\/aconteceunovale<\/font><\/a> ou no box abaixo:<\/p>\n<div class=\"fb-like\" data-href=\"https:\/\/www.facebook.com\/aconteceunovale\" data-width=\"120\" data-layout=\"standard\" data-action=\"like\" data-size=\"small\" data-show-faces=\"true\" data-share=\"true\"><\/div>\n<p><\/br><\/p>\n<p><em>(Fonte: Ag\u00eancia Brasil)<\/em><\/p>\n","protected":false},"excerpt":{"rendered":"<p>O Minist\u00e9rio da Sa\u00fade informou hoje (25\/11\/2018) que 96,6% das vagas do programa Mais M\u00e9dicos foram preenchidas. Segundo o \u00f3rg\u00e3o, o site est\u00e1 est\u00e1vel e as inscri\u00e7\u00f5es seguem at\u00e9 7 de dezembro. A apresenta\u00e7\u00e3o dos profissionais aos munic\u00edpios deve ocorrer imediatamente at\u00e9 14 de dezembro. At\u00e9 as 17h deste domingo havia 29.780 inscritos com registro [&hellip;]<\/p>\n","protected":false},"author":1,"featured_media":139388,"comment_status":"open","ping_status":"closed","sticky":false,"template":"","format":"standard","meta":{"amp_status":"","footnotes":""},"categories":[6,40242],"tags":[73577,4825,187394,67521,152046,187078,187393,187395,6855,19326,187075,187076,74985,550,187077,28873],"class_list":["post-139646","post","type-post","status-publish","format-standard","has-post-thumbnail","hentry","category-br","category-saude-2","tag-cfm","tag-cuba","tag-diz-saude","tag-dsei","tag-informa-ministerio-da-saude","tag-inscricoes-para-mais-medicos","tag-mais-de-96-das-vagas-do-mais-medicos-foram-preenchidas","tag-mais-de-96-das-vagas-do-programa-mais-medicos-foram-preenchidas","tag-mais-medicos","tag-ministerio-da-saude","tag-nova-selecao-de-profissionais-do-programa-mais-medicos","tag-nova-selecao-do-programa-mais-medicos-registra-mais-de-6-mil-inscricoes","tag-opas","tag-programa-mais-medicos","tag-selecao-do-programa-mais-medicos","tag-sus"],"_links":{"self":[{"href":"https:\/\/aconteceunovale.com.br\/portal\/index.php?rest_route=\/wp\/v2\/posts\/139646","targetHints":{"allow":["GET"]}}],"collection":[{"href":"https:\/\/aconteceunovale.com.br\/portal\/index.php?rest_route=\/wp\/v2\/posts"}],"about":[{"href":"https:\/\/aconteceunovale.com.br\/portal\/index.php?rest_route=\/wp\/v2\/types\/post"}],"author":[{"embeddable":true,"href":"https:\/\/aconteceunovale.com.br\/portal\/index.php?rest_route=\/wp\/v2\/users\/1"}],"replies":[{"embeddable":true,"href":"https:\/\/aconteceunovale.com.br\/portal\/index.php?rest_route=%2Fwp%2Fv2%2Fcomments&post=139646"}],"version-history":[{"count":0,"href":"https:\/\/aconteceunovale.com.br\/portal\/index.php?rest_route=\/wp\/v2\/posts\/139646\/revisions"}],"wp:featuredmedia":[{"embeddable":true,"href":"https:\/\/aconteceunovale.com.br\/portal\/index.php?rest_route=\/wp\/v2\/media\/139388"}],"wp:attachment":[{"href":"https:\/\/aconteceunovale.com.br\/portal\/index.php?rest_route=%2Fwp%2Fv2%2Fmedia&parent=139646"}],"wp:term":[{"taxonomy":"category","embeddable":true,"href":"https:\/\/aconteceunovale.com.br\/portal\/index.php?rest_route=%2Fwp%2Fv2%2Fcategories&post=139646"},{"taxonomy":"post_tag","embeddable":true,"href":"https:\/\/aconteceunovale.com.br\/portal\/index.php?rest_route=%2Fwp%2Fv2%2Ftags&post=139646"}],"curies":[{"name":"wp","href":"https:\/\/api.w.org\/{rel}","templated":true}]}}