{"id":139610,"date":"2018-11-25T10:12:45","date_gmt":"2018-11-25T12:12:45","guid":{"rendered":"http:\/\/aconteceunovale.com.br\/portal\/?p=139610"},"modified":"2018-11-25T10:12:45","modified_gmt":"2018-11-25T12:12:45","slug":"homem-e-preso-em-montes-claros-apos-espancar-esposa-com-jarra-de-vidro","status":"publish","type":"post","link":"https:\/\/aconteceunovale.com.br\/portal\/?p=139610","title":{"rendered":"Homem \u00e9 preso em Montes Claros ap\u00f3s espancar esposa com jarra de vidro"},"content":{"rendered":"<p>Uma mulher de 41 anos foi espancada pelo marido em Montes Claros, no Norte de Minas, na madrugada deste domingo (25\/11\/2018). Segundo a Pol\u00edcia Militar (PM), o autor, de 46 anos, usou uma jarra de vidro para agredir a v\u00edtima.<\/p>\n<p>Segundo relatos da v\u00edtima, o esposo chegou em casa com sinais de embriaguez e dizendo manter um relacionamento com outra mulher. A v\u00edtima contou que passou a questionar o companheiro sobre as atitudes dele, mas o homem se alterou e passou a golpe\u00e1-la com a jarra.<\/p>\n<p>A PM informou ainda que a mulher foi socorrida pelo Corpo de Bombeiros a um hospital da cidade com diversos cortes na cabe\u00e7a, t\u00f3rax e bra\u00e7os.<\/p>\n<p>O autor das agress\u00f5es foi preso e encaminhado \u00e0 Delegacia de Pol\u00edcia Civil para prestar esclarecimentos. A PM registrou o caso como tentativa de homic\u00eddio.<\/p>\n<p><strong>VER PRIMEIRO<\/strong><\/p>\n<p>Receba as not\u00edcias do Aconteceu no Vale em primeira m\u00e3o. Clique em curtir no endere\u00e7o <a href=\"https:\/\/www.facebook.com\/aconteceunovale\" target=\"_blank\"><font color=\"red\">www.facebook.com\/aconteceunovale<\/font><\/a> ou no box abaixo:<\/p>\n<div class=\"fb-like\" data-href=\"https:\/\/www.facebook.com\/aconteceunovale\" data-width=\"120\" data-layout=\"standard\" data-action=\"like\" data-size=\"small\" data-show-faces=\"true\" data-share=\"true\"><\/div>\n<p><\/br><\/p>\n<p><em>(Fonte: G1 Grande Minas)<\/em><\/p>\n","protected":false},"excerpt":{"rendered":"<p>Uma mulher de 41 anos foi espancada pelo marido em Montes Claros, no Norte de Minas, na madrugada deste domingo (25\/11\/2018). Segundo a Pol\u00edcia Militar (PM), o autor, de 46 anos, usou uma jarra de vidro para agredir a v\u00edtima. Segundo relatos da v\u00edtima, o esposo chegou em casa com sinais de embriaguez e dizendo [&hellip;]<\/p>\n","protected":false},"author":1,"featured_media":71442,"comment_status":"open","ping_status":"closed","sticky":false,"template":"","format":"standard","meta":{"amp_status":"","footnotes":""},"categories":[1236],"tags":[187337,187340,187339,210,187338,66614,187336],"class_list":{"0":"post-139610","1":"post","2":"type-post","3":"status-publish","4":"format-standard","5":"has-post-thumbnail","6":"hentry","7":"category-norte_de_minas","8":"tag-homem-agride-mulher-em-montes-claros","11":"tag-montes-claros","12":"tag-mulher-agredida-pelo-marido-em-montes-claros","13":"tag-preso-em-montes-claros","14":"tag-preso-por-agressao-em-montes-claros"},"_links":{"self":[{"href":"https:\/\/aconteceunovale.com.br\/portal\/index.php?rest_route=\/wp\/v2\/posts\/139610","targetHints":{"allow":["GET"]}}],"collection":[{"href":"https:\/\/aconteceunovale.com.br\/portal\/index.php?rest_route=\/wp\/v2\/posts"}],"about":[{"href":"https:\/\/aconteceunovale.com.br\/portal\/index.php?rest_route=\/wp\/v2\/types\/post"}],"author":[{"embeddable":true,"href":"https:\/\/aconteceunovale.com.br\/portal\/index.php?rest_route=\/wp\/v2\/users\/1"}],"replies":[{"embeddable":true,"href":"https:\/\/aconteceunovale.com.br\/portal\/index.php?rest_route=%2Fwp%2Fv2%2Fcomments&post=139610"}],"version-history":[{"count":0,"href":"https:\/\/aconteceunovale.com.br\/portal\/index.php?rest_route=\/wp\/v2\/posts\/139610\/revisions"}],"wp:featuredmedia":[{"embeddable":true,"href":"https:\/\/aconteceunovale.com.br\/portal\/index.php?rest_route=\/wp\/v2\/media\/71442"}],"wp:attachment":[{"href":"https:\/\/aconteceunovale.com.br\/portal\/index.php?rest_route=%2Fwp%2Fv2%2Fmedia&parent=139610"}],"wp:term":[{"taxonomy":"category","embeddable":true,"href":"https:\/\/aconteceunovale.com.br\/portal\/index.php?rest_route=%2Fwp%2Fv2%2Fcategories&post=139610"},{"taxonomy":"post_tag","embeddable":true,"href":"https:\/\/aconteceunovale.com.br\/portal\/index.php?rest_route=%2Fwp%2Fv2%2Ftags&post=139610"}],"curies":[{"name":"wp","href":"https:\/\/api.w.org\/{rel}","templated":true}]}}