{"id":139607,"date":"2018-11-25T10:04:08","date_gmt":"2018-11-25T12:04:08","guid":{"rendered":"http:\/\/aconteceunovale.com.br\/portal\/?p=139607"},"modified":"2018-11-25T10:04:08","modified_gmt":"2018-11-25T12:04:08","slug":"traficante-e-preso-com-fuzil-e-grande-quantidade-de-drogas-em-montes-claros","status":"publish","type":"post","link":"https:\/\/aconteceunovale.com.br\/portal\/?p=139607","title":{"rendered":"Traficante \u00e9 preso com fuzil e grande quantidade de drogas em Montes Claros"},"content":{"rendered":"<p>Um jovem de 20 anos foi preso por tr\u00e1fico de drogas em Montes Claros, no Norte de Minas, na noite desse s\u00e1bado (24\/11\/2018). Segundo a Pol\u00edcia Militar, den\u00fancias indicaram que uma casa na Rua Democrata, no Bairro Alterosa, era utilizada como ponto de venda de entorpecentes.<\/p>\n<p>Militares montaram uma opera\u00e7\u00e3o e passaram a monitorar o local denunciado. Eles conseguiram abordar o jovem suspeito e durante buscas no im\u00f3vel foram apreendidas 705 buchas e dez tabletes de maconha; 75 pedras e tr\u00eas barras de crack; e ainda duas barras de coca\u00edna, balan\u00e7a de precis\u00e3o, uma garrucha de fabrica\u00e7\u00e3o artesanal, um fuzil 762 e diversas muni\u00e7\u00f5es.<\/p>\n<p>O homem foi preso e levado para a Delegacia de Pol\u00edcia Civil junto ao material apreendido.<\/p>\n<p><img decoding=\"async\" src=\"http:\/\/aconteceunovale.com.br\/portal\/wp-content\/uploads\/2018\/11\/trafico_moc.jpg\" alt=\"\" \/><em>Material foi levado para a delegacia \u2014 Foto: Pol\u00edcia Militar\/Divulga\u00e7\u00e3o<\/em><br \/>\n<\/br><\/p>\n<p><strong>VER PRIMEIRO<\/strong><\/p>\n<p>Receba as not\u00edcias do Aconteceu no Vale em primeira m\u00e3o. Clique em curtir no endere\u00e7o <a href=\"https:\/\/www.facebook.com\/aconteceunovale\" target=\"_blank\"><font color=\"red\">www.facebook.com\/aconteceunovale<\/font><\/a> ou no box abaixo:<\/p>\n<div class=\"fb-like\" data-href=\"https:\/\/www.facebook.com\/aconteceunovale\" data-width=\"120\" data-layout=\"standard\" data-action=\"like\" data-size=\"small\" data-show-faces=\"true\" data-share=\"true\"><\/div>\n<p><\/br><\/p>\n<p><em>(Fonte: G1 Grande Minas)<\/em><\/p>\n","protected":false},"excerpt":{"rendered":"<p>Um jovem de 20 anos foi preso por tr\u00e1fico de drogas em Montes Claros, no Norte de Minas, na noite desse s\u00e1bado (24\/11\/2018). Segundo a Pol\u00edcia Militar, den\u00fancias indicaram que uma casa na Rua Democrata, no Bairro Alterosa, era utilizada como ponto de venda de entorpecentes. Militares montaram uma opera\u00e7\u00e3o e passaram a monitorar o [&hellip;]<\/p>\n","protected":false},"author":1,"featured_media":139608,"comment_status":"open","ping_status":"closed","sticky":false,"template":"","format":"standard","meta":{"amp_status":"","footnotes":""},"categories":[1236],"tags":[84150,187334,187335,210,120463,148333,187333,124951,2549,124014],"class_list":["post-139607","post","type-post","status-publish","format-standard","has-post-thumbnail","hentry","category-norte_de_minas","tag-apreensao-de-drogas-em-montes-claros","tag-apreensao-de-fuzil-em-montes-claros","tag-fuzil-apreendido-em-montes-claros","tag-montes-claros","tag-preso-com-drogas-em-montes-claros","tag-preso-por-trafico-em-montes-claros","tag-traficante-e-preso-com-fuzil-e-grande-quantidade-de-drogas-em-montes-claros","tag-traficante-preso-em-montes-claros","tag-trafico-de-drogas-em-montes-claros","tag-trafico-em-montes-claros"],"_links":{"self":[{"href":"https:\/\/aconteceunovale.com.br\/portal\/index.php?rest_route=\/wp\/v2\/posts\/139607","targetHints":{"allow":["GET"]}}],"collection":[{"href":"https:\/\/aconteceunovale.com.br\/portal\/index.php?rest_route=\/wp\/v2\/posts"}],"about":[{"href":"https:\/\/aconteceunovale.com.br\/portal\/index.php?rest_route=\/wp\/v2\/types\/post"}],"author":[{"embeddable":true,"href":"https:\/\/aconteceunovale.com.br\/portal\/index.php?rest_route=\/wp\/v2\/users\/1"}],"replies":[{"embeddable":true,"href":"https:\/\/aconteceunovale.com.br\/portal\/index.php?rest_route=%2Fwp%2Fv2%2Fcomments&post=139607"}],"version-history":[{"count":0,"href":"https:\/\/aconteceunovale.com.br\/portal\/index.php?rest_route=\/wp\/v2\/posts\/139607\/revisions"}],"wp:featuredmedia":[{"embeddable":true,"href":"https:\/\/aconteceunovale.com.br\/portal\/index.php?rest_route=\/wp\/v2\/media\/139608"}],"wp:attachment":[{"href":"https:\/\/aconteceunovale.com.br\/portal\/index.php?rest_route=%2Fwp%2Fv2%2Fmedia&parent=139607"}],"wp:term":[{"taxonomy":"category","embeddable":true,"href":"https:\/\/aconteceunovale.com.br\/portal\/index.php?rest_route=%2Fwp%2Fv2%2Fcategories&post=139607"},{"taxonomy":"post_tag","embeddable":true,"href":"https:\/\/aconteceunovale.com.br\/portal\/index.php?rest_route=%2Fwp%2Fv2%2Ftags&post=139607"}],"curies":[{"name":"wp","href":"https:\/\/api.w.org\/{rel}","templated":true}]}}