{"id":139590,"date":"2018-11-24T15:54:27","date_gmt":"2018-11-24T17:54:27","guid":{"rendered":"http:\/\/aconteceunovale.com.br\/portal\/?p=139590"},"modified":"2018-11-24T15:54:27","modified_gmt":"2018-11-24T17:54:27","slug":"motociclista-morre-em-acidente-no-centro-de-montes-claros-no-norte-de-minas","status":"publish","type":"post","link":"https:\/\/aconteceunovale.com.br\/portal\/?p=139590","title":{"rendered":"Motociclista morre em acidente no Centro de Montes Claros, no Norte de Minas"},"content":{"rendered":"<p>Um motociclista de 47 anos morreu em um acidente com um carro no Centro de Montes Claros, no Norte de Minas, na manh\u00e3 deste s\u00e1bado (24\/11\/2018). De acordo com a Pol\u00edcia Militar, o motorista contou que a v\u00edtima avan\u00e7ou o sinal vermelho e bateu no ve\u00edculo. O acidente aconteceu no Cruzamento com a Avenida Artur Bernardes, pr\u00f3ximo \u00e0 Pra\u00e7a de Esportes.<\/p>\n<p>O motociclista foi socorrido por uma equipe do Servi\u00e7o de Atendimento M\u00f3vel de Urg\u00eancia (SAMUJ) e encaminhado ao hospital, mas n\u00e3o resistiu aos ferimentos e veio a \u00f3bito. Segundo o Samu, ele sofreu duas paradas cardiorrespirat\u00f3rias.<\/p>\n<p>A pol\u00edcia informou que o motorista n\u00e3o apresentava sinais vis\u00edveis de embriaguez, mas fez o teste do etil\u00f4metro que constatou 0,27 miligramas de \u00e1lcool por litro de ar expelido. Ele teve a CNH recolhida e o ve\u00edculo foi liberado para um familiar. As causas do acidente devem ser investigadas pela Pol\u00edcia Civil.<\/p>\n<p><img decoding=\"async\" src=\"http:\/\/aconteceunovale.com.br\/portal\/wp-content\/uploads\/2018\/11\/acidente_montes_claros.png\" alt=\"\" \/><em>Acidente aconteceu pr\u00f3ximo \u00e0 Pra\u00e7a de Esportes (Google Street View)<\/em><br \/>\n<\/br><\/p>\n<p><strong>VER PRIMEIRO<\/strong><\/p>\n<p>Receba as not\u00edcias do Aconteceu no Vale em primeira m\u00e3o. Clique em curtir no endere\u00e7o <a href=\"https:\/\/www.facebook.com\/aconteceunovale\" target=\"_blank\"><font color=\"red\">www.facebook.com\/aconteceunovale<\/font><\/a> ou no box abaixo:<\/p>\n<div class=\"fb-like\" data-href=\"https:\/\/www.facebook.com\/aconteceunovale\" data-width=\"120\" data-layout=\"standard\" data-action=\"like\" data-size=\"small\" data-show-faces=\"true\" data-share=\"true\"><\/div>\n<p><\/br><\/p>\n<p><em>(Fonte: G1 Grande Minas)<\/em><\/p>\n","protected":false},"excerpt":{"rendered":"<p>Um motociclista de 47 anos morreu em um acidente com um carro no Centro de Montes Claros, no Norte de Minas, na manh\u00e3 deste s\u00e1bado (24\/11\/2018). De acordo com a Pol\u00edcia Militar, o motorista contou que a v\u00edtima avan\u00e7ou o sinal vermelho e bateu no ve\u00edculo. O acidente aconteceu no Cruzamento com a Avenida Artur [&hellip;]<\/p>\n","protected":false},"author":1,"featured_media":139591,"comment_status":"open","ping_status":"closed","sticky":false,"template":"","format":"standard","meta":{"amp_status":"","footnotes":""},"categories":[1236],"tags":[137556,187291,187297,16673,66285,112602,9147,187292,187296,1018,210,187293,187294,33228,187295],"class_list":["post-139590","post","type-post","status-publish","format-standard","has-post-thumbnail","hentry","category-norte_de_minas","tag-acidente-com-moto-em-montes-claros","tag-acidente-com-mototciclista-em-montes-claros","tag-acidente-com-renato-wagner-lopes","tag-acidente-em-montes-claros","tag-acidente-entre-carro-e-moto-em-montes-claros","tag-acidente-entre-moto-e-carro-em-montes-claros","tag-acidente-no-centro-de-montes-claros","tag-acidente-perto-da-praca-de-esportes-de-montes-claros","tag-acidente-renato-wagner-lopes","tag-destaque","tag-montes-claros","tag-motociclista-morre-em-acidente-no-centro-de-montes-claros","tag-motociclista-morre-em-acidente-no-centro-de-montes-claros-no-norte-de-minas","tag-no-norte-de-minas","tag-renato-wagner-lopes"],"_links":{"self":[{"href":"https:\/\/aconteceunovale.com.br\/portal\/index.php?rest_route=\/wp\/v2\/posts\/139590","targetHints":{"allow":["GET"]}}],"collection":[{"href":"https:\/\/aconteceunovale.com.br\/portal\/index.php?rest_route=\/wp\/v2\/posts"}],"about":[{"href":"https:\/\/aconteceunovale.com.br\/portal\/index.php?rest_route=\/wp\/v2\/types\/post"}],"author":[{"embeddable":true,"href":"https:\/\/aconteceunovale.com.br\/portal\/index.php?rest_route=\/wp\/v2\/users\/1"}],"replies":[{"embeddable":true,"href":"https:\/\/aconteceunovale.com.br\/portal\/index.php?rest_route=%2Fwp%2Fv2%2Fcomments&post=139590"}],"version-history":[{"count":0,"href":"https:\/\/aconteceunovale.com.br\/portal\/index.php?rest_route=\/wp\/v2\/posts\/139590\/revisions"}],"wp:featuredmedia":[{"embeddable":true,"href":"https:\/\/aconteceunovale.com.br\/portal\/index.php?rest_route=\/wp\/v2\/media\/139591"}],"wp:attachment":[{"href":"https:\/\/aconteceunovale.com.br\/portal\/index.php?rest_route=%2Fwp%2Fv2%2Fmedia&parent=139590"}],"wp:term":[{"taxonomy":"category","embeddable":true,"href":"https:\/\/aconteceunovale.com.br\/portal\/index.php?rest_route=%2Fwp%2Fv2%2Fcategories&post=139590"},{"taxonomy":"post_tag","embeddable":true,"href":"https:\/\/aconteceunovale.com.br\/portal\/index.php?rest_route=%2Fwp%2Fv2%2Ftags&post=139590"}],"curies":[{"name":"wp","href":"https:\/\/api.w.org\/{rel}","templated":true}]}}