{"id":139554,"date":"2018-11-23T12:07:18","date_gmt":"2018-11-23T14:07:18","guid":{"rendered":"http:\/\/aconteceunovale.com.br\/portal\/?p=139554"},"modified":"2018-11-23T12:07:18","modified_gmt":"2018-11-23T14:07:18","slug":"samsung-electronics-se-desculpa-por-cancer-e-outros-males-causados-a-funcionarios","status":"publish","type":"post","link":"https:\/\/aconteceunovale.com.br\/portal\/?p=139554","title":{"rendered":"Samsung Electronics se desculpa por c\u00e2ncer e outros males causados a funcion\u00e1rios"},"content":{"rendered":"<p>A Samsung Electronics se desculpou publicamente hoje (23\/11\/2018) pelo c\u00e2ncer e outras doen\u00e7as causadas aos seus funcion\u00e1rios, incluindo danos cong\u00eanitos aos filhos das v\u00edtimas, e destacou seu compromisso de pagar as compensa\u00e7\u00f5es econ\u00f4micas fixadas.<\/p>\n<p>&#8220;N\u00e3o levamos a s\u00e9rio todas essas doen\u00e7as e n\u00e3o resolvemos rapidamente a quest\u00e3o&#8221;, afirmou o copresidente da companhia, Kim Ki-nam, em um ato de desculpa p\u00fablica no qual participou junto a representantes dos afetados, segundo informou a imprensa de Seul.<\/p>\n<p>O assunto surgiu em 2007, quando o funcion\u00e1rio Hwang Yu-mi morreu de leucemia e come\u00e7aram a surgir outros casos que afetaram antigos trabalhadores de f\u00e1bricas de microprocessadores e telas da Samsung.<\/p>\n<p>Grupos calculam que as v\u00edtimas s\u00e3o mais de duzentas.<\/p>\n<p>&#8220;Queridos colegas e suas fam\u00edlias sofreram por um longo tempo, mas a Samsung Electronics n\u00e3o afrontou este tema antes&#8221;, lamentou Kim.<\/p>\n<p>Um comit\u00ea de media\u00e7\u00e3o entre as partes anunciou um acordo pelo qual a companhia ter\u00e1 que pagar 150 milh\u00f5es de wons (US$ 132 mil) por cada caso.<\/p>\n<p>Um representante do grupo que defende os afetados, Hwang Sang-ki, pai do funcion\u00e1rio que morreu de leucemia em 2007, expressou no mesmo ato sua esperan\u00e7a de que a companhia prepare um plano completo de compensa\u00e7\u00e3o a quem sofreu doen\u00e7as.<\/p>\n<p>&#8220;Estou feliz que tenha podido cumprir a promessa que fiz a Yu-mi&#8221;, afirmou Hwang ao se referir ao seu filho falecido. &#8220;Mas n\u00e3o posso esquecer todo o dano causado a Yu-mi e \u00e0 minha fam\u00edlia&#8221;, acrescentou.<\/p>\n<p><strong>VER PRIMEIRO<\/strong><\/p>\n<p>Receba as not\u00edcias do Aconteceu no Vale em primeira m\u00e3o. Clique em curtir no endere\u00e7o <a href=\"https:\/\/www.facebook.com\/aconteceunovale\" target=\"_blank\"><font color=\"red\">www.facebook.com\/aconteceunovale<\/font><\/a> ou no box abaixo:<\/p>\n<div class=\"fb-like\" data-href=\"https:\/\/www.facebook.com\/aconteceunovale\" data-width=\"120\" data-layout=\"standard\" data-action=\"like\" data-size=\"small\" data-show-faces=\"true\" data-share=\"true\"><\/div>\n<p><\/br><\/p>\n<p><em>(Fonte: Ag\u00eancia Brasil)<\/em><\/p>\n","protected":false},"excerpt":{"rendered":"<p>A Samsung Electronics se desculpou publicamente hoje (23\/11\/2018) pelo c\u00e2ncer e outras doen\u00e7as causadas aos seus funcion\u00e1rios, incluindo danos cong\u00eanitos aos filhos das v\u00edtimas, e destacou seu compromisso de pagar as compensa\u00e7\u00f5es econ\u00f4micas fixadas. &#8220;N\u00e3o levamos a s\u00e9rio todas essas doen\u00e7as e n\u00e3o resolvemos rapidamente a quest\u00e3o&#8221;, afirmou o copresidente da companhia, Kim Ki-nam, em [&hellip;]<\/p>\n","protected":false},"author":1,"featured_media":139555,"comment_status":"open","ping_status":"closed","sticky":false,"template":"","format":"standard","meta":{"amp_status":"","footnotes":""},"categories":[28848],"tags":[26735,78881,187249,187248,136947,187247,187246],"class_list":["post-139554","post","type-post","status-publish","format-standard","has-post-thumbnail","hentry","category-mundo","tag-doencas","tag-funcionarios","tag-hwang-sang-ki","tag-kim-ki-nam","tag-samsung","tag-samsung-electronics","tag-samsung-electronics-se-desculpa-por-cancer-e-outros-males-causados-a-funcionarios"],"_links":{"self":[{"href":"https:\/\/aconteceunovale.com.br\/portal\/index.php?rest_route=\/wp\/v2\/posts\/139554","targetHints":{"allow":["GET"]}}],"collection":[{"href":"https:\/\/aconteceunovale.com.br\/portal\/index.php?rest_route=\/wp\/v2\/posts"}],"about":[{"href":"https:\/\/aconteceunovale.com.br\/portal\/index.php?rest_route=\/wp\/v2\/types\/post"}],"author":[{"embeddable":true,"href":"https:\/\/aconteceunovale.com.br\/portal\/index.php?rest_route=\/wp\/v2\/users\/1"}],"replies":[{"embeddable":true,"href":"https:\/\/aconteceunovale.com.br\/portal\/index.php?rest_route=%2Fwp%2Fv2%2Fcomments&post=139554"}],"version-history":[{"count":0,"href":"https:\/\/aconteceunovale.com.br\/portal\/index.php?rest_route=\/wp\/v2\/posts\/139554\/revisions"}],"wp:featuredmedia":[{"embeddable":true,"href":"https:\/\/aconteceunovale.com.br\/portal\/index.php?rest_route=\/wp\/v2\/media\/139555"}],"wp:attachment":[{"href":"https:\/\/aconteceunovale.com.br\/portal\/index.php?rest_route=%2Fwp%2Fv2%2Fmedia&parent=139554"}],"wp:term":[{"taxonomy":"category","embeddable":true,"href":"https:\/\/aconteceunovale.com.br\/portal\/index.php?rest_route=%2Fwp%2Fv2%2Fcategories&post=139554"},{"taxonomy":"post_tag","embeddable":true,"href":"https:\/\/aconteceunovale.com.br\/portal\/index.php?rest_route=%2Fwp%2Fv2%2Ftags&post=139554"}],"curies":[{"name":"wp","href":"https:\/\/api.w.org\/{rel}","templated":true}]}}