{"id":139549,"date":"2018-11-23T11:47:04","date_gmt":"2018-11-23T13:47:04","guid":{"rendered":"http:\/\/aconteceunovale.com.br\/portal\/?p=139549"},"modified":"2018-11-23T11:47:27","modified_gmt":"2018-11-23T13:47:27","slug":"produtores-de-angelandia-estao-entre-finalistas-do-maior-concurso-de-cafe-do-brasil","status":"publish","type":"post","link":"https:\/\/aconteceunovale.com.br\/portal\/?p=139549","title":{"rendered":"Produtores de Angel\u00e2ndia est\u00e3o entre finalistas do maior concurso de caf\u00e9 do Brasil"},"content":{"rendered":"<p>Definidos os 20 finalistas do 15\u00ba Concurso Estadual de Qualidade dos Caf\u00e9s de Minas Gerais. A competi\u00e7\u00e3o \u00e9 a maior do pa\u00eds e neste ano contou com 1.892 inscritos.<\/p>\n<p>A divulga\u00e7\u00e3o dos camp\u00f5es ser\u00e1 no dia 3 de dezembro, \u00e0s 14h, no audit\u00f3rio da Emater-MG, em Belo Horizonte. Ser\u00e3o anunciados os vencedores estaduais e aqueles de cada uma das quatro regi\u00f5es produtoras de caf\u00e9 em Minas Gerais: Sul de Minas, Chapada de Minas, Cerrado e Matas de Minas. O concurso tamb\u00e9m ir\u00e1 destacar a mulher cafeicultora que obteve a melhor nota entre os finalistas. <\/p>\n<p>\u201cO caf\u00e9 que chega \u00e0 fase final de um concurso como este \u00e9 um caf\u00e9 diferenciado, com sabores e aromas agrad\u00e1veis, bem acima do padr\u00e3o m\u00e9dio de consumo. Al\u00e9m disso, \u00e9 um caf\u00e9 com um valor agregado muito grande, que encontra espa\u00e7o num mercado exigente, que busca um caf\u00e9 de alta qualidade\u201d, explica o coordenador do concurso e gerente regional da Emater-MG em Guaxup\u00e9, Willem de Ara\u00fajo. <\/p>\n<p>A competi\u00e7\u00e3o \u00e9 dividida em duas categorias. Uma delas \u00e9 a do Caf\u00e9 Natural. Neste sistema, ap\u00f3s ser colhido, ele passa por um processo de lavagem e \u00e9 levado para secar.<\/p>\n<p>A outra categoria \u00e9 do Caf\u00e9 Cereja Descascado, Despolpado ou Desmucilado. Este tipo de caf\u00e9 \u00e9 lavado e h\u00e1 uma separa\u00e7\u00e3o dos frutos verdes e secos dos frutos maduros. Depois, ele passa por um descascador e segue para secagem. No caso do caf\u00e9 despolpado e desmucilado, h\u00e1 ainda uma fase na qual o produto passa por um tanque de fermenta\u00e7\u00e3o.<\/p>\n<p><img decoding=\"async\" src=\"http:\/\/aconteceunovale.com.br\/portal\/wp-content\/uploads\/2018\/11\/concurso_cafe_mg.jpg\" alt=\"\" \/><em>Concurso re\u00fane produtores de quatro regi\u00f5es (Foto: Divulga\u00e7\u00e3o\/Emater-MG)<\/em><br \/>\n<\/br>  <\/p>\n<p>Os caf\u00e9s inscritos passaram por uma bateria de an\u00e1lises f\u00edsicas e sensoriais realizada por uma equipe de especialistas, no Centro de Excel\u00eancia do Caf\u00e9, em Machado, no Sul de Minas.  Em 2017, os vencedores das duas categorias foram do munic\u00edpio de Espera Feliz, da regi\u00e3o das Matas de Minas. <\/p>\n<p>\u201cOs caf\u00e9s finalistas s\u00e3o produzidos com todo cuidado no campo. S\u00e3o colhidos com o grau de matura\u00e7\u00e3o correto, e os detalhes na hora da secagem e do armazenamento tamb\u00e9m s\u00e3o fundamentais. Este ano, observamos o surgimento de microrregi\u00f5es produtoras de caf\u00e9 de qualidade no Sul de Minas, e a consolida\u00e7\u00e3o do alto padr\u00e3o dos caf\u00e9s da regi\u00e3o das Matas de Minas\u201d, destaca Willem de Ara\u00fajo. <\/p>\n<p>O 15\u00ba Concurso Estadual de Qualidade dos Caf\u00e9s de Minas Gerais \u00e9 promovido pelo governo estadual, por meio da Emater-MG e Secretaria de Estado de Agricultura, Pecu\u00e1ria e Abastecimento (Seapa), em parceria com a Universidade Federal de Lavras (Ufla), Instituto Federal de Educa\u00e7\u00e3o, Ci\u00eancia e Tecnologia do Sul de Minas e a Funda\u00e7\u00e3o de Apoio ao Ensino, Pesquisa e Extens\u00e3o (Faepe).<\/p>\n<p><strong>Confira, a seguir, os produtores finalistas do 15\u00ba Concurso de Qualidade dos Caf\u00e9s de Minas Gerais 2018 (ordem alfab\u00e9tica):<\/strong><\/p>\n<p><strong>Categoria Natural:<\/strong><\/p>\n<p><span style=\"text-decoration: underline;\">Cerrado Mineiro<\/span><br \/>\n<em>Afonso Maria Vinhal &#8211; Serra do Salitre<br \/>\nGuimar\u00e3es Agropecu\u00e1ria Ltda. &#8211; Serra do Salitre<br \/>\nJos\u00e9 Carlos Grossi Segundo &#8211; Patroc\u00ednio<\/em><\/p>\n<p><span style=\"text-decoration: underline;\">Chapada de Minas<\/span><br \/>\n<em>Fazenda Sequ\u00f3ia Minas Ltda. EPP &#8211; Angel\u00e2ndia<\/em><\/p>\n<p><span style=\"text-decoration: underline;\">Matas de Minas<\/span><br \/>\n<em>Edmar Lopes &#8211; Araponga<br \/>\nJos\u00e9 Alexandre de Abreu Lacerda &#8211; Espera Feliz<br \/>\nJosias Gomes &#8211; Espera Feliz<\/em><\/p>\n<p><span style=\"text-decoration: underline;\">Sul de Minas<\/span><br \/>\n<em>C\u00e9lio Augusto da Silva &#8211; Cristina<br \/>\nJos\u00e9 Paulo Borges &#8211; S\u00e3o Gon\u00e7alo do Sapuca\u00ed<br \/>\nLeandro Cristiano de Silva Castro &#8211; Bueno Brand\u00e3o<\/em><\/p>\n<p><strong>Categoria Cereja Descascado\/Desmucilado ou Despolpado:<\/strong><\/p>\n<p><span style=\"text-decoration: underline;\">Cerrado Mineiro<\/span><br \/>\n<em>Afonso Maria Vinhal &#8211; Serra do Salitre<br \/>\nJo\u00e3o Domingos da Silva &#8211;\u00a0 Campos Altos<br \/>\nRafael Ribeiro Vinhal &#8211; Serra do Salitre<\/em><\/p>\n<p><span style=\"text-decoration: underline;\">Chapada de Minas<\/span><br \/>\n<em>Primavera Agroneg\u00f3cios Ltda. &#8211; Angel\u00e2ndia<\/em><\/p>\n<p><span style=\"text-decoration: underline;\">Matas de Minas\u00a0<\/span><br \/>\n<em>Ant\u00f4nio C\u00e9sar J\u00fanior &#8211; Espera Feliz<br \/>\nHor\u00e1cio Ant\u00f4nio de Moura &#8211; Simon\u00e9sia<br \/>\nWallace Ferreira Pedrosa &#8211; S\u00e3o Francisco do Gl\u00f3ria<\/em><\/p>\n<p><span style=\"text-decoration: underline;\">Sul de Minas<\/span><br \/>\n<em>Fl\u00e1vio Roberto Carvalho Ferraz &#8211; Dom Vi\u00e7oso<br \/>\nMarcelo Carvalho Ferraz &#8211; Dom Vi\u00e7oso<br \/>\nRegina Rocha Miranda Silva &#8211; S\u00e3o Pedro da Uni\u00e3o<\/em><\/p>\n<p><strong>VER PRIMEIRO<\/strong><\/p>\n<p>Receba as not\u00edcias do Aconteceu no Vale em primeira m\u00e3o. Clique em curtir no endere\u00e7o <a href=\"https:\/\/www.facebook.com\/aconteceunovale\" target=\"_blank\"><font color=\"red\">www.facebook.com\/aconteceunovale<\/font><\/a> ou no box abaixo:<\/p>\n<div class=\"fb-like\" data-href=\"https:\/\/www.facebook.com\/aconteceunovale\" data-width=\"120\" data-layout=\"standard\" data-action=\"like\" data-size=\"small\" data-show-faces=\"true\" data-share=\"true\"><\/div>\n<p><\/br><\/p>\n<p><em>(Fonte: Ag\u00eancia Minas)<\/em><\/p>\n","protected":false},"excerpt":{"rendered":"<p>Definidos os 20 finalistas do 15\u00ba Concurso Estadual de Qualidade dos Caf\u00e9s de Minas Gerais. A competi\u00e7\u00e3o \u00e9 a maior do pa\u00eds e neste ano contou com 1.892 inscritos. A divulga\u00e7\u00e3o dos camp\u00f5es ser\u00e1 no dia 3 de dezembro, \u00e0s 14h, no audit\u00f3rio da Emater-MG, em Belo Horizonte. Ser\u00e3o anunciados os vencedores estaduais e aqueles [&hellip;]<\/p>\n","protected":false},"author":1,"featured_media":139552,"comment_status":"open","ping_status":"closed","sticky":false,"template":"","format":"standard","meta":{"amp_status":"","footnotes":""},"categories":[6,123,120],"tags":[187221,187224,657,187236,1558,194,1017,34177,383,187228,134750,159731,187230,57534,187241,1506,187231,187218,187219,22083,52596,1018,68315,164397,25775,187222,1782,187227,187220,187213,164403,187225,187237,187234,187229,187226,187232,164398,187233,187216,187217,187215,187214,187239,133560,1489,22084,26492,187242,187245,187243,187244,187235,187240,1599,1541,52369,50429,2451,187238,187223],"class_list":["post-139549","post","type-post","status-publish","format-standard","has-post-thumbnail","hentry","category-br","category-gerais","category-jequi","tag-15o-concurso-estadual-de-qualidade-dos-cafes-de-minas-gerais","tag-afonso-maria-vinhal","tag-angelandia","tag-antonio-cesar-junior","tag-araponga","tag-belo-horizonte","tag-bh","tag-bueno-brandao","tag-cafe-da-chapada-de-minas","tag-cafe-da-matas-de-minas","tag-cafe-de-minas-gerais","tag-cafe-do-cerrado-mineiro","tag-cafe-do-sul-de-minas","tag-cafe-em-minas-gerais","tag-cafes-de-angelandia-estao-entre-finalistas-do-maior-concurso-do-brasil","tag-campos-altos","tag-celio-augusto-da-silva","tag-concurso-de-cafe-de-minas-gerais","tag-concurso-de-cafe-em-minas-gerais","tag-concurso-estadual-de-qualidade-dos-cafes-de-minas-gerais","tag-cristina","tag-destaque","tag-dom-vicoso","tag-edmar-lopes","tag-emater-mg","tag-emater-mg-em-guaxupe","tag-espera-feliz","tag-fazenda-sequoia-minas-ltda","tag-finalistas-concurso-de-cafe-em-minas-gerais","tag-finalistas-do-maior-concurso-de-cafe-do-pais-de-2018","tag-flavio-roberto-carvalho-ferraz","tag-guimaraes-agropecuaria-ltda","tag-horacio-antonio-de-moura","tag-joao-domingos-da-silva","tag-jose-alexandre-de-abreu-lacerda","tag-jose-carlos-grossi-segundo","tag-jose-paulo-borges","tag-josias-gomes","tag-leandro-cristiano-de-silva-castro","tag-maior-concurso-de-cafe","tag-maior-concurso-de-cafe-do-brasil","tag-maior-concurso-de-cafe-do-brasil-de-2018","tag-maior-concurso-de-cafe-do-pais-de-2018","tag-marcelo-carvalho-ferraz","tag-melhores-cafes-de-minas-gerais","tag-patrocinio","tag-primavera-agronegocios","tag-producao-de-cafe-em-minas-gerais","tag-produtores-de-angelandia-estao-entre-finalistas-do-maior-concurso-de-cafe-do-brasil","tag-produtores-do-jequitinhonha-estao-entre-finalistas-do-maior-concurso-de-cafe-do-brasil","tag-produtores-do-vale-do-jequitinhonha-estao-entre-finalistas-do-maior-concurso-de-cafe-do-brasil","tag-produtores-do-vale-estao-entre-finalistas-do-maior-concurso-de-cafe-do-brasil","tag-rafael-ribeiro-vinhal","tag-regina-rocha-miranda-silva","tag-sao-francisco-do-gloria","tag-sao-goncalo-do-sapucai","tag-sao-pedro-da-uniao","tag-serra-do-salitre","tag-simonesia","tag-wallace-ferreira-pedrosa","tag-willem-de-araujo"],"_links":{"self":[{"href":"https:\/\/aconteceunovale.com.br\/portal\/index.php?rest_route=\/wp\/v2\/posts\/139549","targetHints":{"allow":["GET"]}}],"collection":[{"href":"https:\/\/aconteceunovale.com.br\/portal\/index.php?rest_route=\/wp\/v2\/posts"}],"about":[{"href":"https:\/\/aconteceunovale.com.br\/portal\/index.php?rest_route=\/wp\/v2\/types\/post"}],"author":[{"embeddable":true,"href":"https:\/\/aconteceunovale.com.br\/portal\/index.php?rest_route=\/wp\/v2\/users\/1"}],"replies":[{"embeddable":true,"href":"https:\/\/aconteceunovale.com.br\/portal\/index.php?rest_route=%2Fwp%2Fv2%2Fcomments&post=139549"}],"version-history":[{"count":0,"href":"https:\/\/aconteceunovale.com.br\/portal\/index.php?rest_route=\/wp\/v2\/posts\/139549\/revisions"}],"wp:featuredmedia":[{"embeddable":true,"href":"https:\/\/aconteceunovale.com.br\/portal\/index.php?rest_route=\/wp\/v2\/media\/139552"}],"wp:attachment":[{"href":"https:\/\/aconteceunovale.com.br\/portal\/index.php?rest_route=%2Fwp%2Fv2%2Fmedia&parent=139549"}],"wp:term":[{"taxonomy":"category","embeddable":true,"href":"https:\/\/aconteceunovale.com.br\/portal\/index.php?rest_route=%2Fwp%2Fv2%2Fcategories&post=139549"},{"taxonomy":"post_tag","embeddable":true,"href":"https:\/\/aconteceunovale.com.br\/portal\/index.php?rest_route=%2Fwp%2Fv2%2Ftags&post=139549"}],"curies":[{"name":"wp","href":"https:\/\/api.w.org\/{rel}","templated":true}]}}