{"id":139547,"date":"2018-11-23T00:16:56","date_gmt":"2018-11-23T02:16:56","guid":{"rendered":"http:\/\/aconteceunovale.com.br\/portal\/?p=139547"},"modified":"2018-11-23T00:16:56","modified_gmt":"2018-11-23T02:16:56","slug":"sentenca-do-ex-presidente-lula-sobre-sitio-em-atibaia-deve-ser-proferida-so-em-2019","status":"publish","type":"post","link":"https:\/\/aconteceunovale.com.br\/portal\/?p=139547","title":{"rendered":"Senten\u00e7a do ex-presidente Lula sobre s\u00edtio em Atibaia deve ser proferida s\u00f3 em 2019"},"content":{"rendered":"<p>A senten\u00e7a do ex-presidente Luiz In\u00e1cio Lula da Silva no caso do s\u00edtio de Atibaia (SP) dever\u00e1 ser proferida somente em 2019. Lula \u00e9 r\u00e9u na a\u00e7\u00e3o penal que trata das reformas feitas na propriedade, que era frequentada por sua fam\u00edlia.<\/p>\n<p>No processo, Lula e mais 12 r\u00e9us respondem \u00e0s acusa\u00e7\u00f5es de corrup\u00e7\u00e3o e lavagem de dinheiro, entre eles os empres\u00e1rios Marcelo e Em\u00edlio Odebrecht e L\u00e9o Pinheiro, da OAS, e o pecuarista Jos\u00e9 Carlos Bumlai.<\/p>\n<p>No despacho proferido ontem (22), a ju\u00edza Gabriela Hardt encerrou a instru\u00e7\u00e3o do processo e fixou o dia 7 de janeiro de 2019 como \u00faltimo dia para os advogados do ex-presidente entregarem as alega\u00e7\u00f5es finais, \u00faltima fase antes da senten\u00e7a. A partir da manifesta\u00e7\u00e3o dos advogados, a senten\u00e7a pela condena\u00e7\u00e3o ou absolvi\u00e7\u00e3o poder\u00e1 ser proferida.<\/p>\n<p>Na mesma decis\u00e3o, a magistrada disse que dever\u00e1 ficar respons\u00e1vel pela 13\u00aa Vara Federal em Curitiba pelo menos at\u00e9 30 de abril de 2019. A ju\u00edza substituiu o antigo titular, S\u00e9rgio Moro, que vai ocupar o cargo de ministro da Justi\u00e7a no governo do presidente eleito, Jair Bolsonaro, a partir de 1\u00ba de janeiro.<\/p>\n<p>Em depoimento prestado na semana passada, Lula negou ter conhecimento sobre as reformas realizadas no s\u00edtio. A defesa do ex-presidente tamb\u00e9m reafirmou que a propriedade do s\u00edtio Santa B\u00e1rbara, &#8220;pertence de fato e de direito \u00e0 fam\u00edlia Bittar, conforme farta documenta\u00e7\u00e3o constante no processo.&#8221;<\/p>\n<p><strong>VER PRIMEIRO<\/strong><\/p>\n<p>Receba as not\u00edcias do Aconteceu no Vale em primeira m\u00e3o. Clique em curtir no endere\u00e7o <a href=\"https:\/\/www.facebook.com\/aconteceunovale\" target=\"_blank\"><font color=\"red\">www.facebook.com\/aconteceunovale<\/font><\/a> ou no box abaixo:<\/p>\n<div class=\"fb-like\" data-href=\"https:\/\/www.facebook.com\/aconteceunovale\" data-width=\"120\" data-layout=\"standard\" data-action=\"like\" data-size=\"small\" data-show-faces=\"true\" data-share=\"true\"><\/div>\n<p><\/br><\/p>\n<p><em>(Fonte: Ag\u00eancia Brasil)<\/em><\/p>\n","protected":false},"excerpt":{"rendered":"<p>A senten\u00e7a do ex-presidente Luiz In\u00e1cio Lula da Silva no caso do s\u00edtio de Atibaia (SP) dever\u00e1 ser proferida somente em 2019. Lula \u00e9 r\u00e9u na a\u00e7\u00e3o penal que trata das reformas feitas na propriedade, que era frequentada por sua fam\u00edlia. No processo, Lula e mais 12 r\u00e9us respondem \u00e0s acusa\u00e7\u00f5es de corrup\u00e7\u00e3o e lavagem [&hellip;]<\/p>\n","protected":false},"author":1,"featured_media":139015,"comment_status":"open","ping_status":"closed","sticky":false,"template":"","format":"standard","meta":{"amp_status":"","footnotes":""},"categories":[6,40240],"tags":[3429,148722,186207,186205,186323,82255,186208,173294,23452,27144,14124,7147,186321,187212,82550,186322,187211,87586,82608,109387,186206],"class_list":["post-139547","post","type-post","status-publish","format-standard","has-post-thumbnail","hentry","category-br","category-politica-2","tag-atibaia","tag-depoimento-de-lula","tag-depoimento-do-ex-presidente-lula","tag-depoimento-em-curitiba","tag-diz-juiza-ao-ex-presidente-lula","tag-ex-presidente-lula","tag-interrogatorio-ex-presidente-lula","tag-julgamento-ex-presidente-lula","tag-justica-federal","tag-lava-jato","tag-luiz-inacio-lula-da-silva","tag-lula","tag-lula-nega-que-seja-dono-de-sitio-em-atibaia","tag-prazo-para-alegacoes-finais","tag-processo-ex-presidente-lula","tag-se-comecar-neste-tom-a-gente-vai-ter-problema","tag-sentenca-do-ex-presidente-lula-sobre-sitio-em-atibaia-deve-ser-proferida-so-em-2019","tag-sitio-de-atibaia","tag-sitio-em-atibaia","tag-sitio-santa-barbara","tag-termina-depoimento-do-ex-presidente-lula-no-caso-do-sitio-de-atibaia"],"_links":{"self":[{"href":"https:\/\/aconteceunovale.com.br\/portal\/index.php?rest_route=\/wp\/v2\/posts\/139547","targetHints":{"allow":["GET"]}}],"collection":[{"href":"https:\/\/aconteceunovale.com.br\/portal\/index.php?rest_route=\/wp\/v2\/posts"}],"about":[{"href":"https:\/\/aconteceunovale.com.br\/portal\/index.php?rest_route=\/wp\/v2\/types\/post"}],"author":[{"embeddable":true,"href":"https:\/\/aconteceunovale.com.br\/portal\/index.php?rest_route=\/wp\/v2\/users\/1"}],"replies":[{"embeddable":true,"href":"https:\/\/aconteceunovale.com.br\/portal\/index.php?rest_route=%2Fwp%2Fv2%2Fcomments&post=139547"}],"version-history":[{"count":0,"href":"https:\/\/aconteceunovale.com.br\/portal\/index.php?rest_route=\/wp\/v2\/posts\/139547\/revisions"}],"wp:featuredmedia":[{"embeddable":true,"href":"https:\/\/aconteceunovale.com.br\/portal\/index.php?rest_route=\/wp\/v2\/media\/139015"}],"wp:attachment":[{"href":"https:\/\/aconteceunovale.com.br\/portal\/index.php?rest_route=%2Fwp%2Fv2%2Fmedia&parent=139547"}],"wp:term":[{"taxonomy":"category","embeddable":true,"href":"https:\/\/aconteceunovale.com.br\/portal\/index.php?rest_route=%2Fwp%2Fv2%2Fcategories&post=139547"},{"taxonomy":"post_tag","embeddable":true,"href":"https:\/\/aconteceunovale.com.br\/portal\/index.php?rest_route=%2Fwp%2Fv2%2Ftags&post=139547"}],"curies":[{"name":"wp","href":"https:\/\/api.w.org\/{rel}","templated":true}]}}