{"id":13927,"date":"2013-11-28T12:30:22","date_gmt":"2013-11-28T14:30:22","guid":{"rendered":"http:\/\/aconteceunovale.com.br\/portal\/?p=13927"},"modified":"2026-09-02T12:09:49","modified_gmt":"2026-09-02T15:09:49","slug":"almenara-suspeito-de-furto-podera-responder-por-3-outros-crimes","status":"publish","type":"post","link":"https:\/\/aconteceunovale.com.br\/portal\/?p=13927","title":{"rendered":"ALMENARA: Suspeito de furto poder\u00e1 responder por 3 outros crimes"},"content":{"rendered":"<p>Um homem suspeito de ter praticado furto foi preso por posse ilegal de arma de fogo e ainda poder\u00e1 responder por recepta\u00e7\u00e3o ap\u00f3s ter se enrolado durante sua argumenta\u00e7\u00e3o de defesa na tarde de ter\u00e7a-feira, 26, em Almenara\/MG, no Vale do Jequitinhonha. Segundo os policiais militares, o homem \u00e9 suspeito de ter furtado os aparelhos mas durante questionamento sobre a origem dos aparelhos furtados que estavam com ele, o suspeito alegou ter comprado de uma terceira pessoa.<\/p>\n<p>Durante patrulhamento, a PM deparou com um suspeito de ter furtado diversos produtos, o homem tentou fugir mas foi contido e abordado. Ele correu um quarteir\u00e3o do bairro conhecido como Vila Serrana antes de ser preso. Em uma bolsa em suas costas, foram encontrados dois notebook e uma c\u00e2mera fotogr\u00e1fica furtada. As v\u00edtimas dos furtos foram acionadas e reconheceram seus aparelhos. Na casa do suspeito, a PM apreendeu uma arma de fogo tipo polveira e dois celulares de proced\u00eancia duvidosa. O suspeito foi encaminhado para a delegacia pela posse da arma de fogo e poder\u00e1 responder pela pr\u00e1tica de Recepta\u00e7\u00e3o e pelos furtos.<\/p>\n<p><img loading=\"lazy\" decoding=\"async\" alt=\"\" src=\"http:\/\/aconteceunovale.com.br\/portal\/wp-content\/uploads\/2013\/11\/apreensao_almenara2.jpg\" width=\"1600\" height=\"1200\" border=\"0\" \/><\/p>\n<p><img loading=\"lazy\" decoding=\"async\" alt=\"\" src=\"http:\/\/aconteceunovale.com.br\/portal\/wp-content\/uploads\/2013\/11\/apreensao_almenara.jpg\" width=\"1600\" height=\"1200\" border=\"0\" \/><\/p>\n<p><em>&#8220;\u00c9 permitida a reprodu\u00e7\u00e3o deste material, desde que citada a fonte: Portal Aconteceu no Vale (<a href=\"http:\/\/www.aconteceunovale.com.br\">www.aconteceunovale.com.br<\/a>)&#8221;<\/em><strong><\/p>\n","protected":false},"excerpt":{"rendered":"<p>Um homem suspeito de ter praticado furto foi preso por posse ilegal de arma de fogo e ainda poder\u00e1 responder por recepta\u00e7\u00e3o ap\u00f3s ter se enrolado durante sua argumenta\u00e7\u00e3o de defesa na tarde de ter\u00e7a-feira, 26, em Almenara\/MG, no Vale do Jequitinhonha. Segundo os policiais militares, o homem \u00e9 suspeito de ter furtado os aparelhos [&hellip;]<\/p>\n","protected":false},"author":1,"featured_media":13931,"comment_status":"open","ping_status":"closed","sticky":false,"template":"","format":"standard","meta":{"amp_status":"","footnotes":""},"categories":[272528,120],"tags":[142],"class_list":["post-13927","post","type-post","status-publish","format-standard","has-post-thumbnail","hentry","category-almenara","category-jequi","tag-almenara"],"yoast_head":"<!-- This site is optimized with the Yoast SEO plugin v28.3 - https:\/\/yoast.com\/product\/yoast-seo-wordpress\/ -->\n<title>ALMENARA: Suspeito de furto poder\u00e1 responder por 3 outros crimes - Aconteceu no Vale<\/title>\n<meta name=\"robots\" content=\"index, follow, max-snippet:-1, max-image-preview:large, max-video-preview:-1\" \/>\n<link rel=\"canonical\" href=\"https:\/\/aconteceunovale.com.br\/portal\/?p=13927\" \/>\n<meta property=\"og:locale\" content=\"pt_BR\" \/>\n<meta property=\"og:type\" content=\"article\" \/>\n<meta property=\"og:title\" content=\"ALMENARA: Suspeito de furto poder\u00e1 responder por 3 outros crimes - Aconteceu no Vale\" \/>\n<meta property=\"og:description\" content=\"Um homem suspeito de ter praticado furto foi preso por posse ilegal de arma de fogo e ainda poder\u00e1 responder por recepta\u00e7\u00e3o ap\u00f3s ter se enrolado durante sua argumenta\u00e7\u00e3o de defesa na tarde de ter\u00e7a-feira, 26, em Almenara\/MG, no Vale do Jequitinhonha. Segundo os policiais militares, o homem \u00e9 suspeito de ter furtado os aparelhos [&hellip;]\" \/>\n<meta property=\"og:url\" content=\"https:\/\/aconteceunovale.com.br\/portal\/?p=13927\" \/>\n<meta property=\"og:site_name\" content=\"Aconteceu no Vale\" \/>\n<meta property=\"article:publisher\" content=\"https:\/\/www.facebook.com\/aconteceunovale\/\" \/>\n<meta property=\"article:published_time\" content=\"2013-11-28T14:30:22+00:00\" \/>\n<meta property=\"article:modified_time\" content=\"2026-09-02T15:09:49+00:00\" \/>\n<meta property=\"og:image\" content=\"https:\/\/aconteceunovale.com.br\/portal\/wp-content\/uploads\/2013\/11\/apreensao_almenara3.jpg\" \/>\n\t<meta property=\"og:image:width\" content=\"678\" \/>\n\t<meta property=\"og:image:height\" content=\"423\" \/>\n\t<meta property=\"og:image:type\" content=\"image\/jpeg\" \/>\n<meta name=\"author\" content=\"Aconteceu no Vale\" \/>\n<meta name=\"twitter:card\" content=\"summary_large_image\" \/>\n<meta name=\"twitter:creator\" content=\"@noticiadosvales\" \/>\n<meta name=\"twitter:site\" content=\"@noticiadosvales\" \/>\n<meta name=\"twitter:label1\" content=\"Escrito por\" \/>\n\t<meta name=\"twitter:data1\" content=\"Aconteceu no Vale\" \/>\n\t<meta name=\"twitter:label2\" content=\"Est. tempo de leitura\" \/>\n\t<meta name=\"twitter:data2\" content=\"1 minuto\" \/>\n<script type=\"application\/ld+json\" class=\"yoast-schema-graph\">{\"@context\":\"https:\\\/\\\/schema.org\",\"@graph\":[{\"@type\":\"Article\",\"@id\":\"https:\\\/\\\/aconteceunovale.com.br\\\/portal\\\/?p=13927#article\",\"isPartOf\":{\"@id\":\"https:\\\/\\\/aconteceunovale.com.br\\\/portal\\\/?p=13927\"},\"author\":{\"name\":\"Aconteceu no Vale\",\"@id\":\"https:\\\/\\\/aconteceunovale.com.br\\\/portal\\\/#\\\/schema\\\/person\\\/633529146f2c94272bef50ac2953d589\"},\"headline\":\"ALMENARA: Suspeito de furto poder\u00e1 responder por 3 outros crimes\",\"datePublished\":\"2013-11-28T14:30:22+00:00\",\"dateModified\":\"2026-09-02T15:09:49+00:00\",\"mainEntityOfPage\":{\"@id\":\"https:\\\/\\\/aconteceunovale.com.br\\\/portal\\\/?p=13927\"},\"wordCount\":218,\"commentCount\":0,\"image\":{\"@id\":\"https:\\\/\\\/aconteceunovale.com.br\\\/portal\\\/?p=13927#primaryimage\"},\"thumbnailUrl\":\"https:\\\/\\\/aconteceunovale.com.br\\\/portal\\\/wp-content\\\/uploads\\\/2013\\\/11\\\/apreensao_almenara3.jpg\",\"keywords\":[\"Almenara\"],\"articleSection\":[\"Almenara\",\"Vale do Jequitinhonha\"],\"inLanguage\":\"pt-BR\",\"potentialAction\":[{\"@type\":\"CommentAction\",\"name\":\"Comment\",\"target\":[\"https:\\\/\\\/aconteceunovale.com.br\\\/portal\\\/?p=13927#respond\"]}]},{\"@type\":\"WebPage\",\"@id\":\"https:\\\/\\\/aconteceunovale.com.br\\\/portal\\\/?p=13927\",\"url\":\"https:\\\/\\\/aconteceunovale.com.br\\\/portal\\\/?p=13927\",\"name\":\"ALMENARA: Suspeito de furto poder\u00e1 responder por 3 outros crimes - Aconteceu no Vale\",\"isPartOf\":{\"@id\":\"https:\\\/\\\/aconteceunovale.com.br\\\/portal\\\/#website\"},\"primaryImageOfPage\":{\"@id\":\"https:\\\/\\\/aconteceunovale.com.br\\\/portal\\\/?p=13927#primaryimage\"},\"image\":{\"@id\":\"https:\\\/\\\/aconteceunovale.com.br\\\/portal\\\/?p=13927#primaryimage\"},\"thumbnailUrl\":\"https:\\\/\\\/aconteceunovale.com.br\\\/portal\\\/wp-content\\\/uploads\\\/2013\\\/11\\\/apreensao_almenara3.jpg\",\"datePublished\":\"2013-11-28T14:30:22+00:00\",\"dateModified\":\"2026-09-02T15:09:49+00:00\",\"author\":{\"@id\":\"https:\\\/\\\/aconteceunovale.com.br\\\/portal\\\/#\\\/schema\\\/person\\\/633529146f2c94272bef50ac2953d589\"},\"breadcrumb\":{\"@id\":\"https:\\\/\\\/aconteceunovale.com.br\\\/portal\\\/?p=13927#breadcrumb\"},\"inLanguage\":\"pt-BR\",\"potentialAction\":[{\"@type\":\"ReadAction\",\"target\":[\"https:\\\/\\\/aconteceunovale.com.br\\\/portal\\\/?p=13927\"]}]},{\"@type\":\"ImageObject\",\"inLanguage\":\"pt-BR\",\"@id\":\"https:\\\/\\\/aconteceunovale.com.br\\\/portal\\\/?p=13927#primaryimage\",\"url\":\"https:\\\/\\\/aconteceunovale.com.br\\\/portal\\\/wp-content\\\/uploads\\\/2013\\\/11\\\/apreensao_almenara3.jpg\",\"contentUrl\":\"https:\\\/\\\/aconteceunovale.com.br\\\/portal\\\/wp-content\\\/uploads\\\/2013\\\/11\\\/apreensao_almenara3.jpg\",\"width\":678,\"height\":423},{\"@type\":\"BreadcrumbList\",\"@id\":\"https:\\\/\\\/aconteceunovale.com.br\\\/portal\\\/?p=13927#breadcrumb\",\"itemListElement\":[{\"@type\":\"ListItem\",\"position\":1,\"name\":\"In\u00edcio\",\"item\":\"https:\\\/\\\/aconteceunovale.com.br\\\/portal\\\/\"},{\"@type\":\"ListItem\",\"position\":2,\"name\":\"ALMENARA: Suspeito de furto poder\u00e1 responder por 3 outros crimes\"}]},{\"@type\":\"WebSite\",\"@id\":\"https:\\\/\\\/aconteceunovale.com.br\\\/portal\\\/#website\",\"url\":\"https:\\\/\\\/aconteceunovale.com.br\\\/portal\\\/\",\"name\":\"Aconteceu no Vale\",\"description\":\"Portal de Not\u00edcias\",\"potentialAction\":[{\"@type\":\"SearchAction\",\"target\":{\"@type\":\"EntryPoint\",\"urlTemplate\":\"https:\\\/\\\/aconteceunovale.com.br\\\/portal\\\/?s={search_term_string}\"},\"query-input\":{\"@type\":\"PropertyValueSpecification\",\"valueRequired\":true,\"valueName\":\"search_term_string\"}}],\"inLanguage\":\"pt-BR\"},{\"@type\":\"Person\",\"@id\":\"https:\\\/\\\/aconteceunovale.com.br\\\/portal\\\/#\\\/schema\\\/person\\\/633529146f2c94272bef50ac2953d589\",\"name\":\"Aconteceu no Vale\",\"description\":\"Equipe de reportagem do Aconteceu no Vale, portal de not\u00edcias do Vale do Jequitinhonha, em Minas Gerais. Cobrimos as 51 cidades do Vale desde 2013. Sugest\u00f5es de pauta e pedidos de corre\u00e7\u00e3o: contato@aconteceunovale.com.br\",\"sameAs\":[\"http:\\\/\\\/www.aconteceunovale.com.br\"],\"url\":\"https:\\\/\\\/aconteceunovale.com.br\\\/portal\\\/?author=1\"}]}<\/script>\n<!-- \/ Yoast SEO plugin. -->","yoast_head_json":{"title":"ALMENARA: Suspeito de furto poder\u00e1 responder por 3 outros crimes - Aconteceu no Vale","robots":{"index":"index","follow":"follow","max-snippet":"max-snippet:-1","max-image-preview":"max-image-preview:large","max-video-preview":"max-video-preview:-1"},"canonical":"https:\/\/aconteceunovale.com.br\/portal\/?p=13927","og_locale":"pt_BR","og_type":"article","og_title":"ALMENARA: Suspeito de furto poder\u00e1 responder por 3 outros crimes - Aconteceu no Vale","og_description":"Um homem suspeito de ter praticado furto foi preso por posse ilegal de arma de fogo e ainda poder\u00e1 responder por recepta\u00e7\u00e3o ap\u00f3s ter se enrolado durante sua argumenta\u00e7\u00e3o de defesa na tarde de ter\u00e7a-feira, 26, em Almenara\/MG, no Vale do Jequitinhonha. Segundo os policiais militares, o homem \u00e9 suspeito de ter furtado os aparelhos [&hellip;]","og_url":"https:\/\/aconteceunovale.com.br\/portal\/?p=13927","og_site_name":"Aconteceu no Vale","article_publisher":"https:\/\/www.facebook.com\/aconteceunovale\/","article_published_time":"2013-11-28T14:30:22+00:00","article_modified_time":"2026-09-02T15:09:49+00:00","og_image":[{"width":678,"height":423,"url":"https:\/\/aconteceunovale.com.br\/portal\/wp-content\/uploads\/2013\/11\/apreensao_almenara3.jpg","type":"image\/jpeg"}],"author":"Aconteceu no Vale","twitter_card":"summary_large_image","twitter_creator":"@noticiadosvales","twitter_site":"@noticiadosvales","twitter_misc":{"Escrito por":"Aconteceu no Vale","Est. tempo de leitura":"1 minuto"},"schema":{"@context":"https:\/\/schema.org","@graph":[{"@type":"Article","@id":"https:\/\/aconteceunovale.com.br\/portal\/?p=13927#article","isPartOf":{"@id":"https:\/\/aconteceunovale.com.br\/portal\/?p=13927"},"author":{"name":"Aconteceu no Vale","@id":"https:\/\/aconteceunovale.com.br\/portal\/#\/schema\/person\/633529146f2c94272bef50ac2953d589"},"headline":"ALMENARA: Suspeito de furto poder\u00e1 responder por 3 outros crimes","datePublished":"2013-11-28T14:30:22+00:00","dateModified":"2026-09-02T15:09:49+00:00","mainEntityOfPage":{"@id":"https:\/\/aconteceunovale.com.br\/portal\/?p=13927"},"wordCount":218,"commentCount":0,"image":{"@id":"https:\/\/aconteceunovale.com.br\/portal\/?p=13927#primaryimage"},"thumbnailUrl":"https:\/\/aconteceunovale.com.br\/portal\/wp-content\/uploads\/2013\/11\/apreensao_almenara3.jpg","keywords":["Almenara"],"articleSection":["Almenara","Vale do Jequitinhonha"],"inLanguage":"pt-BR","potentialAction":[{"@type":"CommentAction","name":"Comment","target":["https:\/\/aconteceunovale.com.br\/portal\/?p=13927#respond"]}]},{"@type":"WebPage","@id":"https:\/\/aconteceunovale.com.br\/portal\/?p=13927","url":"https:\/\/aconteceunovale.com.br\/portal\/?p=13927","name":"ALMENARA: Suspeito de furto poder\u00e1 responder por 3 outros crimes - Aconteceu no Vale","isPartOf":{"@id":"https:\/\/aconteceunovale.com.br\/portal\/#website"},"primaryImageOfPage":{"@id":"https:\/\/aconteceunovale.com.br\/portal\/?p=13927#primaryimage"},"image":{"@id":"https:\/\/aconteceunovale.com.br\/portal\/?p=13927#primaryimage"},"thumbnailUrl":"https:\/\/aconteceunovale.com.br\/portal\/wp-content\/uploads\/2013\/11\/apreensao_almenara3.jpg","datePublished":"2013-11-28T14:30:22+00:00","dateModified":"2026-09-02T15:09:49+00:00","author":{"@id":"https:\/\/aconteceunovale.com.br\/portal\/#\/schema\/person\/633529146f2c94272bef50ac2953d589"},"breadcrumb":{"@id":"https:\/\/aconteceunovale.com.br\/portal\/?p=13927#breadcrumb"},"inLanguage":"pt-BR","potentialAction":[{"@type":"ReadAction","target":["https:\/\/aconteceunovale.com.br\/portal\/?p=13927"]}]},{"@type":"ImageObject","inLanguage":"pt-BR","@id":"https:\/\/aconteceunovale.com.br\/portal\/?p=13927#primaryimage","url":"https:\/\/aconteceunovale.com.br\/portal\/wp-content\/uploads\/2013\/11\/apreensao_almenara3.jpg","contentUrl":"https:\/\/aconteceunovale.com.br\/portal\/wp-content\/uploads\/2013\/11\/apreensao_almenara3.jpg","width":678,"height":423},{"@type":"BreadcrumbList","@id":"https:\/\/aconteceunovale.com.br\/portal\/?p=13927#breadcrumb","itemListElement":[{"@type":"ListItem","position":1,"name":"In\u00edcio","item":"https:\/\/aconteceunovale.com.br\/portal\/"},{"@type":"ListItem","position":2,"name":"ALMENARA: Suspeito de furto poder\u00e1 responder por 3 outros crimes"}]},{"@type":"WebSite","@id":"https:\/\/aconteceunovale.com.br\/portal\/#website","url":"https:\/\/aconteceunovale.com.br\/portal\/","name":"Aconteceu no Vale","description":"Portal de Not\u00edcias","potentialAction":[{"@type":"SearchAction","target":{"@type":"EntryPoint","urlTemplate":"https:\/\/aconteceunovale.com.br\/portal\/?s={search_term_string}"},"query-input":{"@type":"PropertyValueSpecification","valueRequired":true,"valueName":"search_term_string"}}],"inLanguage":"pt-BR"},{"@type":"Person","@id":"https:\/\/aconteceunovale.com.br\/portal\/#\/schema\/person\/633529146f2c94272bef50ac2953d589","name":"Aconteceu no Vale","description":"Equipe de reportagem do Aconteceu no Vale, portal de not\u00edcias do Vale do Jequitinhonha, em Minas Gerais. Cobrimos as 51 cidades do Vale desde 2013. Sugest\u00f5es de pauta e pedidos de corre\u00e7\u00e3o: contato@aconteceunovale.com.br","sameAs":["http:\/\/www.aconteceunovale.com.br"],"url":"https:\/\/aconteceunovale.com.br\/portal\/?author=1"}]}},"_links":{"self":[{"href":"https:\/\/aconteceunovale.com.br\/portal\/index.php?rest_route=\/wp\/v2\/posts\/13927","targetHints":{"allow":["GET"]}}],"collection":[{"href":"https:\/\/aconteceunovale.com.br\/portal\/index.php?rest_route=\/wp\/v2\/posts"}],"about":[{"href":"https:\/\/aconteceunovale.com.br\/portal\/index.php?rest_route=\/wp\/v2\/types\/post"}],"author":[{"embeddable":true,"href":"https:\/\/aconteceunovale.com.br\/portal\/index.php?rest_route=\/wp\/v2\/users\/1"}],"replies":[{"embeddable":true,"href":"https:\/\/aconteceunovale.com.br\/portal\/index.php?rest_route=%2Fwp%2Fv2%2Fcomments&post=13927"}],"version-history":[{"count":1,"href":"https:\/\/aconteceunovale.com.br\/portal\/index.php?rest_route=\/wp\/v2\/posts\/13927\/revisions"}],"predecessor-version":[{"id":199311,"href":"https:\/\/aconteceunovale.com.br\/portal\/index.php?rest_route=\/wp\/v2\/posts\/13927\/revisions\/199311"}],"wp:featuredmedia":[{"embeddable":true,"href":"https:\/\/aconteceunovale.com.br\/portal\/index.php?rest_route=\/wp\/v2\/media\/13931"}],"wp:attachment":[{"href":"https:\/\/aconteceunovale.com.br\/portal\/index.php?rest_route=%2Fwp%2Fv2%2Fmedia&parent=13927"}],"wp:term":[{"taxonomy":"category","embeddable":true,"href":"https:\/\/aconteceunovale.com.br\/portal\/index.php?rest_route=%2Fwp%2Fv2%2Fcategories&post=13927"},{"taxonomy":"post_tag","embeddable":true,"href":"https:\/\/aconteceunovale.com.br\/portal\/index.php?rest_route=%2Fwp%2Fv2%2Ftags&post=13927"}],"curies":[{"name":"wp","href":"https:\/\/api.w.org\/{rel}","templated":true}]}}