{"id":139113,"date":"2018-11-17T14:47:32","date_gmt":"2018-11-17T16:47:32","guid":{"rendered":"http:\/\/aconteceunovale.com.br\/portal\/?p=139113"},"modified":"2018-11-17T14:47:32","modified_gmt":"2018-11-17T16:47:32","slug":"papa-francisco-pede-mais-mulheres-em-postos-de-responsabilidade-na-igreja","status":"publish","type":"post","link":"https:\/\/aconteceunovale.com.br\/portal\/?p=139113","title":{"rendered":"Papa Francisco pede mais mulheres em postos de responsabilidade na Igreja"},"content":{"rendered":"<p>O papa Francisco pediu hoje (17\/11\/2018) uma maior presen\u00e7a de mulheres &#8220;nos diferentes campos de responsabilidade da vida da Igreja em particular, e n\u00e3o s\u00f3 no campo cultural&#8221;. O pedido foi feito durante a cerim\u00f4nia de entrega dos pr\u00eamios Joseph Ratzinger.<\/p>\n<p>Ao entregar o pr\u00eamio dado pela Funda\u00e7\u00e3o do Vaticano, que leva o nome do papa Em\u00e9rito Bento XVI, \u00e0 te\u00f3loga Anne-Marie Pelletier, Francisco ressaltou a import\u00e2ncia &#8220;do reconhecimento cada vez maior da contribui\u00e7\u00e3o das mulheres no campo da pesquisa teol\u00f3gica cient\u00edfica e do ensino da teologia, considerados durante muito tempo territ\u00f3rios quase exclusivos do clero&#8221;.<\/p>\n<p>Francisco acrescentou que \u00e9 necess\u00e1rio que &#8220;esta contribui\u00e7\u00e3o seja estimulada e que encontre um espa\u00e7o mais amplo, coerente com o crescimento da presen\u00e7a feminina nos diferentes campos de responsabilidade da vida da Igreja em particular, e n\u00e3o s\u00f3 no campo cultural&#8221;.<\/p>\n<p>&#8220;Desde que Paulo VI proclamou Teresa de \u00c1vila e Catarina de Siena doutoras da Igreja, n\u00e3o resta d\u00favidas de que as mulheres podem alcan\u00e7ar os lugares mais altos na intelig\u00eancia da f\u00e9&#8221;, disse o papa<\/p>\n<p>Ele lembrou que tamb\u00e9m &#8220;Jo\u00e3o Paulo II e Bento XVI inclu\u00edram na s\u00e9rie de doutores os nomes de outras mulheres, como Santa Teresa de Lisieux e Hildegarda de Bingen&#8221;.<\/p>\n<p>O pr\u00eamio Ratzinger tamb\u00e9m foi entregue neste s\u00e1bado ao arquiteto Mario Botta.<\/p>\n<p>O papa explicou que o compromisso do arquiteto \u00e9 &#8220;de alt\u00edssimo valor e deve ser reconhecido e encorajado pela Igreja&#8221; sobretudo quando &#8220;se arrisca ao esquecimento da dimens\u00e3o espiritual e \u00e0 desumaniza\u00e7\u00e3o dos espa\u00e7os urbanos&#8221;. <\/p>\n<p><strong>VER PRIMEIRO<\/strong><\/p>\n<p>Receba as not\u00edcias do Aconteceu no Vale em primeira m\u00e3o. Clique em curtir no endere\u00e7o <a href=\"https:\/\/www.facebook.com\/aconteceunovale\" target=\"_blank\"><font color=\"red\">www.facebook.com\/aconteceunovale<\/font><\/a> ou no box abaixo:<\/p>\n<div class=\"fb-like\" data-href=\"https:\/\/www.facebook.com\/aconteceunovale\" data-width=\"120\" data-layout=\"standard\" data-action=\"like\" data-size=\"small\" data-show-faces=\"true\" data-share=\"true\"><\/div>\n<p><\/br><\/p>\n<p><em>(Fonte: Ag\u00eancia Brasil)<\/em><\/p>\n","protected":false},"excerpt":{"rendered":"<p>O papa Francisco pediu hoje (17\/11\/2018) uma maior presen\u00e7a de mulheres &#8220;nos diferentes campos de responsabilidade da vida da Igreja em particular, e n\u00e3o s\u00f3 no campo cultural&#8221;. O pedido foi feito durante a cerim\u00f4nia de entrega dos pr\u00eamios Joseph Ratzinger. Ao entregar o pr\u00eamio dado pela Funda\u00e7\u00e3o do Vaticano, que leva o nome do [&hellip;]<\/p>\n","protected":false},"author":1,"featured_media":93662,"comment_status":"open","ping_status":"closed","sticky":false,"template":"","format":"standard","meta":{"amp_status":"","footnotes":""},"categories":[28848],"tags":[48766,20807,946,186454,186453],"class_list":["post-139113","post","type-post","status-publish","format-standard","has-post-thumbnail","hentry","category-mundo","tag-igreja","tag-mulheres","tag-papa-francisco","tag-papa-francisco-pede-mais-mulheres-em-postos-de-responsabilidade-na-igreja","tag-postos"],"_links":{"self":[{"href":"https:\/\/aconteceunovale.com.br\/portal\/index.php?rest_route=\/wp\/v2\/posts\/139113","targetHints":{"allow":["GET"]}}],"collection":[{"href":"https:\/\/aconteceunovale.com.br\/portal\/index.php?rest_route=\/wp\/v2\/posts"}],"about":[{"href":"https:\/\/aconteceunovale.com.br\/portal\/index.php?rest_route=\/wp\/v2\/types\/post"}],"author":[{"embeddable":true,"href":"https:\/\/aconteceunovale.com.br\/portal\/index.php?rest_route=\/wp\/v2\/users\/1"}],"replies":[{"embeddable":true,"href":"https:\/\/aconteceunovale.com.br\/portal\/index.php?rest_route=%2Fwp%2Fv2%2Fcomments&post=139113"}],"version-history":[{"count":0,"href":"https:\/\/aconteceunovale.com.br\/portal\/index.php?rest_route=\/wp\/v2\/posts\/139113\/revisions"}],"wp:featuredmedia":[{"embeddable":true,"href":"https:\/\/aconteceunovale.com.br\/portal\/index.php?rest_route=\/wp\/v2\/media\/93662"}],"wp:attachment":[{"href":"https:\/\/aconteceunovale.com.br\/portal\/index.php?rest_route=%2Fwp%2Fv2%2Fmedia&parent=139113"}],"wp:term":[{"taxonomy":"category","embeddable":true,"href":"https:\/\/aconteceunovale.com.br\/portal\/index.php?rest_route=%2Fwp%2Fv2%2Fcategories&post=139113"},{"taxonomy":"post_tag","embeddable":true,"href":"https:\/\/aconteceunovale.com.br\/portal\/index.php?rest_route=%2Fwp%2Fv2%2Ftags&post=139113"}],"curies":[{"name":"wp","href":"https:\/\/api.w.org\/{rel}","templated":true}]}}