{"id":139068,"date":"2018-11-17T11:46:15","date_gmt":"2018-11-17T13:46:15","guid":{"rendered":"http:\/\/aconteceunovale.com.br\/portal\/?p=139068"},"modified":"2018-11-17T11:46:15","modified_gmt":"2018-11-17T13:46:15","slug":"tempestades-podem-causar-acidentes-com-energia-eletrica-alerta-cemig","status":"publish","type":"post","link":"https:\/\/aconteceunovale.com.br\/portal\/?p=139068","title":{"rendered":"Tempestades podem causar acidentes com energia el\u00e9trica, alerta Cemig"},"content":{"rendered":"<p>O Brasil est\u00e1 localizado em uma zona tropical e, por conta disso, nesse per\u00edodo do ano, registra altas temperaturas. Al\u00e9m do calor, tamb\u00e9m se observa, na transi\u00e7\u00e3o das esta\u00e7\u00f5es mais quentes, um fen\u00f4meno habitual: as chamadas &#8216;tempestades de ver\u00e3o&#8217; que, com frequ\u00eancia, surgem acompanhadas de raios, inunda\u00e7\u00f5es e rajadas de ventos.<\/p>\n<p>No pa\u00eds, \u00e9 registrada uma das maiores incid\u00eancias de rel\u00e2mpados do planeta. Al\u00e9m disso, somente em Minas Gerais, s\u00e3o contabilizados, anualmente, mais de 1 milh\u00e3o de raios, descargas atmosf\u00e9ricas que podem causar acidentes com a popula\u00e7\u00e3o e danos ao sistema el\u00e9trico.<\/p>\n<p>Em fun\u00e7\u00e3o da maior propens\u00e3o \u00e0s tempestades nessa \u00e9poca do ano, o engenheiro do trabalho da Cemig, Demetrio Aguar, apresenta alguns procedimentos que devem ser adotados pela popula\u00e7\u00e3o durante as fortes chuvas, como, por exemplo, desligar das tomadas os equipamentos el\u00e9tricos, evitando-se o risco de queima e garantido a seguran\u00e7a das pessoas.<\/p>\n<p>\u201cOcorre da seguinte forma: durante as chuvas, o raio pode cair nas proximidades da edifica\u00e7\u00e3o ou at\u00e9 mesmo na rede el\u00e9trica e chegar \u00e0s resid\u00eancias por meio da fia\u00e7\u00e3o, podendo atingir os moradores. Mas \u00e9 importante salientar que os equipamentos devem ser desligados antes da tempestade come\u00e7ar, pois h\u00e1 risco de choque el\u00e9trico se isso for feito durante a chuva\u201d, explica o engenheiro.<\/p>\n<p>Demetrio Aguiar alerta, ainda, para os danos que as descargas el\u00e9tricas podem provocar no corpo humano. \u201cO raio provoca queimaduras grav\u00edssimas e pode provocar parada cardiorrespirat\u00f3ria, que leva inclusive \u00e0 morte\u201d, refor\u00e7a.<\/p>\n<p>As tempestades tamb\u00e9m podem causar rompimento de fios el\u00e9tricos da rede de energia. Nesse caso, \u00e9 imprescind\u00edvel que todos se mantenham distantes do local. <\/p>\n<p>\u201cCaso algu\u00e9m se depare com um cabo partido, nunca deve se aproximar ou tocar a fia\u00e7\u00e3o e, se poss\u00edvel, n\u00e3o deve permitir que outras pessoas se aproximem tamb\u00e9m. Nestes casos, a recomenda\u00e7\u00e3o \u00e9 ligar imediatamente para o Fale com a Cemig, no telefone 116, que funciona 24 horas por dia\u201d, destaca o engenheiro.<\/p>\n<p>O mesmo cuidado deve ser tomado em caso de queda de \u00e1rvores sobre as vias p\u00fablicas, pois elas podem cair sobre as redes el\u00e9tricas e trazer consigo fios el\u00e9tricos possivelmente energizados. Escondidos sob as folhas, eles podem causar graves acidentes.<\/p>\n<p>Confira, a seguir, outras dicas de seguran\u00e7a durante tempestades:<\/p>\n<p>&#8211; Durante per\u00edodos de rajadas de ventos e descargas atmosf\u00e9ricas, a antena de TV pode ficar desregulada. Se isso acontecer, n\u00e3o suba no telhado para ajust\u00e1-la, pelos riscos de queda, choque el\u00e9trico e de ser atingido por um raio;<br \/>\n&#8211; Se houver a necessidade de utilizar o telefone durante as tempestades, a melhor op\u00e7\u00e3o \u00e9 o telefone sem fio ou o celular, desde que o aparelho n\u00e3o esteja conectado na tomada;<br \/>\n&#8211; Evite a perman\u00eancia em lajes altas ou locais descampados, jamais se abrigue embaixo de \u00e1rvores e evite o uso do chuveiro el\u00e9trico.<\/p>\n<p><strong>VER PRIMEIRO<\/strong><\/p>\n<p>Receba as not\u00edcias do Aconteceu no Vale em primeira m\u00e3o. Clique em curtir no endere\u00e7o <a href=\"https:\/\/www.facebook.com\/aconteceunovale\" target=\"_blank\"><font color=\"red\">www.facebook.com\/aconteceunovale<\/font><\/a> ou no box abaixo:<\/p>\n<div class=\"fb-like\" data-href=\"https:\/\/www.facebook.com\/aconteceunovale\" data-width=\"120\" data-layout=\"standard\" data-action=\"like\" data-size=\"small\" data-show-faces=\"true\" data-share=\"true\"><\/div>\n<p><\/br><\/p>\n<p><em>(Fonte: Ag\u00eancia Minas)<\/em><\/p>\n","protected":false},"excerpt":{"rendered":"<p>O Brasil est\u00e1 localizado em uma zona tropical e, por conta disso, nesse per\u00edodo do ano, registra altas temperaturas. Al\u00e9m do calor, tamb\u00e9m se observa, na transi\u00e7\u00e3o das esta\u00e7\u00f5es mais quentes, um fen\u00f4meno habitual: as chamadas &#8216;tempestades de ver\u00e3o&#8217; que, com frequ\u00eancia, surgem acompanhadas de raios, inunda\u00e7\u00f5es e rajadas de ventos. No pa\u00eds, \u00e9 registrada [&hellip;]<\/p>\n","protected":false},"author":1,"featured_media":139069,"comment_status":"open","ping_status":"closed","sticky":false,"template":"","format":"standard","meta":{"amp_status":"","footnotes":""},"categories":[125,1236],"tags":[186407,186405,186406,62534,186409,347,186408,186404],"class_list":["post-139068","post","type-post","status-publish","format-standard","has-post-thumbnail","hentry","category-noticias","category-norte_de_minas","tag-acidente-tempestade","tag-acidentes-com-energia-eletrica","tag-acidentes-com-energia-eletrica-durante-tempestade","tag-alerta-cemig","tag-alerta-tempestades-de-verao","tag-cemig","tag-tempestades-de-verao","tag-tempestades-podem-causar-acidentes-com-energia-eletrica"],"_links":{"self":[{"href":"https:\/\/aconteceunovale.com.br\/portal\/index.php?rest_route=\/wp\/v2\/posts\/139068","targetHints":{"allow":["GET"]}}],"collection":[{"href":"https:\/\/aconteceunovale.com.br\/portal\/index.php?rest_route=\/wp\/v2\/posts"}],"about":[{"href":"https:\/\/aconteceunovale.com.br\/portal\/index.php?rest_route=\/wp\/v2\/types\/post"}],"author":[{"embeddable":true,"href":"https:\/\/aconteceunovale.com.br\/portal\/index.php?rest_route=\/wp\/v2\/users\/1"}],"replies":[{"embeddable":true,"href":"https:\/\/aconteceunovale.com.br\/portal\/index.php?rest_route=%2Fwp%2Fv2%2Fcomments&post=139068"}],"version-history":[{"count":0,"href":"https:\/\/aconteceunovale.com.br\/portal\/index.php?rest_route=\/wp\/v2\/posts\/139068\/revisions"}],"wp:featuredmedia":[{"embeddable":true,"href":"https:\/\/aconteceunovale.com.br\/portal\/index.php?rest_route=\/wp\/v2\/media\/139069"}],"wp:attachment":[{"href":"https:\/\/aconteceunovale.com.br\/portal\/index.php?rest_route=%2Fwp%2Fv2%2Fmedia&parent=139068"}],"wp:term":[{"taxonomy":"category","embeddable":true,"href":"https:\/\/aconteceunovale.com.br\/portal\/index.php?rest_route=%2Fwp%2Fv2%2Fcategories&post=139068"},{"taxonomy":"post_tag","embeddable":true,"href":"https:\/\/aconteceunovale.com.br\/portal\/index.php?rest_route=%2Fwp%2Fv2%2Ftags&post=139068"}],"curies":[{"name":"wp","href":"https:\/\/api.w.org\/{rel}","templated":true}]}}