{"id":138980,"date":"2018-11-15T10:43:06","date_gmt":"2018-11-15T12:43:06","guid":{"rendered":"http:\/\/aconteceunovale.com.br\/portal\/?p=138980"},"modified":"2018-11-15T10:50:19","modified_gmt":"2018-11-15T12:50:19","slug":"conheca-a-associacao-regional-de-protecao-ambiental-de-capelinha","status":"publish","type":"post","link":"https:\/\/aconteceunovale.com.br\/portal\/?p=138980","title":{"rendered":"Conhe\u00e7a a Associa\u00e7\u00e3o Regional de Prote\u00e7\u00e3o Ambiental de Capelinha"},"content":{"rendered":"<p>A Associa\u00e7\u00e3o Regional de Prote\u00e7\u00e3o Ambiental de Capelinha (ARPA), criada desde 2005, possui car\u00e1ter representativo, sem fins lucrativos, \u00e9 regida por um estatuto e pelos regimentos legais aplic\u00e1veis. Tem como \u00e1rea de abrang\u00eancia os munic\u00edpios de Capelinha (onde fica a sede), Angel\u00e2ndia e \u00c1gua Boa.<\/p>\n<p>S\u00e3o objetivos da Associa\u00e7\u00e3o: lutar contra todos os atos de degrada\u00e7\u00e3o do meio ambiente; desenvolver trabalhos de prote\u00e7\u00e3o e recupera\u00e7\u00e3o de ambientes degradados; proteger ambientes amea\u00e7ados; educa\u00e7\u00e3o ambiental; presta\u00e7\u00e3o de servi\u00e7os de natureza ambiental; pesquisa cient\u00edfica; e ainda executar projetos com recursos que s\u00e3o dados a fundo perdido, sem fins lucrativos, e sim em busca do benef\u00edcio ambiental.<\/p>\n<p><strong>PARTICIPE DA PROTE\u00c7\u00c3O AMBIENTAL DE CAPELINHA<\/strong><\/p>\n<p>Muito se fala da import\u00e2ncia de preserva\u00e7\u00e3o do meio ambiente, sobre queimadas, desmatamentos, sobre o lixo nos rios, as nascentes destru\u00eddas, o mau uso das terras na agricultura, o assoreamento dos rios. Chegou a hora de parar de falar e come\u00e7ar a agir.<\/p>\n<p>Voc\u00ea de Capelinha, Angel\u00e2ndia, \u00c1gua Boa e regi\u00e3o pode fazer parte desta associa\u00e7\u00e3o. Inscreva-se na ARPA. Preencha o formul\u00e1rio de inscri\u00e7\u00e3o dispon\u00edvel no <a href=\"https:\/\/drive.google.com\/file\/d\/1K_qlspXrAOogk4VDj7HinaMr6S-_ptq3\/view?fbclid=IwAR2ifaryWgTM2IcZqP9SJZ8kf7zRvW4IJYN5TV4PhTMK1GASBzCaWxPDYRw\" target=\"_blank\">link (clique aqui e fa\u00e7a download)<\/a> e o entregue, na sede provis\u00f3ria da Associa\u00e7\u00e3o, na rua das Flores, 687, 4\u00ba andar do Edif\u00edcio Carvalho. Curta e participe da p\u00e1gina da ARPA no Facebook: ARPA Capelinha (<a href=\"https:\/\/www.facebook.com\/ARPA-Capelinha-246027382738534\/\" target=\"_blank\">https:\/\/www.facebook.com\/ARPA-Capelinha-246027382738534<\/a>)<\/p>\n<p>Outras informa\u00e7\u00f5es atrav\u00e9s do e-mail arpacapelinha@yahoo.com.br<\/p>\n<p><img decoding=\"async\" src=\"http:\/\/aconteceunovale.com.br\/portal\/wp-content\/uploads\/2018\/11\/logo_arpa.jpg\" alt=\"\" \/><br \/>\n<\/br><\/p>\n<p><strong>VER PRIMEIRO<\/strong><\/p>\n<p>Receba as not\u00edcias do Aconteceu no Vale em primeira m\u00e3o. Clique em curtir no endere\u00e7o <a href=\"https:\/\/www.facebook.com\/aconteceunovale\" target=\"_blank\"><font color=\"red\">www.facebook.com\/aconteceunovale<\/font><\/a> ou no box abaixo:<\/p>\n<div class=\"fb-like\" data-href=\"https:\/\/www.facebook.com\/aconteceunovale\" data-width=\"120\" data-layout=\"standard\" data-action=\"like\" data-size=\"small\" data-show-faces=\"true\" data-share=\"true\"><\/div>\n<p><\/br><\/p>\n","protected":false},"excerpt":{"rendered":"<p>A Associa\u00e7\u00e3o Regional de Prote\u00e7\u00e3o Ambiental de Capelinha (ARPA), criada desde 2005, possui car\u00e1ter representativo, sem fins lucrativos, \u00e9 regida por um estatuto e pelos regimentos legais aplic\u00e1veis. Tem como \u00e1rea de abrang\u00eancia os munic\u00edpios de Capelinha (onde fica a sede), Angel\u00e2ndia e \u00c1gua Boa. S\u00e3o objetivos da Associa\u00e7\u00e3o: lutar contra todos os atos de [&hellip;]<\/p>\n","protected":false},"author":1,"featured_media":138981,"comment_status":"open","ping_status":"closed","sticky":false,"template":"","format":"standard","meta":{"amp_status":"","footnotes":""},"categories":[120],"tags":[186269,186268,132,186267,186270],"class_list":["post-138980","post","type-post","status-publish","format-standard","has-post-thumbnail","hentry","category-jequi","tag-arpa-de-capelinha","tag-associacao-regional-de-protecao-ambiental-de-capelinha","tag-capelinha","tag-conheca-a-associacao-regional-de-protecao-ambiental-de-capelinha","tag-protecao-ambiental-em-capelinha"],"_links":{"self":[{"href":"https:\/\/aconteceunovale.com.br\/portal\/index.php?rest_route=\/wp\/v2\/posts\/138980","targetHints":{"allow":["GET"]}}],"collection":[{"href":"https:\/\/aconteceunovale.com.br\/portal\/index.php?rest_route=\/wp\/v2\/posts"}],"about":[{"href":"https:\/\/aconteceunovale.com.br\/portal\/index.php?rest_route=\/wp\/v2\/types\/post"}],"author":[{"embeddable":true,"href":"https:\/\/aconteceunovale.com.br\/portal\/index.php?rest_route=\/wp\/v2\/users\/1"}],"replies":[{"embeddable":true,"href":"https:\/\/aconteceunovale.com.br\/portal\/index.php?rest_route=%2Fwp%2Fv2%2Fcomments&post=138980"}],"version-history":[{"count":0,"href":"https:\/\/aconteceunovale.com.br\/portal\/index.php?rest_route=\/wp\/v2\/posts\/138980\/revisions"}],"wp:featuredmedia":[{"embeddable":true,"href":"https:\/\/aconteceunovale.com.br\/portal\/index.php?rest_route=\/wp\/v2\/media\/138981"}],"wp:attachment":[{"href":"https:\/\/aconteceunovale.com.br\/portal\/index.php?rest_route=%2Fwp%2Fv2%2Fmedia&parent=138980"}],"wp:term":[{"taxonomy":"category","embeddable":true,"href":"https:\/\/aconteceunovale.com.br\/portal\/index.php?rest_route=%2Fwp%2Fv2%2Fcategories&post=138980"},{"taxonomy":"post_tag","embeddable":true,"href":"https:\/\/aconteceunovale.com.br\/portal\/index.php?rest_route=%2Fwp%2Fv2%2Ftags&post=138980"}],"curies":[{"name":"wp","href":"https:\/\/api.w.org\/{rel}","templated":true}]}}