{"id":138971,"date":"2018-11-14T21:46:44","date_gmt":"2018-11-14T23:46:44","guid":{"rendered":"http:\/\/aconteceunovale.com.br\/portal\/?p=138971"},"modified":"2018-11-14T21:46:44","modified_gmt":"2018-11-14T23:46:44","slug":"prefeitura-de-tumiritinga-oferece-131-vagas-em-concurso-publico-2","status":"publish","type":"post","link":"https:\/\/aconteceunovale.com.br\/portal\/?p=138971","title":{"rendered":"Prefeitura de Tumiritinga oferece 131 vagas em concurso p\u00fablico"},"content":{"rendered":"<p>Est\u00e3o abertas as inscri\u00e7\u00f5es para concurso p\u00fablico realizado pela Prefeitura de Tumiritinga, no Vale do Rio Doce. S\u00e3o oferecidas 131 vagas, sendo sete delas para pessoas com defici\u00eancia, em diferentes n\u00edveis de escolaridade. Os sal\u00e1rios variam entre R$ 954 a R$ 2.000.<\/p>\n<p>A inscri\u00e7\u00e3o deve ser feita at\u00e9 de 13 de dezembro pela internet no <a href=\"https:\/\/concursos.exameconsultores.com.br\/\" target=\"_blank\">site da empresa respons\u00e1vel pelo concurso (https:\/\/concursos.exameconsultores.com.br)<\/a>. O valor da taxa de inscri\u00e7\u00e3o varia de R$ 47,70 a R$ 100, dependendo do n\u00edvel de escolaridade exigido para o cargo.<\/p>\n<p>As provas objetivas ser\u00e3o aplicadas no dia 20 de janeiro de 2019. Alguns cargos ser\u00e3o avaliados tamb\u00e9m em uma segunda etapa, composta por avalia\u00e7\u00e3o de t\u00edtulos ou teste pr\u00e1tico.<\/p>\n<p>Para os candidatos com dificuldade de acesso \u00e0 internet ser\u00e1 disponibilizado atendimento presencial de 9h \u00e0s 13h na Prefeitura, localizada na avenida Amazonas, n\u00ba 864, Centro. Outras informa\u00e7\u00f5es podem ser conferidas no <a href=\"https:\/\/concursos.exameconsultores.com.br\/informacoes\/361\/\" target=\"_blank\">edital do concurso (https:\/\/concursos.exameconsultores.com.br\/informacoes\/361)<\/a>.<\/p>\n<h4>Confira as oportunidades<\/h4>\n<div>\n<div>\n<table>\n<tbody>\n<tr>\n<td>Cargo<\/td>\n<td>Vagas &#8211; Pessoa com Defici\u00eancia<\/td>\n<td>Vagas &#8211; Ampla Concorr\u00eancia<\/td>\n<td>Remunera\u00e7\u00e3o<\/td>\n<\/tr>\n<tr>\n<td>Agente comunit\u00e1rio de sa\u00fade<\/td>\n<td>&#8211;<\/td>\n<td>04<\/td>\n<td>R$ 1.014,00<\/td>\n<\/tr>\n<tr>\n<td>Agente de controle de endemias<\/td>\n<td>01<\/td>\n<td>05<\/td>\n<td>R$ 1.014,00<\/td>\n<\/tr>\n<tr>\n<td>Ajudante de operador de m\u00e1quinas<\/td>\n<td>&#8211;<\/td>\n<td>02<\/td>\n<td>R$ 954,00<\/td>\n<\/tr>\n<tr>\n<td>Assistente Social<\/td>\n<td>&#8211;<\/td>\n<td>01<\/td>\n<td>R$ 1.800,00<\/td>\n<\/tr>\n<tr>\n<td>Auxiliar administrativo<\/td>\n<td>&#8211;<\/td>\n<td>04<\/td>\n<td>R$ 954,00<\/td>\n<\/tr>\n<tr>\n<td>Auxiliar de saneamento<\/td>\n<td>&#8211;<\/td>\n<td>02<\/td>\n<td>R$ 954,00<\/td>\n<\/tr>\n<tr>\n<td>Auxiliar de servi\u00e7os gerais<\/td>\n<td>01<\/td>\n<td>17<\/td>\n<td>R$ 954,00<\/td>\n<\/tr>\n<tr>\n<td>Barqueiro<\/td>\n<td>&#8211;<\/td>\n<td>02<\/td>\n<td>R$ 954,00<\/td>\n<\/tr>\n<tr>\n<td>Eletricista<\/td>\n<td>&#8211;<\/td>\n<td>01<\/td>\n<td>R$ 954,00<\/td>\n<\/tr>\n<tr>\n<td>Encarregado de obras e servi\u00e7os<\/td>\n<td>&#8211;<\/td>\n<td>02<\/td>\n<td>R$ 954,00<\/td>\n<\/tr>\n<tr>\n<td>Enfermeiro<\/td>\n<td>&#8211;<\/td>\n<td>02<\/td>\n<td>R$ 2.000,00<\/td>\n<\/tr>\n<tr>\n<td>Fiscal de obras e posturas<\/td>\n<td>&#8211;<\/td>\n<td>01<\/td>\n<td>R$ 954,00<\/td>\n<\/tr>\n<tr>\n<td>Fiscal sanit\u00e1rio<\/td>\n<td>&#8211;<\/td>\n<td>02<\/td>\n<td>R$ 954,00<\/td>\n<\/tr>\n<tr>\n<td>Gari<\/td>\n<td>01<\/td>\n<td>19<\/td>\n<td>R$ 954,00<\/td>\n<\/tr>\n<tr>\n<td>Laboratorista de Programa de Controle de Endemias<\/td>\n<td>&#8211;<\/td>\n<td>01<\/td>\n<td>R$ 954,00<\/td>\n<\/tr>\n<tr>\n<td>Motorista<\/td>\n<td>&#8211;<\/td>\n<td>06<\/td>\n<td>R$ 954,00<\/td>\n<\/tr>\n<tr>\n<td>Oficial administrativo<\/td>\n<td>&#8211;<\/td>\n<td>03<\/td>\n<td>R$ 954,00<\/td>\n<\/tr>\n<tr>\n<td>Operador de m\u00e1quinas pesadas<\/td>\n<td>&#8211;<\/td>\n<td>01<\/td>\n<td>R$ 954,00<\/td>\n<\/tr>\n<tr>\n<td>Operador de trator agr\u00edcola<\/td>\n<td>&#8211;<\/td>\n<td>02<\/td>\n<td>R$ 954,00<\/td>\n<\/tr>\n<tr>\n<td>Oper\u00e1rio<\/td>\n<td>01<\/td>\n<td>13<\/td>\n<td>R$ 954,00<\/td>\n<\/tr>\n<tr>\n<td>Pedagogo<\/td>\n<td>&#8211;<\/td>\n<td>04<\/td>\n<td>R$ 1.857,16<\/td>\n<\/tr>\n<tr>\n<td>Pedreiro<\/td>\n<td>&#8211;<\/td>\n<td>02<\/td>\n<td>R$ 954,00<\/td>\n<\/tr>\n<tr>\n<td>Professor<\/td>\n<td>01<\/td>\n<td>14<\/td>\n<td>R$ 1.534,59<\/td>\n<\/tr>\n<tr>\n<td>Recepcionista<\/td>\n<td>&#8211;<\/td>\n<td>01<\/td>\n<td>R$ 954,00<\/td>\n<\/tr>\n<tr>\n<td>T\u00e9cnico em enfermagem<\/td>\n<td>01<\/td>\n<td>07<\/td>\n<td>R$ 954,00<\/td>\n<\/tr>\n<tr>\n<td>Vigia<\/td>\n<td>01<\/td>\n<td>06<\/td>\n<td>R$ 954,00<\/td>\n<\/tr>\n<\/tbody>\n<\/table>\n<\/div>\n<div>\n<p><strong>VER PRIMEIRO<\/strong><\/p>\n<p>Receba as not\u00edcias do Aconteceu no Vale em primeira m\u00e3o. Clique em curtir no endere\u00e7o <a href=\"https:\/\/www.facebook.com\/aconteceunovale\" target=\"_blank\"><font color=\"red\">www.facebook.com\/aconteceunovale<\/font><\/a> ou no box abaixo:<\/p>\n<div class=\"fb-like\" data-href=\"https:\/\/www.facebook.com\/aconteceunovale\" data-width=\"120\" data-layout=\"standard\" data-action=\"like\" data-size=\"small\" data-show-faces=\"true\" data-share=\"true\"><\/div>\n<p><\/br><\/p>\n<p><em>(Fonte: G1 Vales)<\/em><\/p>\n","protected":false},"excerpt":{"rendered":"<p>Est\u00e3o abertas as inscri\u00e7\u00f5es para concurso p\u00fablico realizado pela Prefeitura de Tumiritinga, no Vale do Rio Doce. S\u00e3o oferecidas 131 vagas, sendo sete delas para pessoas com defici\u00eancia, em diferentes n\u00edveis de escolaridade. Os sal\u00e1rios variam entre R$ 954 a R$ 2.000. A inscri\u00e7\u00e3o deve ser feita at\u00e9 de 13 de dezembro pela internet no [&hellip;]<\/p>\n","protected":false},"author":1,"featured_media":13951,"comment_status":"open","ping_status":"closed","sticky":false,"template":"","format":"standard","meta":{"amp_status":"","footnotes":""},"categories":[40237,40236,121],"tags":[186241,186242,186243,186244,186245,186246,186250,186247,186248,330,186249],"class_list":["post-138971","post","type-post","status-publish","format-standard","has-post-thumbnail","hentry","category-concursos","category-empregos-2","category-leste","tag-cargos-concurso-prefeitura-de-tumiritinga","tag-concurso-prefeitura-de-tumiritinga","tag-concurso-publico-prefeitura-de-tumiritinga","tag-edital-concurso-prefeitura-de-tumiritinga","tag-inscricao-concurso-prefeitura-de-tumiritinga","tag-prefeitura-de-tumiritinga","tag-prefeitura-de-tumiritinga-oferece-131-vagas-em-concurso-publico","tag-prefeitura-de-tumiritinga-oferece-248-vagas-em-concurso-publico","tag-site-para-inscrever-no-concurso-da-prefeitura-de-tumiritinga","tag-tumiritinga","tag-vagas-concurso-prefeitura-de-tumiritinga"],"_links":{"self":[{"href":"https:\/\/aconteceunovale.com.br\/portal\/index.php?rest_route=\/wp\/v2\/posts\/138971","targetHints":{"allow":["GET"]}}],"collection":[{"href":"https:\/\/aconteceunovale.com.br\/portal\/index.php?rest_route=\/wp\/v2\/posts"}],"about":[{"href":"https:\/\/aconteceunovale.com.br\/portal\/index.php?rest_route=\/wp\/v2\/types\/post"}],"author":[{"embeddable":true,"href":"https:\/\/aconteceunovale.com.br\/portal\/index.php?rest_route=\/wp\/v2\/users\/1"}],"replies":[{"embeddable":true,"href":"https:\/\/aconteceunovale.com.br\/portal\/index.php?rest_route=%2Fwp%2Fv2%2Fcomments&post=138971"}],"version-history":[{"count":0,"href":"https:\/\/aconteceunovale.com.br\/portal\/index.php?rest_route=\/wp\/v2\/posts\/138971\/revisions"}],"wp:featuredmedia":[{"embeddable":true,"href":"https:\/\/aconteceunovale.com.br\/portal\/index.php?rest_route=\/wp\/v2\/media\/13951"}],"wp:attachment":[{"href":"https:\/\/aconteceunovale.com.br\/portal\/index.php?rest_route=%2Fwp%2Fv2%2Fmedia&parent=138971"}],"wp:term":[{"taxonomy":"category","embeddable":true,"href":"https:\/\/aconteceunovale.com.br\/portal\/index.php?rest_route=%2Fwp%2Fv2%2Fcategories&post=138971"},{"taxonomy":"post_tag","embeddable":true,"href":"https:\/\/aconteceunovale.com.br\/portal\/index.php?rest_route=%2Fwp%2Fv2%2Ftags&post=138971"}],"curies":[{"name":"wp","href":"https:\/\/api.w.org\/{rel}","templated":true}]}}