{"id":138967,"date":"2018-11-14T21:37:35","date_gmt":"2018-11-14T23:37:35","guid":{"rendered":"http:\/\/aconteceunovale.com.br\/portal\/?p=138967"},"modified":"2018-11-14T21:37:35","modified_gmt":"2018-11-14T23:37:35","slug":"corpo-e-encontrado-em-rio-no-municipio-de-novo-oriente-de-minas","status":"publish","type":"post","link":"https:\/\/aconteceunovale.com.br\/portal\/?p=138967","title":{"rendered":"Corpo \u00e9 encontrado em rio no munic\u00edpio de Novo Oriente de Minas"},"content":{"rendered":"<p>O corpo de um homem de 39 anos foi encontrado, nessa ter\u00e7a-feira (13\/11\/2018), em um rio no munic\u00edpio de Novo Oriente de Minas, no Vale do Mucuri. Segundo o Corpo de Bombeiros, Maur\u00edcio Rosa Ferreira foi visto com vida pela \u00faltima vez no domingo (11) quando atravessava uma ponte improvisada de madeira sobre o Rio Americana Grande.<\/p>\n<p>Familiares acionaram os bombeiros, que come\u00e7aram as buscas na manh\u00e3 de segunda-feira (12). A v\u00edtima foi encontrada a cerca de um quil\u00f4metro da ponte de onde acredita-se que ele tenha ca\u00eddo.<\/p>\n<p>O corpo foi encaminhado para o Instituto M\u00e9dico Legal (IML) em Te\u00f3filo Otoni.<\/p>\n<p><strong>VER PRIMEIRO<\/strong><\/p>\n<p>Receba as not\u00edcias do Aconteceu no Vale em primeira m\u00e3o. Clique em curtir no endere\u00e7o <a href=\"https:\/\/www.facebook.com\/aconteceunovale\" target=\"_blank\"><font color=\"red\">www.facebook.com\/aconteceunovale<\/font><\/a> ou no box abaixo:<\/p>\n<div class=\"fb-like\" data-href=\"https:\/\/www.facebook.com\/aconteceunovale\" data-width=\"120\" data-layout=\"standard\" data-action=\"like\" data-size=\"small\" data-show-faces=\"true\" data-share=\"true\"><\/div>\n<p><\/br><\/p>\n<p><em>(Fonte: G1 Vales)<\/em><\/p>\n","protected":false},"excerpt":{"rendered":"<p>O corpo de um homem de 39 anos foi encontrado, nessa ter\u00e7a-feira (13\/11\/2018), em um rio no munic\u00edpio de Novo Oriente de Minas, no Vale do Mucuri. Segundo o Corpo de Bombeiros, Maur\u00edcio Rosa Ferreira foi visto com vida pela \u00faltima vez no domingo (11) quando atravessava uma ponte improvisada de madeira sobre o Rio [&hellip;]<\/p>\n","protected":false},"author":1,"featured_media":71442,"comment_status":"open","ping_status":"closed","sticky":false,"template":"","format":"standard","meta":{"amp_status":"","footnotes":""},"categories":[122],"tags":[186237,186236,186235,186239,3138,186240,164,186238],"class_list":["post-138967","post","type-post","status-publish","format-standard","has-post-thumbnail","hentry","category-mucuri","tag-afogado-em-novo-oriente-de-minas","tag-afogamento-em-novo-oriente-de-minas","tag-corpo-e-encontrado-em-rio-no-municipio-de-novo-oriente-de-minas","tag-mauricio-rosa-ferreira","tag-novo-oriente-de-minas","tag-rio-americana-grande","tag-teofilo-otoni","tag-vitima-de-afogamento-em-novo-oriente-de-minas"],"_links":{"self":[{"href":"https:\/\/aconteceunovale.com.br\/portal\/index.php?rest_route=\/wp\/v2\/posts\/138967","targetHints":{"allow":["GET"]}}],"collection":[{"href":"https:\/\/aconteceunovale.com.br\/portal\/index.php?rest_route=\/wp\/v2\/posts"}],"about":[{"href":"https:\/\/aconteceunovale.com.br\/portal\/index.php?rest_route=\/wp\/v2\/types\/post"}],"author":[{"embeddable":true,"href":"https:\/\/aconteceunovale.com.br\/portal\/index.php?rest_route=\/wp\/v2\/users\/1"}],"replies":[{"embeddable":true,"href":"https:\/\/aconteceunovale.com.br\/portal\/index.php?rest_route=%2Fwp%2Fv2%2Fcomments&post=138967"}],"version-history":[{"count":0,"href":"https:\/\/aconteceunovale.com.br\/portal\/index.php?rest_route=\/wp\/v2\/posts\/138967\/revisions"}],"wp:featuredmedia":[{"embeddable":true,"href":"https:\/\/aconteceunovale.com.br\/portal\/index.php?rest_route=\/wp\/v2\/media\/71442"}],"wp:attachment":[{"href":"https:\/\/aconteceunovale.com.br\/portal\/index.php?rest_route=%2Fwp%2Fv2%2Fmedia&parent=138967"}],"wp:term":[{"taxonomy":"category","embeddable":true,"href":"https:\/\/aconteceunovale.com.br\/portal\/index.php?rest_route=%2Fwp%2Fv2%2Fcategories&post=138967"},{"taxonomy":"post_tag","embeddable":true,"href":"https:\/\/aconteceunovale.com.br\/portal\/index.php?rest_route=%2Fwp%2Fv2%2Ftags&post=138967"}],"curies":[{"name":"wp","href":"https:\/\/api.w.org\/{rel}","templated":true}]}}