{"id":138959,"date":"2018-11-14T21:17:33","date_gmt":"2018-11-14T23:17:33","guid":{"rendered":"http:\/\/aconteceunovale.com.br\/portal\/?p=138959"},"modified":"2018-11-14T21:17:33","modified_gmt":"2018-11-14T23:17:33","slug":"justica-eleitoral-cassa-mandato-do-prefeito-de-sao-jose-da-safira-no-vale-do-rio-doce","status":"publish","type":"post","link":"https:\/\/aconteceunovale.com.br\/portal\/?p=138959","title":{"rendered":"Justi\u00e7a Eleitoral cassa mandato do prefeito de S\u00e3o Jos\u00e9 da Safira, no Vale do Rio Doce"},"content":{"rendered":"<p>O Tribunal Regional Eleitoral de Minas Gerais (TER-MG) manteve decis\u00e3o de cassa\u00e7\u00e3o do mandato do prefeito de S\u00e3o Jos\u00e9 da Safira, Ant\u00f4nio Lacerda Filho (PSDB), e do vice, Medrade Balbino Temponi (PR), por capta\u00e7\u00e3o il\u00edcita de sufr\u00e1gio, a compra de votos, na campanha de 2016. Em setembro, o TRE j\u00e1 havia decidido pela cassa\u00e7\u00e3o, mas o prefeito e vice se mantiveram no cargo enquanto embargos de declara\u00e7\u00e3o eram apreciados. Os embargos foram julgados pelo TRE e a decis\u00e3o foi mantida e publicada no Di\u00e1rio Oficial nesta quarta-feira (14\/11\/2018).<\/p>\n<p>A partir da publica\u00e7\u00e3o da decis\u00e3o, o pr\u00f3ximo passo \u00e9 o juiz eleitoral de primeira inst\u00e2ncia ser oficiado para cumprimento da decis\u00e3o. De acordo com informa\u00e7\u00f5es da assessoria de comunica\u00e7\u00e3o do TRE, cabe recurso da decis\u00e3o para o Supremo Tribunal Eleitoral (TSE), por\u00e9m o prefeito e vice s\u00f3 seguir\u00e3o no cargo, caso consigam alguma liminar neste sentido.<\/p>\n<p>Com a cassa\u00e7\u00e3o dos chefes do Executivo, presidente da C\u00e2mara municipal, Rob\u00e9rio Francisco Costa (PTB), deve assumir a cidade at\u00e9 que nova elei\u00e7\u00f5es suplementares sejam convocadas em data a ser definida pelo TRE. <\/p>\n<p><strong>Entenda o caso<\/strong><\/p>\n<p>A a\u00e7\u00e3o que cassou a dupla foi proposta pelo ent\u00e3o candidato advers\u00e1rio, Geraldo Janio Neves. A capta\u00e7\u00e3o ilegal de votos teria sido comprovada atrav\u00e9s de v\u00eddeos, \u00e1udios e fotografias apresentadas na a\u00e7\u00e3o, que demonstram que os representados estariam oferecendo materiais de constru\u00e7\u00e3o, gasolina e outras vantagens em per\u00edodo eleitoral. Configurando abuso de poder pol\u00edtico e econ\u00f4mico.<\/p>\n<p>Em decis\u00e3o pela cassa\u00e7\u00e3o, o relator do processo, juiz Paulo Abrantes, destacou a validade de uma grava\u00e7\u00e3o na qual o vice-prefeito, Medrade, confirma que ir\u00e1 pagar a uma eleitora em raz\u00e3o do voto dado por ela e pela fam\u00edlia, bem como de outra grava\u00e7\u00e3o que afirma que far\u00e1 o pagamento de forma parcelada. Diante desses materiais e por ser chapa \u00fanica, o TRE decidiu pela anula\u00e7\u00e3o dos 1.914 votos (59,46%) que receberam Ant\u00f4nio Lacerda e Medrade Temponi. <\/p>\n<p><img decoding=\"async\" src=\"http:\/\/aconteceunovale.com.br\/portal\/wp-content\/uploads\/2018\/11\/prefeito_vice_safira.png\" alt=\"\" \/><em>Prefeito e vice de S\u00e3o Jos\u00e9 da Safira \u2014 Fotos: Divulga\u00e7\u00e3o<\/em><br \/>\n<\/br><\/p>\n<p><strong>VER PRIMEIRO<\/strong><\/p>\n<p>Receba as not\u00edcias do Aconteceu no Vale em primeira m\u00e3o. Clique em curtir no endere\u00e7o <a href=\"https:\/\/www.facebook.com\/aconteceunovale\" target=\"_blank\"><font color=\"red\">www.facebook.com\/aconteceunovale<\/font><\/a> ou no box abaixo:<\/p>\n<div class=\"fb-like\" data-href=\"https:\/\/www.facebook.com\/aconteceunovale\" data-width=\"120\" data-layout=\"standard\" data-action=\"like\" data-size=\"small\" data-show-faces=\"true\" data-share=\"true\"><\/div>\n<p><\/br><\/p>\n<p><em>(Fonte: G1 Vales)<\/em><\/p>\n","protected":false},"excerpt":{"rendered":"<p>O Tribunal Regional Eleitoral de Minas Gerais (TER-MG) manteve decis\u00e3o de cassa\u00e7\u00e3o do mandato do prefeito de S\u00e3o Jos\u00e9 da Safira, Ant\u00f4nio Lacerda Filho (PSDB), e do vice, Medrade Balbino Temponi (PR), por capta\u00e7\u00e3o il\u00edcita de sufr\u00e1gio, a compra de votos, na campanha de 2016. Em setembro, o TRE j\u00e1 havia decidido pela cassa\u00e7\u00e3o, mas [&hellip;]<\/p>\n","protected":false},"author":1,"featured_media":138960,"comment_status":"open","ping_status":"closed","sticky":false,"template":"","format":"standard","meta":{"amp_status":"","footnotes":""},"categories":[121,40240],"tags":[179487,179484,179489,179490,179486,179488,58056,179482,179483,179485,186231,319,179481,179491],"class_list":["post-138959","post","type-post","status-publish","format-standard","has-post-thumbnail","hentry","category-leste","category-politica-2","tag-antonio-lacerda-filho","tag-cassacao-do-prefeito-de-sao-jose-da-safira","tag-geraldo-janio-neves","tag-juiz-paulo-abrantes","tag-julgamento-prefeito-de-sao-jose-da-safira","tag-medrade-balbino-temponi","tag-no-vale-do-rio-doce","tag-prefeito-de-sao-jose-da-safira","tag-prefeito-de-sao-jose-da-safira-e-cassado","tag-processo-prefeito-de-sao-jose-da-safira","tag-roberio-francisco-costa","tag-sao-jose-da-safira","tag-tribunal-eleitoral-cassa-mandato-do-prefeito-de-sao-jose-da-safira","tag-vice-prefeito-medrade"],"_links":{"self":[{"href":"https:\/\/aconteceunovale.com.br\/portal\/index.php?rest_route=\/wp\/v2\/posts\/138959","targetHints":{"allow":["GET"]}}],"collection":[{"href":"https:\/\/aconteceunovale.com.br\/portal\/index.php?rest_route=\/wp\/v2\/posts"}],"about":[{"href":"https:\/\/aconteceunovale.com.br\/portal\/index.php?rest_route=\/wp\/v2\/types\/post"}],"author":[{"embeddable":true,"href":"https:\/\/aconteceunovale.com.br\/portal\/index.php?rest_route=\/wp\/v2\/users\/1"}],"replies":[{"embeddable":true,"href":"https:\/\/aconteceunovale.com.br\/portal\/index.php?rest_route=%2Fwp%2Fv2%2Fcomments&post=138959"}],"version-history":[{"count":0,"href":"https:\/\/aconteceunovale.com.br\/portal\/index.php?rest_route=\/wp\/v2\/posts\/138959\/revisions"}],"wp:featuredmedia":[{"embeddable":true,"href":"https:\/\/aconteceunovale.com.br\/portal\/index.php?rest_route=\/wp\/v2\/media\/138960"}],"wp:attachment":[{"href":"https:\/\/aconteceunovale.com.br\/portal\/index.php?rest_route=%2Fwp%2Fv2%2Fmedia&parent=138959"}],"wp:term":[{"taxonomy":"category","embeddable":true,"href":"https:\/\/aconteceunovale.com.br\/portal\/index.php?rest_route=%2Fwp%2Fv2%2Fcategories&post=138959"},{"taxonomy":"post_tag","embeddable":true,"href":"https:\/\/aconteceunovale.com.br\/portal\/index.php?rest_route=%2Fwp%2Fv2%2Ftags&post=138959"}],"curies":[{"name":"wp","href":"https:\/\/api.w.org\/{rel}","templated":true}]}}