{"id":138947,"date":"2018-11-14T20:22:31","date_gmt":"2018-11-14T22:22:31","guid":{"rendered":"http:\/\/aconteceunovale.com.br\/portal\/?p=138947"},"modified":"2018-11-14T20:22:31","modified_gmt":"2018-11-14T22:22:31","slug":"mae-de-irmaos-mortos-no-espirito-santo-e-presa-novamente-em-teofilo-otoni","status":"publish","type":"post","link":"https:\/\/aconteceunovale.com.br\/portal\/?p=138947","title":{"rendered":"M\u00e3e de irm\u00e3os mortos no Esp\u00edrito Santo \u00e9 presa novamente em Te\u00f3filo Otoni"},"content":{"rendered":"<p>A pastora Juliana Sales, m\u00e3e dos irm\u00e3os Kau\u00e3 e Joaquim, mortos em um inc\u00eandio em Linhares (ES), voltou a ser presa na tarde desta quarta-feira (14\/11\/2018), em Te\u00f3filo Otoni, no Vale do Mucuri. Ela havia sido liberada do Centro Prisional Feminino de Cariacica na madrugada da \u00faltima quinta-feira (8), por decis\u00e3o da Justi\u00e7a.<\/p>\n<p>A informa\u00e7\u00e3o foi confirmada pela Pol\u00edcia Civil de Minas Gerais. O Minist\u00e9rio P\u00fablico do Esp\u00edrito Santo informou, por meio de nota, que entrou com recurso depois que Juliana foi solta, que foi acatado pela Justi\u00e7a, reconsiderando a decis\u00e3o anterior.<\/p>\n<p>A Pol\u00edcia Civil de Minas Gerais informou que recebeu o mandado de pris\u00e3o preventiva contra a pastora, que foi cumprido nesta tarde. Ela foi levada para a Delegacia de Te\u00f3filo Otoni e, segundo a PC, ser\u00e1 encaminhada novamente ao sistema prisional.<\/p>\n<p>Na primeira vez que Juliana foi presa, no dia 20 de junho, ela tamb\u00e9m estava na cidade de Te\u00f3filo Otoni, na casa de um pastor amigo da fam\u00edlia.<\/p>\n<p>O pastor Georgeval Alves, marido de Juliana e pai de Joaquim, segue preso no Centro de Deten\u00e7\u00e3o Provis\u00f3ria de Viana, acusado do crime.<\/p>\n<p><strong>O caso<\/strong><\/p>\n<p>As crian\u00e7as morreram em um inc\u00eandio no dia 21 de abril, em Linhares. Georgeval, pai de Joaquim e padrasto de Kau\u00e3, foi acusado de estuprar, agredir e queimar as crian\u00e7as. J\u00e1 a esposa dele, Juliana foi presa porque, segundo o juiz, foi omissa e sabia dos abusos que as v\u00edtimas sofriam.<\/p>\n<p>Eles s\u00e3o acusados de homic\u00eddio qualificado, estupro de vulner\u00e1veis e fraude processual. Georgeval ainda responde por tortura.<\/p>\n<p><img decoding=\"async\" src=\"http:\/\/aconteceunovale.com.br\/portal\/wp-content\/uploads\/2018\/11\/pastora_juliana.jpg\" alt=\"\" \/><em>Juliana Sales no dia que foi presa pela primeira vez \u2014 Foto: Reprodu\u00e7\u00e3o \/ InterTV<\/em><br \/>\n<\/br><\/p>\n<p><strong>VER PRIMEIRO<\/strong><\/p>\n<p>Receba as not\u00edcias do Aconteceu no Vale em primeira m\u00e3o. Clique em curtir no endere\u00e7o <a href=\"https:\/\/www.facebook.com\/aconteceunovale\" target=\"_blank\"><font color=\"red\">www.facebook.com\/aconteceunovale<\/font><\/a> ou no box abaixo:<\/p>\n<div class=\"fb-like\" data-href=\"https:\/\/www.facebook.com\/aconteceunovale\" data-width=\"120\" data-layout=\"standard\" data-action=\"like\" data-size=\"small\" data-show-faces=\"true\" data-share=\"true\"><\/div>\n<p><\/br><\/p>\n<p><em>(Fonte: G1 ES\/TV Gazeta)<\/em><\/p>\n","protected":false},"excerpt":{"rendered":"<p>A pastora Juliana Sales, m\u00e3e dos irm\u00e3os Kau\u00e3 e Joaquim, mortos em um inc\u00eandio em Linhares (ES), voltou a ser presa na tarde desta quarta-feira (14\/11\/2018), em Te\u00f3filo Otoni, no Vale do Mucuri. Ela havia sido liberada do Centro Prisional Feminino de Cariacica na madrugada da \u00faltima quinta-feira (8), por decis\u00e3o da Justi\u00e7a. A informa\u00e7\u00e3o [&hellip;]<\/p>\n","protected":false},"author":1,"featured_media":138949,"comment_status":"open","ping_status":"closed","sticky":false,"template":"","format":"standard","meta":{"amp_status":"","footnotes":""},"categories":[122],"tags":[176115,176113,1018,176112,176118,176106,176119,12299,186214,176117,176116,176111,65613,186211,176107,186213,176114,186212,176110,176109,176108,164],"class_list":["post-138947","post","type-post","status-publish","format-standard","has-post-thumbnail","hentry","category-mucuri","tag-criancas-mortas-em-linhares","tag-criancas-queimadas-em-linhares","tag-destaque","tag-georgeval-alves","tag-joaquim-alves-salles","tag-juliana-sales-alves","tag-kaua-salles-butkovsky","tag-linhares","tag-mae-de-irmaos-mortos-no-espirito-santo-e-presa-novamente-em-teofilo-otoni","tag-mae-de-meninos-mortos-em-incendio-em-linhares","tag-mae-de-meninos-mortos-em-incendio-no-espirito-santo","tag-ministerio-publico-do-espirito-santo","tag-mpes","tag-pastora-juliana-sales","tag-pastora-juliana-sales-alves","tag-pastora-juliana-sales-e-presa","tag-pastora-linhares","tag-prisao-da-pastora-juliana-sales","tag-prisao-de-juliana-sales-alves","tag-prisao-de-pastora-em-teofilo-otoni","tag-prisao-pastora-juliana-sales-alves","tag-teofilo-otoni"],"_links":{"self":[{"href":"https:\/\/aconteceunovale.com.br\/portal\/index.php?rest_route=\/wp\/v2\/posts\/138947","targetHints":{"allow":["GET"]}}],"collection":[{"href":"https:\/\/aconteceunovale.com.br\/portal\/index.php?rest_route=\/wp\/v2\/posts"}],"about":[{"href":"https:\/\/aconteceunovale.com.br\/portal\/index.php?rest_route=\/wp\/v2\/types\/post"}],"author":[{"embeddable":true,"href":"https:\/\/aconteceunovale.com.br\/portal\/index.php?rest_route=\/wp\/v2\/users\/1"}],"replies":[{"embeddable":true,"href":"https:\/\/aconteceunovale.com.br\/portal\/index.php?rest_route=%2Fwp%2Fv2%2Fcomments&post=138947"}],"version-history":[{"count":0,"href":"https:\/\/aconteceunovale.com.br\/portal\/index.php?rest_route=\/wp\/v2\/posts\/138947\/revisions"}],"wp:featuredmedia":[{"embeddable":true,"href":"https:\/\/aconteceunovale.com.br\/portal\/index.php?rest_route=\/wp\/v2\/media\/138949"}],"wp:attachment":[{"href":"https:\/\/aconteceunovale.com.br\/portal\/index.php?rest_route=%2Fwp%2Fv2%2Fmedia&parent=138947"}],"wp:term":[{"taxonomy":"category","embeddable":true,"href":"https:\/\/aconteceunovale.com.br\/portal\/index.php?rest_route=%2Fwp%2Fv2%2Fcategories&post=138947"},{"taxonomy":"post_tag","embeddable":true,"href":"https:\/\/aconteceunovale.com.br\/portal\/index.php?rest_route=%2Fwp%2Fv2%2Ftags&post=138947"}],"curies":[{"name":"wp","href":"https:\/\/api.w.org\/{rel}","templated":true}]}}