{"id":138944,"date":"2018-11-14T18:50:33","date_gmt":"2018-11-14T20:50:33","guid":{"rendered":"http:\/\/aconteceunovale.com.br\/portal\/?p=138944"},"modified":"2018-11-14T18:50:33","modified_gmt":"2018-11-14T20:50:33","slug":"bolsonaro-diz-que-mais-medicos-nao-sera-suspenso","status":"publish","type":"post","link":"https:\/\/aconteceunovale.com.br\/portal\/?p=138944","title":{"rendered":"Bolsonaro diz que Mais M\u00e9dicos n\u00e3o ser\u00e1 suspenso"},"content":{"rendered":"<p>O presidente eleito, Jair Bolsonaro, disse hoje (14\/11\/2018) que manter\u00e1 o programa Mais M\u00e9dicos e vai substituir os cerca de 8.500 profissionais cubanos por brasileiros ou estrangeiros. Ele afirmou que os cubanos que quiserem atuar no pa\u00eds devem revalidar os diplomas. A afirma\u00e7\u00e3o ocorre no momento em que Cuba informou que vai se desligar do programa por n\u00e3o aceitar as exig\u00eancias feitas pelo novo governo.<\/p>\n<p>Bolsonaro conversou com a imprensa na tarde de hoje (14), no Centro Cultural Banco do Brasil (CCBB), sede do governo de transi\u00e7\u00e3o, pouco antes dele deixar a capital federal para retornar ao Rio de Janeiro.<\/p>\n<p>&#8220;Estamos formando, tenho certeza, em torno de 20 mil m\u00e9dicos por ano, e a tend\u00eancia \u00e9 aumentar esse n\u00famero. N\u00f3s podemos suprir esse problema com esses m\u00e9dicos. O programa n\u00e3o est\u00e1 suspenso, [m\u00e9dicos] de outros pa\u00edses podem vir para c\u00e1. A partir de janeiro, pretendemos, logicamente, dar uma satisfa\u00e7\u00e3o a essas popula\u00e7\u00f5es que ser\u00e3o desassistidas.&#8221;<\/p>\n<p><strong>Cr\u00edticas<\/strong><\/p>\n<p>O presidente eleito acrescentou que sempre foi contra o programa por discordar do modelo de contrata\u00e7\u00e3o dos profissionais cubanos. Segundo ele, h\u00e1 um tratamento &#8220;desumano&#8221; por parte das autoridades em rela\u00e7\u00e3o aos m\u00e9dicos. Como exemplo, Bolsonaro citou o fato de alguns profissionais virem para o Brasil, mas deixando as fam\u00edlias em Cuba.<\/p>\n<p>&#8220;N\u00e3o \u00e9 novidade para nenhum de voc\u00eas, quando chegou a medida provis\u00f3ria na C\u00e2mara, h\u00e1 cerca de quatro anos, eu fui contra o Mais M\u00e9dicos por alguns motivos que agora tornam-se mais claros. Primeiro, pela quest\u00e3o humanit\u00e1ria. \u00c9 desumano voc\u00ea deixar esses profissionais aqui afastados de seus familiares. Tem muita senhora aqui que est\u00e1 desempenhando essa fun\u00e7\u00e3o de m\u00e9dico e seus filhos menores est\u00e3o em Cuba.&#8221;<\/p>\n<p>O presidente eleito acusou o governo cubano de explorar os profissionais e ainda p\u00f4s em d\u00favida a capacidade profissional dos m\u00e9dicos oriundos da ilha. &#8220;Em torno de 70% do sal\u00e1rio desses m\u00e9dicos \u00e9 confiscado para a ditadura cubana. E outra coisa, que \u00e9 um desrespeito com quem recebe o tratamento por parte desses cubanos, n\u00e3o temos qualquer comprova\u00e7\u00e3o que eles sejam realmente m\u00e9dicos e estejam aptos a desempenhar sua fun\u00e7\u00e3o&#8221;.<\/p>\n<p><strong>Exig\u00eancias<\/strong><\/p>\n<p>Bolsonaro reafirmou a exig\u00eancia que seu governo far\u00e1 para manter os m\u00e9dicos cubanos no programa. &#8220;Se fizerem o Revalida, sal\u00e1rio integral e puderem trazer a fam\u00edlia, eu topo continuar o programa.&#8221;<\/p>\n<p>Mais cedo, o governo de Cuba informou que deixar\u00e1 de fazer parte do programa Mais M\u00e9dicos. Na justificativa do Minist\u00e9rio da Sa\u00fade cubano, as exig\u00eancias feitas pelo governo eleito s\u00e3o \u201cinaceit\u00e1veis\u201d e \u201cviolam\u201d acordos anteriores.<\/p>\n<p>O contingente de m\u00e9dicos cubanos representa quase metade dos profissionais que atuam no programa, cerca de 18 mil, segundo o governo brasileiro.<\/p>\n<p>A falta de cobertura desses m\u00e9dicos pode deixar mais de 20 milh\u00f5es de pessoas, principalmente das regi\u00f5es mais isoladas e nas periferias de grandes cidades, sem atendimento b\u00e1sico de sa\u00fade. <\/p>\n<p><strong>Asilo pol\u00edtico<\/strong><\/p>\n<p>Bolsonaro prometeu asilo pol\u00edtico aos m\u00e9dicos cubanos que desejarem permanecer no Brasil. &#8220;Temos que dar asilo para as pessoas que queiram, n\u00e3o podemos continuar amea\u00e7ando [de expuls\u00e3o do pa\u00eds] como foi no passado. (&#8230;) Se eu for presidente, cubano que pedir asilo aqui vai ter.&#8221;<\/p>\n<p>A legisla\u00e7\u00e3o prev\u00ea o asilo pol\u00edtico como forma de proteger qualquer cidad\u00e3o estrangeiro que se encontre perseguido em seu territ\u00f3rio por delitos pol\u00edticos, convic\u00e7\u00f5es religiosas ou situa\u00e7\u00f5es raciais.<\/p>\n<p><strong>VER PRIMEIRO<\/strong><\/p>\n<p>Receba as not\u00edcias do Aconteceu no Vale em primeira m\u00e3o. Clique em curtir no endere\u00e7o <a href=\"https:\/\/www.facebook.com\/aconteceunovale\" target=\"_blank\"><font color=\"red\">www.facebook.com\/aconteceunovale<\/font><\/a> ou no box abaixo:<\/p>\n<div class=\"fb-like\" data-href=\"https:\/\/www.facebook.com\/aconteceunovale\" data-width=\"120\" data-layout=\"standard\" data-action=\"like\" data-size=\"small\" data-show-faces=\"true\" data-share=\"true\"><\/div>\n<p><\/br><\/p>\n<p><em>(Fonte: Ag\u00eancia Brasil)<\/em><\/p>\n","protected":false},"excerpt":{"rendered":"<p>O presidente eleito, Jair Bolsonaro, disse hoje (14\/11\/2018) que manter\u00e1 o programa Mais M\u00e9dicos e vai substituir os cerca de 8.500 profissionais cubanos por brasileiros ou estrangeiros. Ele afirmou que os cubanos que quiserem atuar no pa\u00eds devem revalidar os diplomas. A afirma\u00e7\u00e3o ocorre no momento em que Cuba informou que vai se desligar do [&hellip;]<\/p>\n","protected":false},"author":1,"featured_media":138945,"comment_status":"open","ping_status":"closed","sticky":false,"template":"","format":"standard","meta":{"amp_status":"","footnotes":""},"categories":[6,40240,40242],"tags":[186209,4825,186177,186174,186176,185100,26436,6855,22814,186175],"class_list":["post-138944","post","type-post","status-publish","format-standard","has-post-thumbnail","hentry","category-br","category-politica-2","category-saude-2","tag-bolsonaro-diz-que-mais-medicos-nao-sera-suspenso","tag-cuba","tag-cuba-deixara-programa-mais-medicos-por-discordar-de-exigencias-do-governo-bolsonaro","tag-cuba-mais-medicos","tag-cubanos-mais-medicos","tag-governo-de-transicao","tag-jair-bolsonaro","tag-mais-medicos","tag-medicos-cubanos","tag-medicos-cubanos-mais-medicos"],"_links":{"self":[{"href":"https:\/\/aconteceunovale.com.br\/portal\/index.php?rest_route=\/wp\/v2\/posts\/138944","targetHints":{"allow":["GET"]}}],"collection":[{"href":"https:\/\/aconteceunovale.com.br\/portal\/index.php?rest_route=\/wp\/v2\/posts"}],"about":[{"href":"https:\/\/aconteceunovale.com.br\/portal\/index.php?rest_route=\/wp\/v2\/types\/post"}],"author":[{"embeddable":true,"href":"https:\/\/aconteceunovale.com.br\/portal\/index.php?rest_route=\/wp\/v2\/users\/1"}],"replies":[{"embeddable":true,"href":"https:\/\/aconteceunovale.com.br\/portal\/index.php?rest_route=%2Fwp%2Fv2%2Fcomments&post=138944"}],"version-history":[{"count":0,"href":"https:\/\/aconteceunovale.com.br\/portal\/index.php?rest_route=\/wp\/v2\/posts\/138944\/revisions"}],"wp:featuredmedia":[{"embeddable":true,"href":"https:\/\/aconteceunovale.com.br\/portal\/index.php?rest_route=\/wp\/v2\/media\/138945"}],"wp:attachment":[{"href":"https:\/\/aconteceunovale.com.br\/portal\/index.php?rest_route=%2Fwp%2Fv2%2Fmedia&parent=138944"}],"wp:term":[{"taxonomy":"category","embeddable":true,"href":"https:\/\/aconteceunovale.com.br\/portal\/index.php?rest_route=%2Fwp%2Fv2%2Fcategories&post=138944"},{"taxonomy":"post_tag","embeddable":true,"href":"https:\/\/aconteceunovale.com.br\/portal\/index.php?rest_route=%2Fwp%2Fv2%2Ftags&post=138944"}],"curies":[{"name":"wp","href":"https:\/\/api.w.org\/{rel}","templated":true}]}}