{"id":138939,"date":"2018-11-14T18:12:06","date_gmt":"2018-11-14T20:12:06","guid":{"rendered":"http:\/\/aconteceunovale.com.br\/portal\/?p=138939"},"modified":"2018-11-14T18:12:06","modified_gmt":"2018-11-14T20:12:06","slug":"tribunal-regional-federal-mantem-prisao-preventiva-de-nove-deputados-do-rj","status":"publish","type":"post","link":"https:\/\/aconteceunovale.com.br\/portal\/?p=138939","title":{"rendered":"Tribunal Regional Federal mant\u00e9m pris\u00e3o preventiva de nove deputados do RJ"},"content":{"rendered":"<p>Nove deputados estaduais do Rio de Janeiro tiveram suas pris\u00f5es preventivas confirmadas pelo Tribunal Regional Federal da 2\u00aa Regi\u00e3o (TRF2). A decis\u00e3o foi tomada hoje (14), de forma un\u00e2nime, pelos cinco desembargadores da 1\u00aa Se\u00e7\u00e3o, atendendo a pedido do Minist\u00e9rio P\u00fablico Federal (MPF).<\/p>\n<p>Os parlamentares foram presos durante a Opera\u00e7\u00e3o Furna da On\u00e7a, deflagrada no \u00faltimo dia 8. As pris\u00f5es tempor\u00e1rias foram transformadas em preventivas, sem prazo de soltura. Os magistrados consideraram necess\u00e1ria a pris\u00e3o a fim de garantir a ordem p\u00fablica, assegurando a instru\u00e7\u00e3o criminal e a aplica\u00e7\u00e3o da lei penal.<\/p>\n<p>Outro fator que pesou na decis\u00e3o foi a constata\u00e7\u00e3o de que investigados tiveram conhecimento pr\u00e9vio da opera\u00e7\u00e3o, atrav\u00e9s de vazamento, e teriam tomado medidas para impedir a coleta de provas.<\/p>\n<p>Com a decis\u00e3o, reafirmam-se as pris\u00f5es dos tr\u00eas deputados r\u00e9us do processo derivado da Opera\u00e7\u00e3o Cadeia Velha: Jorge Picciani, Paulo Melo e Edson Albertassi, todos do MDB, tamb\u00e9m alvos da Furna da On\u00e7a. Al\u00e9m deles, seis deputados inicialmente em pris\u00e3o tempor\u00e1ria passaram \u00e0 preventiva: Andr\u00e9 Corr\u00eaa (DEM), Chiquinho da Mangueira (PSC), Coronel Jairo (MDB), Luiz Martins (PDT), Marcos Abrah\u00e3o (Avante) e Marcus Vinicius Neskau (PTB).<\/p>\n<p>Para o deputado Marcelo Sim\u00e3o (PP), a decis\u00e3o consistiu na proibi\u00e7\u00e3o de frequentar a Alerj e sair do pa\u00eds, entregando o passaporte \u00e0 Justi\u00e7a, porque n\u00e3o foi apurado conduta que caracterizasse impedimento de coleta de provas ou sua destrui\u00e7\u00e3o.<\/p>\n<p>O procurador regional da Rep\u00fablica Carlos Aguiar, um dos respons\u00e1veis pela Opera\u00e7\u00e3o Furna da On\u00e7a, considerou a decis\u00e3o importante para garantir a preserva\u00e7\u00e3o das provas.<\/p>\n<p>\u201cEssas pessoas, ao longo de d\u00e9cadas, se acostumaram a praticar crimes em detrimento da sociedade. \u00c9 uma medida en\u00e9rgica, fundamental, in\u00e9dita e un\u00e2nime que decretou as pris\u00f5es mais uma vez. Isso tende a minimizar efeitos delet\u00e9rios que essa organiza\u00e7\u00e3o vem causando \u00e0 sociedade fluminense\u201d, declarou o procurador, em nota distribu\u00edda pelo MPF.<\/p>\n<p><strong>VER PRIMEIRO<\/strong><\/p>\n<p>Receba as not\u00edcias do Aconteceu no Vale em primeira m\u00e3o. Clique em curtir no endere\u00e7o <a href=\"https:\/\/www.facebook.com\/aconteceunovale\" target=\"_blank\"><font color=\"red\">www.facebook.com\/aconteceunovale<\/font><\/a> ou no box abaixo:<\/p>\n<div class=\"fb-like\" data-href=\"https:\/\/www.facebook.com\/aconteceunovale\" data-width=\"120\" data-layout=\"standard\" data-action=\"like\" data-size=\"small\" data-show-faces=\"true\" data-share=\"true\"><\/div>\n<p><\/br><\/p>\n<p><em>(Fonte: Ag\u00eancia Brasil)<\/em><\/p>\n","protected":false},"excerpt":{"rendered":"<p>Nove deputados estaduais do Rio de Janeiro tiveram suas pris\u00f5es preventivas confirmadas pelo Tribunal Regional Federal da 2\u00aa Regi\u00e3o (TRF2). A decis\u00e3o foi tomada hoje (14), de forma un\u00e2nime, pelos cinco desembargadores da 1\u00aa Se\u00e7\u00e3o, atendendo a pedido do Minist\u00e9rio P\u00fablico Federal (MPF). Os parlamentares foram presos durante a Opera\u00e7\u00e3o Furna da On\u00e7a, deflagrada no [&hellip;]<\/p>\n","protected":false},"author":1,"featured_media":138940,"comment_status":"open","ping_status":"closed","sticky":false,"template":"","format":"standard","meta":{"amp_status":"","footnotes":""},"categories":[6,40240],"tags":[96519,186198,186199,186200,186193,186191,186192,186197,186196,186201,186204,186202,186203,18887,186195,186189,114869,186190,81958,1104,164508,186194],"class_list":["post-138939","post","type-post","status-publish","format-standard","has-post-thumbnail","hentry","category-br","category-politica-2","tag-alerj","tag-andre-correa","tag-chiquinho-da-mangueira","tag-coronel-jairo","tag-deputados-do-rio-de-janeiro-presos","tag-deputados-presos-na-operacao-furna-da-onca","tag-deputados-presos-no-rio-de-janeiro","tag-edson-albertassi","tag-jorge-picciani","tag-luiz-martins","tag-marcelo-simao","tag-marcos-abrahao","tag-marcus-vinicius-neskau","tag-mpf","tag-operacao-cadeia-velha","tag-operacao-furna-da-onca","tag-paulo-melo","tag-presos-na-operacao-furna-da-onca","tag-prisao-preventiva","tag-rio-de-janeiro","tag-trf","tag-tribunal-regional-federal-mantem-prisao-preventiva-de-nove-deputados-do-rj"],"_links":{"self":[{"href":"https:\/\/aconteceunovale.com.br\/portal\/index.php?rest_route=\/wp\/v2\/posts\/138939","targetHints":{"allow":["GET"]}}],"collection":[{"href":"https:\/\/aconteceunovale.com.br\/portal\/index.php?rest_route=\/wp\/v2\/posts"}],"about":[{"href":"https:\/\/aconteceunovale.com.br\/portal\/index.php?rest_route=\/wp\/v2\/types\/post"}],"author":[{"embeddable":true,"href":"https:\/\/aconteceunovale.com.br\/portal\/index.php?rest_route=\/wp\/v2\/users\/1"}],"replies":[{"embeddable":true,"href":"https:\/\/aconteceunovale.com.br\/portal\/index.php?rest_route=%2Fwp%2Fv2%2Fcomments&post=138939"}],"version-history":[{"count":0,"href":"https:\/\/aconteceunovale.com.br\/portal\/index.php?rest_route=\/wp\/v2\/posts\/138939\/revisions"}],"wp:featuredmedia":[{"embeddable":true,"href":"https:\/\/aconteceunovale.com.br\/portal\/index.php?rest_route=\/wp\/v2\/media\/138940"}],"wp:attachment":[{"href":"https:\/\/aconteceunovale.com.br\/portal\/index.php?rest_route=%2Fwp%2Fv2%2Fmedia&parent=138939"}],"wp:term":[{"taxonomy":"category","embeddable":true,"href":"https:\/\/aconteceunovale.com.br\/portal\/index.php?rest_route=%2Fwp%2Fv2%2Fcategories&post=138939"},{"taxonomy":"post_tag","embeddable":true,"href":"https:\/\/aconteceunovale.com.br\/portal\/index.php?rest_route=%2Fwp%2Fv2%2Ftags&post=138939"}],"curies":[{"name":"wp","href":"https:\/\/api.w.org\/{rel}","templated":true}]}}