{"id":138935,"date":"2018-11-14T18:07:05","date_gmt":"2018-11-14T20:07:05","guid":{"rendered":"http:\/\/aconteceunovale.com.br\/portal\/?p=138935"},"modified":"2018-11-14T18:07:05","modified_gmt":"2018-11-14T20:07:05","slug":"ernesto-araujo-e-escolhido-para-relacoes-exteriores","status":"publish","type":"post","link":"https:\/\/aconteceunovale.com.br\/portal\/?p=138935","title":{"rendered":"Ernesto Ara\u00fajo \u00e9 escolhido para Rela\u00e7\u00f5es Exteriores"},"content":{"rendered":"<p>O presidente eleito Jair Bolsonaro anunciou h\u00e1 pouco a indica\u00e7\u00e3o do embaixador Ernesto Fraga Ara\u00fajo para o cargo de ministro das Rela\u00e7\u00f5es Exteriores de seu governo. Diplomata h\u00e1 29 anos, Ara\u00fajo \u00e9 diretor do Departamento de Estados Unidos, Canad\u00e1 e Assuntos Interamericanos do Itamaraty.<\/p>\n<p>Bolsonaro anunciou a indica\u00e7\u00e3o por meio de sua conta no Twitter. \u201cA pol\u00edtica externa brasileira deve ser parte do momento de regenera\u00e7\u00e3o que o Brasil vive hoje\u201d, escreveu o presidente eleito, classificando o diplomata como um \u201cum brilhante intelectual.\u201d<\/p>\n<p>Ernesto Ara\u00fajo, de 51 anos, nasceu em Porto Alegre e \u00e9 formado em Letras. Mais recentemente, o diplomata serviou na Alemanha, no Canad\u00e1 e nos Estados Unidos. Atuou como subchefe de gabinete do ent\u00e3o chanceler Mauro Vieira, de 2015 a 2016. Trabalhou nas \u00e1reas de integra\u00e7\u00e3o regional, Mercosul, Uni\u00e3o Europeia e negocia\u00e7\u00f5es extra-regionais.<\/p>\n<p>\u00c9 autor de trabalhos sobre o Mercosul e negocia\u00e7\u00f5es extra-regionais. \u00c9 casado e tem uma filha de 12 anos.<\/p>\n<p>Em artigo publicado no Cadernos de Pol\u00edtica Exterior, do Instituto de Pesquisa de Rela\u00e7\u00f5es Internacionais (IPRI), em 2017, o embaixador prop\u00f5e que o Brasil reflita e defina se quer fazer parte da concep\u00e7\u00e3o de Ocidente do presidente dos Estados Unidos, Donald Trump.<\/p>\n<p>\u201cUma vis\u00e3o do Ocidente n\u00e3o baseada no capitalismo e na democracia liberal, mas na recupera\u00e7\u00e3o do passado simb\u00f3lico, da hist\u00f3ria e da cultura das na\u00e7\u00f5es ocidentais [\u2026] e que mostra o nacionalismo como indissoci\u00e1vel da ess\u00eancia do Ocidente\u201d, escreveu Ara\u00fajo antes de, comparando a atual situa\u00e7\u00e3o mundial a uma partida de futebol americano, acrescentar que \u201cmuita gente n\u00e3o sabe que o Ocidente est\u00e1 jogando, muito menos que est\u00e1 perdendo.\u201d<\/p>\n<p><img decoding=\"async\" src=\"http:\/\/aconteceunovale.com.br\/portal\/wp-content\/uploads\/2018\/11\/bolsonaro_itamaraty_1.jpg\" alt=\"\" \/><em>O presidente eleito Jair Bolsonaro e o futuro ministro das Rela\u00e7\u00f5es Exteriores, embaixador Ernesto Fraga Ara\u00fajo, concedem entrevista \u00e0 imprensa no CCBB &#8211; Valter Campanato\/Ag\u00eancia Brasil<\/em><br \/>\n<\/br><\/p>\n<p><strong>Equipe ministerial<\/strong><\/p>\n<p>Com o novo an\u00fancio, sobe para oito os nomes confirmados para a equipe ministerial do governo eleito. Alguns escolhidos atuam diretamente no governo de transi\u00e7\u00e3o. Nas declara\u00e7\u00f5es p\u00fablicas, Bolsonaro avisou que pretende reduzir de 29 para de 15 a 17 o n\u00famero de minist\u00e9rios, extinguindo pastas e fundindo outras.<\/p>\n<p><strong>Repercuss\u00e3o<\/strong><\/p>\n<p>Em nota, o Sindicato Nacional dos Servidores do Minist\u00e9rio das Rela\u00e7\u00f5es Exteriores (Sinditamaraty) saudou a escolha de Ara\u00fajo. &#8220;A entidade reafirma seu compromisso com a moderniza\u00e7\u00e3o das rela\u00e7\u00f5es de trabalho em prol de todos os servidores do MRE. Desejamos \u00eaxito e sucesso na nova miss\u00e3o.&#8221;<\/p>\n<p><strong>VER PRIMEIRO<\/strong><\/p>\n<p>Receba as not\u00edcias do Aconteceu no Vale em primeira m\u00e3o. Clique em curtir no endere\u00e7o <a href=\"https:\/\/www.facebook.com\/aconteceunovale\" target=\"_blank\"><font color=\"red\">www.facebook.com\/aconteceunovale<\/font><\/a> ou no box abaixo:<\/p>\n<div class=\"fb-like\" data-href=\"https:\/\/www.facebook.com\/aconteceunovale\" data-width=\"120\" data-layout=\"standard\" data-action=\"like\" data-size=\"small\" data-show-faces=\"true\" data-share=\"true\"><\/div>\n<p><\/br><\/p>\n<p><em>(Fonte: Ag\u00eancia Brasil)<\/em><\/p>\n","protected":false},"excerpt":{"rendered":"<p>O presidente eleito Jair Bolsonaro anunciou h\u00e1 pouco a indica\u00e7\u00e3o do embaixador Ernesto Fraga Ara\u00fajo para o cargo de ministro das Rela\u00e7\u00f5es Exteriores de seu governo. Diplomata h\u00e1 29 anos, Ara\u00fajo \u00e9 diretor do Departamento de Estados Unidos, Canad\u00e1 e Assuntos Interamericanos do Itamaraty. Bolsonaro anunciou a indica\u00e7\u00e3o por meio de sua conta no Twitter. [&hellip;]<\/p>\n","protected":false},"author":1,"featured_media":138936,"comment_status":"open","ping_status":"closed","sticky":false,"template":"","format":"standard","meta":{"amp_status":"","footnotes":""},"categories":[6,28848],"tags":[100375,186181,186185,186178,186184,186186,184405,185100,186187,43552,26436,93882,186182,186180,186183,186179,94395,184525,186188],"class_list":["post-138935","post","type-post","status-publish","format-standard","has-post-thumbnail","hentry","category-br","category-mundo","tag-bolsonaro","tag-equipe-ministerial-jair-bolsonaro","tag-ernesto-araujo","tag-ernesto-araujo-e-escolhido-para-relacoes-exteriores","tag-ernesto-fraga-araujo","tag-futuro-ministro-das-relacoes-exteriores","tag-governo-bolsonaro","tag-governo-de-transicao","tag-indicado-para-o-itamaraty","tag-itamaraty","tag-jair-bolsonaro","tag-ministro-das-relacoes-exteriores","tag-ministros-governo-bolsonaro","tag-ministros-indicados-jair-bolsonaro","tag-ministros-indicados-por-bolsonaro","tag-ministros-jair-bolsonaro","tag-mre","tag-presidente-eleito-jair-bolsonaro","tag-sinditamaraty"],"_links":{"self":[{"href":"https:\/\/aconteceunovale.com.br\/portal\/index.php?rest_route=\/wp\/v2\/posts\/138935","targetHints":{"allow":["GET"]}}],"collection":[{"href":"https:\/\/aconteceunovale.com.br\/portal\/index.php?rest_route=\/wp\/v2\/posts"}],"about":[{"href":"https:\/\/aconteceunovale.com.br\/portal\/index.php?rest_route=\/wp\/v2\/types\/post"}],"author":[{"embeddable":true,"href":"https:\/\/aconteceunovale.com.br\/portal\/index.php?rest_route=\/wp\/v2\/users\/1"}],"replies":[{"embeddable":true,"href":"https:\/\/aconteceunovale.com.br\/portal\/index.php?rest_route=%2Fwp%2Fv2%2Fcomments&post=138935"}],"version-history":[{"count":0,"href":"https:\/\/aconteceunovale.com.br\/portal\/index.php?rest_route=\/wp\/v2\/posts\/138935\/revisions"}],"wp:featuredmedia":[{"embeddable":true,"href":"https:\/\/aconteceunovale.com.br\/portal\/index.php?rest_route=\/wp\/v2\/media\/138936"}],"wp:attachment":[{"href":"https:\/\/aconteceunovale.com.br\/portal\/index.php?rest_route=%2Fwp%2Fv2%2Fmedia&parent=138935"}],"wp:term":[{"taxonomy":"category","embeddable":true,"href":"https:\/\/aconteceunovale.com.br\/portal\/index.php?rest_route=%2Fwp%2Fv2%2Fcategories&post=138935"},{"taxonomy":"post_tag","embeddable":true,"href":"https:\/\/aconteceunovale.com.br\/portal\/index.php?rest_route=%2Fwp%2Fv2%2Ftags&post=138935"}],"curies":[{"name":"wp","href":"https:\/\/api.w.org\/{rel}","templated":true}]}}