{"id":138932,"date":"2018-11-14T18:02:31","date_gmt":"2018-11-14T20:02:31","guid":{"rendered":"http:\/\/aconteceunovale.com.br\/portal\/?p=138932"},"modified":"2018-11-14T18:02:31","modified_gmt":"2018-11-14T20:02:31","slug":"cuba-deixara-programa-mais-medicos-por-discordar-de-exigencias-do-governo-bolsonaro","status":"publish","type":"post","link":"https:\/\/aconteceunovale.com.br\/portal\/?p=138932","title":{"rendered":"Cuba deixar\u00e1 Programa Mais M\u00e9dicos por discordar de exig\u00eancias do governo Bolsonaro"},"content":{"rendered":"<p>O governo de Cuba informou hoje (14\/11\/2018) que deixar\u00e1 de fazer parte do programa Mais M\u00e9dicos. A justificativa do Minist\u00e9rio da Sa\u00fade cubano \u00e9 que as exig\u00eancias feitas pelo governo eleito s\u00e3o \u201cinaceit\u00e1veis\u201d e \u201cviolam\u201d acordos anteriores. O presidente eleito Jair Bolsonaro disse, na sua conta do Twitter, que a perman\u00eancia dos cubanos est\u00e1 condicionada \u00e0 realiza\u00e7\u00e3o do Revalida pelos profissionais, que \u00e9 o exame aplicado aos m\u00e9dicos que se formam no exterior e querem atuar no Brasil. <\/p>\n<p>\u201cCondicionamos \u00e0 continuidade do programa Mais M\u00e9dicos a aplica\u00e7\u00e3o de teste de capacidade, sal\u00e1rio integral aos profissionais cubanos, hoje maior parte destinados \u00e0 ditadura, e a liberdade para trazerem suas fam\u00edlias. Infelizmente, Cuba n\u00e3o aceitou&#8221;, disse o presidente eleito, na rede social. &#8220;Al\u00e9m de explorar seus cidad\u00e3os ao n\u00e3o pagar integralmente os sal\u00e1rios dos profissionais, a ditadura cubana demonstra grande irresponsabilidade ao desconsiderar os impactos negativos na vida e na sa\u00fade dos brasileiros e na integridade dos cubanos&#8221;, publicou mais tarde. <\/p>\n<p>Para as autoridades cubanas, o governo eleito questiona a prepara\u00e7\u00e3o dos m\u00e9dicos ao exigir que eles se submetam \u00e0 revalida\u00e7\u00e3o do t\u00edtulo para serem contratados. Em documento enviado pelo Minist\u00e9rio da Sa\u00fade de Cuba, as autoridades cubanas ressaltam que o acordo do Mais M\u00e9dicos foi ratificado em 2016. No comunicado, afirmam que questionar a capacidade dos profissionais do pa\u00eds \u00e9 indigno. \u201cN\u00e3o \u00e9 aceit\u00e1vel questionar a dignidade, o profissionalismo e o altru\u00edsmo dos colaboradores cubanos.\u201d<\/p>\n<p>No per\u00edodo eleitoral, Bolsonaro disse que pretendia manter o programa, mas sem vi\u00e9s ideol\u00f3gico e comprovando capacidade t\u00e9cnica para o trabalho a ser desempenhado. Segundo ele, o conceito do programa social vai al\u00e9m da quest\u00e3o de sa\u00fade.<\/p>\n<p><strong>Hist\u00f3rico<\/strong><\/p>\n<p>O programa foi criado em 2013, na gest\u00e3o da ex-presidente Dilma Rousseff, para levar m\u00e9dicos a regi\u00f5es distantes e periferias do pa\u00eds. A vinda dos m\u00e9dicos cubanos foi acertada por meio de conv\u00eanio firmado entre os governos brasileiro e de Cuba, por meio da Organiza\u00e7\u00e3o Pan-americana de Sa\u00fade (Opas), e que dispensava a valida\u00e7\u00e3o do diploma dos profissionais. Na ocasi\u00e3o, o acordo foi questionado por entidades m\u00e9dicas brasileiras.  <\/p>\n<p>Em abril deste ano, o Minist\u00e9rio da Sa\u00fade confirmou a suspens\u00e3o do envio de 710 profissionais cubanos ao Brasil para trabalhar no programa Mais M\u00e9dicos. Na ocasi\u00e3o, o ent\u00e3o ministro da Sa\u00fade, Ricardo Barros, disse que a iniciativa n\u00e3o prejudicaria o pa\u00eds. Segundo Barros, o governo cubano tinha a previs\u00e3o de reduzir de 11,4 mil para 7,4 mil m\u00e9dicos de Cuba no per\u00edodo de tr\u00eas anos. De acordo com ele, as substitui\u00e7\u00f5es ser\u00e3o feitas por m\u00e9dicos brasileiros que est\u00e3o no cadastro anterior. Anteriormente, a previs\u00e3o era de o Brasil receber de 3 mil a 4 mil profissionais cubanos este ano.<\/p>\n<p>Atualmente, conforme dados do minist\u00e9rio, o programa tem 18.240 m\u00e9dicos trabalhando em 4.058 munic\u00edpios e 34 distritos sanit\u00e1rios especiais ind\u00edgenas. <\/p>\n<p><strong>Pa\u00edses<\/strong><\/p>\n<p>O Minist\u00e9rio da Sa\u00fade de Cuba informou que h\u00e1 m\u00e9dicos cubanos em atua\u00e7\u00e3o em 67 pa\u00edses. Em 55 anos, o \u00f3rg\u00e3o destacou foram 600 mil miss\u00f5es internacionais, em 64 pa\u00edses, envolvendo mais de 400 mil profissionais de sa\u00fade cubanos.<\/p>\n<p>O \u00f3rg\u00e3o informou que os profissionais da \u00e1rea trabalharam no combate ao ebola na \u00c1frica, \u00e0 c\u00f3lera no Haiti e em miss\u00f5es de desastres e epidemias no Paquist\u00e3o,na Indon\u00e9sia, no M\u00e9xico, Equador, Peru, Chile e na Venezuela.<\/p>\n<p><strong>VER PRIMEIRO<\/strong><\/p>\n<p>Receba as not\u00edcias do Aconteceu no Vale em primeira m\u00e3o. Clique em curtir no endere\u00e7o <a href=\"https:\/\/www.facebook.com\/aconteceunovale\" target=\"_blank\"><font color=\"red\">www.facebook.com\/aconteceunovale<\/font><\/a> ou no box abaixo:<\/p>\n<div class=\"fb-like\" data-href=\"https:\/\/www.facebook.com\/aconteceunovale\" data-width=\"120\" data-layout=\"standard\" data-action=\"like\" data-size=\"small\" data-show-faces=\"true\" data-share=\"true\"><\/div>\n<p><\/br><\/p>\n<p><em>(Fonte: Ag\u00eancia Brasil)<\/em><\/p>\n","protected":false},"excerpt":{"rendered":"<p>O governo de Cuba informou hoje (14\/11\/2018) que deixar\u00e1 de fazer parte do programa Mais M\u00e9dicos. A justificativa do Minist\u00e9rio da Sa\u00fade cubano \u00e9 que as exig\u00eancias feitas pelo governo eleito s\u00e3o \u201cinaceit\u00e1veis\u201d e \u201cviolam\u201d acordos anteriores. O presidente eleito Jair Bolsonaro disse, na sua conta do Twitter, que a perman\u00eancia dos cubanos est\u00e1 condicionada [&hellip;]<\/p>\n","protected":false},"author":1,"featured_media":138933,"comment_status":"open","ping_status":"closed","sticky":false,"template":"","format":"standard","meta":{"amp_status":"","footnotes":""},"categories":[6,28848,40242],"tags":[4825,186177,186174,186176,26436,6855,186175],"class_list":["post-138932","post","type-post","status-publish","format-standard","has-post-thumbnail","hentry","category-br","category-mundo","category-saude-2","tag-cuba","tag-cuba-deixara-programa-mais-medicos-por-discordar-de-exigencias-do-governo-bolsonaro","tag-cuba-mais-medicos","tag-cubanos-mais-medicos","tag-jair-bolsonaro","tag-mais-medicos","tag-medicos-cubanos-mais-medicos"],"_links":{"self":[{"href":"https:\/\/aconteceunovale.com.br\/portal\/index.php?rest_route=\/wp\/v2\/posts\/138932","targetHints":{"allow":["GET"]}}],"collection":[{"href":"https:\/\/aconteceunovale.com.br\/portal\/index.php?rest_route=\/wp\/v2\/posts"}],"about":[{"href":"https:\/\/aconteceunovale.com.br\/portal\/index.php?rest_route=\/wp\/v2\/types\/post"}],"author":[{"embeddable":true,"href":"https:\/\/aconteceunovale.com.br\/portal\/index.php?rest_route=\/wp\/v2\/users\/1"}],"replies":[{"embeddable":true,"href":"https:\/\/aconteceunovale.com.br\/portal\/index.php?rest_route=%2Fwp%2Fv2%2Fcomments&post=138932"}],"version-history":[{"count":0,"href":"https:\/\/aconteceunovale.com.br\/portal\/index.php?rest_route=\/wp\/v2\/posts\/138932\/revisions"}],"wp:featuredmedia":[{"embeddable":true,"href":"https:\/\/aconteceunovale.com.br\/portal\/index.php?rest_route=\/wp\/v2\/media\/138933"}],"wp:attachment":[{"href":"https:\/\/aconteceunovale.com.br\/portal\/index.php?rest_route=%2Fwp%2Fv2%2Fmedia&parent=138932"}],"wp:term":[{"taxonomy":"category","embeddable":true,"href":"https:\/\/aconteceunovale.com.br\/portal\/index.php?rest_route=%2Fwp%2Fv2%2Fcategories&post=138932"},{"taxonomy":"post_tag","embeddable":true,"href":"https:\/\/aconteceunovale.com.br\/portal\/index.php?rest_route=%2Fwp%2Fv2%2Ftags&post=138932"}],"curies":[{"name":"wp","href":"https:\/\/api.w.org\/{rel}","templated":true}]}}