{"id":138929,"date":"2018-11-14T17:23:44","date_gmt":"2018-11-14T19:23:44","guid":{"rendered":"http:\/\/aconteceunovale.com.br\/portal\/?p=138929"},"modified":"2018-11-14T17:23:44","modified_gmt":"2018-11-14T19:23:44","slug":"presidente-eleito-diz-a-governadores-que-ha-medidas-amargas-mas-necessarias","status":"publish","type":"post","link":"https:\/\/aconteceunovale.com.br\/portal\/?p=138929","title":{"rendered":"Presidente eleito diz a governadores que h\u00e1 medidas amargas, mas necess\u00e1rias"},"content":{"rendered":"<p>Em seu primeiro encontro com os governadores eleitos e reeleitos em outubro, o presidente eleito Jair Bolsonaro afirmou que, por vezes, \u00e9 necess\u00e1rio adotar \u201cmedidas que s\u00e3o um pouco amargas\u201d para evitar o agravamento da crise no pa\u00eds. Ele n\u00e3o detalhou que medidas s\u00e3o essas, mas disse que o esfor\u00e7o \u00e9 para evitar que o Brasil se transforme em uma Gr\u00e9cia. Bolsonaro lembrou que as reformas t\u00eam de passar pela C\u00e2mara e pelo Senado e pediu a compreens\u00e3o dos presentes.<\/p>\n<p>Algumas medidas s\u00e3o um pouco amargas, mas n\u00f3s n\u00e3o podemos tangenciar com a possibilidade de nos transformarmos naquilo que a Gr\u00e9cia passou, por exemplo&#8221;, afirmou Bolsonaro. \u201cTemos de buscar solu\u00e7\u00f5es, n\u00e3o apenas econ\u00f4micas. Se conseguirmos diminuir a temperatura da inseguran\u00e7a no Brasil, a economia come\u00e7a a fluir.&#8221;<\/p>\n<p>Bolsonaro destacou as pontencialidades do pa\u00eds, como a riqueza mineral, a biodiversidade, o agroneg\u00f3cio e o turismo. Segundo o presidente eleito, as solu\u00e7\u00f5es passam pelo apoio dos estados. \u201cN\u00e3o teremos outra oportunidade de mudar o Brasil. N\u00f3s temos que dar certo. N\u00e3o teremos uma outra oportunidade pela frente. Temos que trabalhar unidos e irmandos nesse prop\u00f3sito.\u201d<\/p>\n<p><strong>Pacto<\/strong><\/p>\n<p>No encontro desta quarta-feira, Bolsonaro prop\u00f4s aos governadores um pacto a favor do Brasil, no esfor\u00e7o de buscar solu\u00e7\u00f5es para os problemas e contribuir na administra\u00e7\u00e3o das dificuldades. O presidente eleito frisou que o pacto ser\u00e1 negociado &#8220;independentemente de partido [pol\u00edtico]. A partir deste momento n\u00e3o existe mais partido, nosso partido \u00e9 o Brasil\u201d, disse, sob aplausos.<\/p>\n<p>Bolsonaro negou que que o Minist\u00e9rio do Meio Ambiente ser\u00e1 comandada pela atriz e escritora Mait\u00ea Proen\u00e7a. De acordo com ele, o nome escolhido ser\u00e1 o de uma pessoa que conhece com profundidade a quest\u00e3o ambiental e vai focar na concess\u00e3o de licen\u00e7as, que, na opini\u00e3o dele, est\u00e1 cercada de burocracia. \u201cQueremos preservar o meio ambiente, mas n\u00e3o dessa forma que est\u00e1 a\u00ed.\u201d<\/p>\n<p>O presidente eleito disse ter ouvido uma an\u00e1lise pertinente do futuro governador de Goi\u00e1s, Ronaldo Caiado. \u201cNingu\u00e9m consegue entender porque o Brasil, com a riqueza que tem, est\u00e1 na situa\u00e7\u00e3o de hoje\u201d, afirmou Bolsonaro. \u201cTemos que destravar quest\u00f5es que nos colocam em situa\u00e7\u00e3o de atraso.\u201d<\/p>\n<p><img decoding=\"async\" src=\"http:\/\/aconteceunovale.com.br\/portal\/wp-content\/uploads\/2018\/11\/bolsonaro_governadores.jpg\" alt=\"\" \/><em>Bolsonaro posa com governadores eleitos e reeleitos &#8211; Marcelo Camargo\/Ag\u00eancia Brasil<\/em><br \/>\n<\/br><\/p>\n<p><strong>Carta<\/strong><\/p>\n<p>Ao ser informado pelo governador eleito de S\u00e3o Paulo, Jo\u00e3o D\u00f3ria, de que as reivindica\u00e7\u00f5es dos governadores ser\u00e3o reunidas em uma carta, Bolsonaro afirmou que vai analisar com sua equipe cada item exposto no documento.<\/p>\n<p>Ao longo desta semana, a expectativa girou do an\u00fancio de novos nomes para compor o primeiro escal\u00e3o do governo Bolsonaro. Al\u00e9m da pasta do Meio Ambiente, o presidente eleito poderia indicar o comando dos Minist\u00e9rios da Sa\u00fade e das Rela\u00e7\u00f5es Exteriores.<\/p>\n<p>Por\u00e9m, o ministro extraordin\u00e1rio da transi\u00e7\u00e3o, Onyx Lorenzoni, afirmou que n\u00e3o haver\u00e1 novos an\u00fancios at\u00e9 sexta-feira (16).<\/p>\n<p><strong>VER PRIMEIRO<\/strong><\/p>\n<p>Receba as not\u00edcias do Aconteceu no Vale em primeira m\u00e3o. Clique em curtir no endere\u00e7o <a href=\"https:\/\/www.facebook.com\/aconteceunovale\" target=\"_blank\"><font color=\"red\">www.facebook.com\/aconteceunovale<\/font><\/a> ou no box abaixo:<\/p>\n<div class=\"fb-like\" data-href=\"https:\/\/www.facebook.com\/aconteceunovale\" data-width=\"120\" data-layout=\"standard\" data-action=\"like\" data-size=\"small\" data-show-faces=\"true\" data-share=\"true\"><\/div>\n<p><\/br><\/p>\n<p><em>(Fonte: Ag\u00eancia Brasil)<\/em><\/p>\n","protected":false},"excerpt":{"rendered":"<p>Em seu primeiro encontro com os governadores eleitos e reeleitos em outubro, o presidente eleito Jair Bolsonaro afirmou que, por vezes, \u00e9 necess\u00e1rio adotar \u201cmedidas que s\u00e3o um pouco amargas\u201d para evitar o agravamento da crise no pa\u00eds. Ele n\u00e3o detalhou que medidas s\u00e3o essas, mas disse que o esfor\u00e7o \u00e9 para evitar que o [&hellip;]<\/p>\n","protected":false},"author":1,"featured_media":138930,"comment_status":"open","ping_status":"closed","sticky":false,"template":"","format":"standard","meta":{"amp_status":"","footnotes":""},"categories":[6,40240],"tags":[100375,186172,184422,184405,185100,26436,186171,186173],"class_list":["post-138929","post","type-post","status-publish","format-standard","has-post-thumbnail","hentry","category-br","category-politica-2","tag-bolsonaro","tag-encontro-de-bolsonaro-com-governadores","tag-governadores-eleitos","tag-governo-bolsonaro","tag-governo-de-transicao","tag-jair-bolsonaro","tag-pacto-pelo-brasil","tag-presidente-eleito-diz-a-governadores-que-ha-medidas-amargas"],"_links":{"self":[{"href":"https:\/\/aconteceunovale.com.br\/portal\/index.php?rest_route=\/wp\/v2\/posts\/138929","targetHints":{"allow":["GET"]}}],"collection":[{"href":"https:\/\/aconteceunovale.com.br\/portal\/index.php?rest_route=\/wp\/v2\/posts"}],"about":[{"href":"https:\/\/aconteceunovale.com.br\/portal\/index.php?rest_route=\/wp\/v2\/types\/post"}],"author":[{"embeddable":true,"href":"https:\/\/aconteceunovale.com.br\/portal\/index.php?rest_route=\/wp\/v2\/users\/1"}],"replies":[{"embeddable":true,"href":"https:\/\/aconteceunovale.com.br\/portal\/index.php?rest_route=%2Fwp%2Fv2%2Fcomments&post=138929"}],"version-history":[{"count":0,"href":"https:\/\/aconteceunovale.com.br\/portal\/index.php?rest_route=\/wp\/v2\/posts\/138929\/revisions"}],"wp:featuredmedia":[{"embeddable":true,"href":"https:\/\/aconteceunovale.com.br\/portal\/index.php?rest_route=\/wp\/v2\/media\/138930"}],"wp:attachment":[{"href":"https:\/\/aconteceunovale.com.br\/portal\/index.php?rest_route=%2Fwp%2Fv2%2Fmedia&parent=138929"}],"wp:term":[{"taxonomy":"category","embeddable":true,"href":"https:\/\/aconteceunovale.com.br\/portal\/index.php?rest_route=%2Fwp%2Fv2%2Fcategories&post=138929"},{"taxonomy":"post_tag","embeddable":true,"href":"https:\/\/aconteceunovale.com.br\/portal\/index.php?rest_route=%2Fwp%2Fv2%2Ftags&post=138929"}],"curies":[{"name":"wp","href":"https:\/\/api.w.org\/{rel}","templated":true}]}}