{"id":138917,"date":"2018-11-14T16:17:53","date_gmt":"2018-11-14T18:17:53","guid":{"rendered":"http:\/\/aconteceunovale.com.br\/portal\/?p=138917"},"modified":"2018-11-14T16:17:53","modified_gmt":"2018-11-14T18:17:53","slug":"motociclista-morre-em-acidente-na-br-251-no-municipio-de-cachoeira-de-pajeu","status":"publish","type":"post","link":"https:\/\/aconteceunovale.com.br\/portal\/?p=138917","title":{"rendered":"Motociclista morre em acidente na BR-251, no munic\u00edpio de Cachoeira de Paje\u00fa"},"content":{"rendered":"<p>Um homem de 60 anos morreu em um acidente na noite dessa ter\u00e7a-feira (13\/11\/2018) na altura do quil\u00f4metro 218 da BR-251, munic\u00edpio de Cachoeira de Paje\u00fa, Vale do Jequitinhonha. De acordo com a Pol\u00edcia Rodovi\u00e1ria, Jacinto Pereira de Arruda conduzia uma motocicleta e bateu na traseira de um caminh\u00e3o.<\/p>\n<p>A Pol\u00edcia informou ainda que o ve\u00edculo de carga estava estacionado \u00e0s margens da rodovia quando ocorreu o acidente. O Servi\u00e7o de Atendimento M\u00f3vel de Urg\u00eancia (SAMU) foi acionado, mas quando os socorristas chegaram ao local, o motociclista j\u00e1 estava sem sinais vitais. O corpo foi encaminhado ao IML da regi\u00e3o.<\/p>\n<p><img decoding=\"async\" src=\"http:\/\/aconteceunovale.com.br\/portal\/wp-content\/uploads\/2018\/11\/acidente_pajeu.jpg\" alt=\"\" \/><em>V\u00edtima bateu na traseira do caminh\u00e3o \u2014 Foto: Divulga\u00e7\u00e3o<\/em><br \/>\n<\/br><\/p>\n<p><strong>VER PRIMEIRO<\/strong><\/p>\n<p>Receba as not\u00edcias do Aconteceu no Vale em primeira m\u00e3o. Clique em curtir no endere\u00e7o <a href=\"https:\/\/www.facebook.com\/aconteceunovale\" target=\"_blank\"><font color=\"red\">www.facebook.com\/aconteceunovale<\/font><\/a> ou no box abaixo:<\/p>\n<div class=\"fb-like\" data-href=\"https:\/\/www.facebook.com\/aconteceunovale\" data-width=\"120\" data-layout=\"standard\" data-action=\"like\" data-size=\"small\" data-show-faces=\"true\" data-share=\"true\"><\/div>\n<p><\/br><\/p>\n<p><em>(Fonte: G1 Grande Minas)<\/em><\/p>\n","protected":false},"excerpt":{"rendered":"<p>Um homem de 60 anos morreu em um acidente na noite dessa ter\u00e7a-feira (13\/11\/2018) na altura do quil\u00f4metro 218 da BR-251, munic\u00edpio de Cachoeira de Paje\u00fa, Vale do Jequitinhonha. De acordo com a Pol\u00edcia Rodovi\u00e1ria, Jacinto Pereira de Arruda conduzia uma motocicleta e bateu na traseira de um caminh\u00e3o. A Pol\u00edcia informou ainda que o [&hellip;]<\/p>\n","protected":false},"author":1,"featured_media":138918,"comment_status":"open","ping_status":"closed","sticky":false,"template":"","format":"standard","meta":{"amp_status":"","footnotes":""},"categories":[120],"tags":[186148,186147,1396,186150,186149,5258,186152,186151,184913,186153,186154],"class_list":["post-138917","post","type-post","status-publish","format-standard","has-post-thumbnail","hentry","category-jequi","tag-acidente-com-moto-em-cachoeira-de-pajeu","tag-acidente-em-cachoeira-de-pajeu","tag-acidente-na-br-251","tag-acidente-na-br-251-em-cachoeira-de-pajeu","tag-acidente-perto-de-cachoeira-de-pajeu","tag-cachoeira-de-pajeu","tag-em-cachoeira-de-pajeu","tag-jacinto-pereira-de-arruda","tag-motociclista-morre-em-acidente-na-br-251","tag-motociclista-morre-em-acidente-na-br-251-em-cachoeira-de-pajeu","tag-motociclista-morre-em-acidente-na-br-251-no-municipio-de-cachoeira-de-pajeu"],"_links":{"self":[{"href":"https:\/\/aconteceunovale.com.br\/portal\/index.php?rest_route=\/wp\/v2\/posts\/138917","targetHints":{"allow":["GET"]}}],"collection":[{"href":"https:\/\/aconteceunovale.com.br\/portal\/index.php?rest_route=\/wp\/v2\/posts"}],"about":[{"href":"https:\/\/aconteceunovale.com.br\/portal\/index.php?rest_route=\/wp\/v2\/types\/post"}],"author":[{"embeddable":true,"href":"https:\/\/aconteceunovale.com.br\/portal\/index.php?rest_route=\/wp\/v2\/users\/1"}],"replies":[{"embeddable":true,"href":"https:\/\/aconteceunovale.com.br\/portal\/index.php?rest_route=%2Fwp%2Fv2%2Fcomments&post=138917"}],"version-history":[{"count":0,"href":"https:\/\/aconteceunovale.com.br\/portal\/index.php?rest_route=\/wp\/v2\/posts\/138917\/revisions"}],"wp:featuredmedia":[{"embeddable":true,"href":"https:\/\/aconteceunovale.com.br\/portal\/index.php?rest_route=\/wp\/v2\/media\/138918"}],"wp:attachment":[{"href":"https:\/\/aconteceunovale.com.br\/portal\/index.php?rest_route=%2Fwp%2Fv2%2Fmedia&parent=138917"}],"wp:term":[{"taxonomy":"category","embeddable":true,"href":"https:\/\/aconteceunovale.com.br\/portal\/index.php?rest_route=%2Fwp%2Fv2%2Fcategories&post=138917"},{"taxonomy":"post_tag","embeddable":true,"href":"https:\/\/aconteceunovale.com.br\/portal\/index.php?rest_route=%2Fwp%2Fv2%2Ftags&post=138917"}],"curies":[{"name":"wp","href":"https:\/\/api.w.org\/{rel}","templated":true}]}}