{"id":138904,"date":"2018-11-14T14:35:50","date_gmt":"2018-11-14T16:35:50","guid":{"rendered":"http:\/\/aconteceunovale.com.br\/portal\/?p=138904"},"modified":"2018-11-14T14:35:50","modified_gmt":"2018-11-14T16:35:50","slug":"equipamentos-de-academia-ao-ar-livre-sao-alvo-de-vandalismo-em-capelinha","status":"publish","type":"post","link":"https:\/\/aconteceunovale.com.br\/portal\/?p=138904","title":{"rendered":"Equipamentos de academia ao ar livre s\u00e3o alvo de vandalismo em Capelinha"},"content":{"rendered":"<p>Reformada recentemente, ap\u00f3s a\u00e7\u00e3o de v\u00e2ndalos, a Academia ao Ar Livre instalada na porta da Pra\u00e7a de Esportes de Capelinha, no Vale do Jequitinhonha, foi novamente depredada. O vandalismo danificou equipamentos utilizados por pessoas de idades variadas, que buscam no local realizar atividades f\u00edsicas e ficar em dia com a sa\u00fade e o bem-estar. <\/p>\n<p>A Prefeitura de Capelinha, atrav\u00e9s da Secretaria de Esporte e Lazer, e da Secretaria de Obras, agora contabiliza os preju\u00edzos. Devido \u00e0 crise financeira pela qual passam os munic\u00edpios mineiros, ainda n\u00e3o h\u00e1 previs\u00e3o de quando ser\u00e1 novamente reformada a academia. Confira fotos dos estragos:<\/p>\n<p><img decoding=\"async\" src=\"http:\/\/aconteceunovale.com.br\/portal\/wp-content\/uploads\/2018\/11\/academia_cap_1.jpg\" alt=\"\" \/><\/p>\n<p><img decoding=\"async\" src=\"http:\/\/aconteceunovale.com.br\/portal\/wp-content\/uploads\/2018\/11\/academia_cap_2.jpg\" alt=\"\" \/><\/p>\n<p><img decoding=\"async\" src=\"http:\/\/aconteceunovale.com.br\/portal\/wp-content\/uploads\/2018\/11\/academia_cap_3.jpg\" alt=\"\" \/><\/p>\n<p><img decoding=\"async\" src=\"http:\/\/aconteceunovale.com.br\/portal\/wp-content\/uploads\/2018\/11\/academia_cap_4.jpg\" alt=\"\" \/><\/p>\n<p><img decoding=\"async\" src=\"http:\/\/aconteceunovale.com.br\/portal\/wp-content\/uploads\/2018\/11\/academia_cap_5.jpg\" alt=\"\" \/><\/p>\n<p><img decoding=\"async\" src=\"http:\/\/aconteceunovale.com.br\/portal\/wp-content\/uploads\/2018\/11\/academia_cap_6.jpg\" alt=\"\" \/><\/p>\n<p><img decoding=\"async\" src=\"http:\/\/aconteceunovale.com.br\/portal\/wp-content\/uploads\/2018\/11\/academia_cap_7.jpg\" alt=\"\" \/><\/p>\n<p><img decoding=\"async\" src=\"http:\/\/aconteceunovale.com.br\/portal\/wp-content\/uploads\/2018\/11\/academia_cap_8.jpg\" alt=\"\" \/><\/p>\n<p><img decoding=\"async\" src=\"http:\/\/aconteceunovale.com.br\/portal\/wp-content\/uploads\/2018\/11\/academia_cap_9.jpg\" alt=\"\" \/><\/p>\n<p><img decoding=\"async\" src=\"http:\/\/aconteceunovale.com.br\/portal\/wp-content\/uploads\/2018\/11\/academia_cap_10.jpg\" alt=\"\" \/><\/p>\n<p><img decoding=\"async\" src=\"http:\/\/aconteceunovale.com.br\/portal\/wp-content\/uploads\/2018\/11\/academia_cap_11.jpg\" alt=\"\" \/><br \/>\n<\/br><\/p>\n<p><strong>VER PRIMEIRO<\/strong><\/p>\n<p>Receba as not\u00edcias do Aconteceu no Vale em primeira m\u00e3o. Clique em curtir no endere\u00e7o <a href=\"https:\/\/www.facebook.com\/aconteceunovale\" target=\"_blank\"><font color=\"red\">www.facebook.com\/aconteceunovale<\/font><\/a> ou no box abaixo:<\/p>\n<div class=\"fb-like\" data-href=\"https:\/\/www.facebook.com\/aconteceunovale\" data-width=\"120\" data-layout=\"standard\" data-action=\"like\" data-size=\"small\" data-show-faces=\"true\" data-share=\"true\"><\/div>\n<p><\/br><\/p>\n","protected":false},"excerpt":{"rendered":"<p>Reformada recentemente, ap\u00f3s a\u00e7\u00e3o de v\u00e2ndalos, a Academia ao Ar Livre instalada na porta da Pra\u00e7a de Esportes de Capelinha, no Vale do Jequitinhonha, foi novamente depredada. O vandalismo danificou equipamentos utilizados por pessoas de idades variadas, que buscam no local realizar atividades f\u00edsicas e ficar em dia com a sa\u00fade e o bem-estar. A [&hellip;]<\/p>\n","protected":false},"author":1,"featured_media":138915,"comment_status":"open","ping_status":"closed","sticky":false,"template":"","format":"standard","meta":{"amp_status":"","footnotes":""},"categories":[120],"tags":[186145,186144,132,186143,186146],"class_list":["post-138904","post","type-post","status-publish","format-standard","has-post-thumbnail","hentry","category-jequi","tag-academia-ao-ar-livre-em-capelinha","tag-academia-da-praca-de-esportes-de-capelinha","tag-capelinha","tag-equipamentos-de-academia-ao-ar-livre-sao-alvo-de-vandalismo-em-capelinha","tag-vandalismo-capelinha"],"_links":{"self":[{"href":"https:\/\/aconteceunovale.com.br\/portal\/index.php?rest_route=\/wp\/v2\/posts\/138904","targetHints":{"allow":["GET"]}}],"collection":[{"href":"https:\/\/aconteceunovale.com.br\/portal\/index.php?rest_route=\/wp\/v2\/posts"}],"about":[{"href":"https:\/\/aconteceunovale.com.br\/portal\/index.php?rest_route=\/wp\/v2\/types\/post"}],"author":[{"embeddable":true,"href":"https:\/\/aconteceunovale.com.br\/portal\/index.php?rest_route=\/wp\/v2\/users\/1"}],"replies":[{"embeddable":true,"href":"https:\/\/aconteceunovale.com.br\/portal\/index.php?rest_route=%2Fwp%2Fv2%2Fcomments&post=138904"}],"version-history":[{"count":0,"href":"https:\/\/aconteceunovale.com.br\/portal\/index.php?rest_route=\/wp\/v2\/posts\/138904\/revisions"}],"wp:featuredmedia":[{"embeddable":true,"href":"https:\/\/aconteceunovale.com.br\/portal\/index.php?rest_route=\/wp\/v2\/media\/138915"}],"wp:attachment":[{"href":"https:\/\/aconteceunovale.com.br\/portal\/index.php?rest_route=%2Fwp%2Fv2%2Fmedia&parent=138904"}],"wp:term":[{"taxonomy":"category","embeddable":true,"href":"https:\/\/aconteceunovale.com.br\/portal\/index.php?rest_route=%2Fwp%2Fv2%2Fcategories&post=138904"},{"taxonomy":"post_tag","embeddable":true,"href":"https:\/\/aconteceunovale.com.br\/portal\/index.php?rest_route=%2Fwp%2Fv2%2Ftags&post=138904"}],"curies":[{"name":"wp","href":"https:\/\/api.w.org\/{rel}","templated":true}]}}