{"id":138894,"date":"2018-11-14T12:33:34","date_gmt":"2018-11-14T14:33:34","guid":{"rendered":"http:\/\/aconteceunovale.com.br\/portal\/?p=138894"},"modified":"2018-11-14T19:21:22","modified_gmt":"2018-11-14T21:21:22","slug":"colisao-entre-carreta-onibus-e-carro-deixa-dois-mortos-e-16-feridos-na-regiao-central-de-minas","status":"publish","type":"post","link":"https:\/\/aconteceunovale.com.br\/portal\/?p=138894","title":{"rendered":"Colis\u00e3o entre carreta, \u00f4nibus e carro deixa dois mortos e 16 feridos na Regi\u00e3o Central de Minas"},"content":{"rendered":"<p>Um grave acidente envolvendo um carro, um \u00f4nibus e uma carreta deixou duas pessoas mortas e pelo menos 16 pessoas feridas na altura do km 621 da BR-040, em Conselheiro Lafaiete, na regi\u00e3o Central de Minas Gerais, por volta das 8h da manh\u00e3 desta quarta-feira (14\/11\/2018). De acordo com o Corpo de Bombeiros, as duas v\u00edtimas fatais s\u00e3o os motoristas do \u00f4nibus (Roberto Dias de Oliveira, de Tr\u00eas Rios\/RJ) e da carreta (Gilmar Rodrigues, de Baguari, no munic\u00edpio de Governador Valadares). <\/p>\n<p>Segundo a Pol\u00edcia Rodovi\u00e1ria Federal (PRF), o \u00f4nibus da empresa \u00datil fazia a rota entre S\u00e3o Bernardo do Campo (SP) e Belo Horizonte, quando bateu de frente com uma carreta, que seguia do sentido contr\u00e1rio. Um carro, que tamb\u00e9m seguia no sentido Rio de Janeiro, se envolveu no acidente. <\/p>\n<p>As 16 v\u00edtimas do \u00f4nibus foram socorridas pelo Corpo de Bombeiros e pelo SAMU (Servi\u00e7o de Atendimento M\u00f3vel de Urg\u00eancia). Foram empenhados diversos carros dos Bombeiros, sendo duas viaturas de salvamento, uma unidade de resgate, uma viatura de combate a inc\u00eandio e 15 militares.<\/p>\n<p>A per\u00edcia t\u00e9cnica da Pol\u00edcia Civil foi acionada para os trabalhos no local e as causas do acidente ser\u00e3o apuradas. O tr\u00e2nsito na rodovia chegou a ficar totalmente interditado por cerca de quatro horas.<\/p>\n<p><img decoding=\"async\" src=\"http:\/\/aconteceunovale.com.br\/portal\/wp-content\/uploads\/2018\/11\/acidente_util_1.jpeg\" alt=\"\" \/><em>(Foto: Reprodu\u00e7\u00e3o\/WhatsApp)<\/em><br \/>\n<\/br><\/p>\n<p><img decoding=\"async\" src=\"http:\/\/aconteceunovale.com.br\/portal\/wp-content\/uploads\/2018\/11\/acidente_util_2.jpeg\" alt=\"\" \/><em>(Foto: Reprodu\u00e7\u00e3o\/WhatsApp)<\/em><br \/>\n<\/br><\/p>\n<p><strong>VER PRIMEIRO<\/strong><\/p>\n<p>Receba as not\u00edcias do Aconteceu no Vale em primeira m\u00e3o. Clique em curtir no endere\u00e7o <a href=\"https:\/\/www.facebook.com\/aconteceunovale\" target=\"_blank\"><font color=\"red\">www.facebook.com\/aconteceunovale<\/font><\/a> ou no box abaixo:<\/p>\n<div class=\"fb-like\" data-href=\"https:\/\/www.facebook.com\/aconteceunovale\" data-width=\"120\" data-layout=\"standard\" data-action=\"like\" data-size=\"small\" data-show-faces=\"true\" data-share=\"true\"><\/div>\n<p><\/br><\/p>\n<p><em>(Com informa\u00e7\u00f5es do R7 Minas)<\/em><\/p>\n","protected":false},"excerpt":{"rendered":"<p>Um grave acidente envolvendo um carro, um \u00f4nibus e uma carreta deixou duas pessoas mortas e pelo menos 16 pessoas feridas na altura do km 621 da BR-040, em Conselheiro Lafaiete, na regi\u00e3o Central de Minas Gerais, por volta das 8h da manh\u00e3 desta quarta-feira (14\/11\/2018). De acordo com o Corpo de Bombeiros, as duas [&hellip;]<\/p>\n","protected":false},"author":1,"featured_media":138896,"comment_status":"open","ping_status":"closed","sticky":false,"template":"","format":"standard","meta":{"amp_status":"","footnotes":""},"categories":[123],"tags":[131058,6817,186210,161905,164719,186130,180281,186129,186126,2364,194,1017,14990,186133,186132,186134,186131,186128,1528,1018,186156,247,186125,186155,4657,186127,64961],"class_list":["post-138894","post","type-post","status-publish","format-standard","has-post-thumbnail","hentry","category-gerais","tag-acidente-br-040","tag-acidente-com-carreta-de-governador-valadares","tag-acidente-com-motorista-de-baguari","tag-acidente-com-motorista-de-governador-valadares","tag-acidente-com-onibus-na-br-040","tag-acidente-com-onibus-na-conselheiro-lafaiete","tag-acidente-em-conselheiro-lafaiete","tag-acidente-entre-onibus-e-carreta-na-br-040","tag-acidente-onibus-util","tag-baguari","tag-belo-horizonte","tag-bh","tag-br-040","tag-colisao-entre-onibus-e-carreta-deixa-dois-mortos-e-16-feridos-em-conselheiro-lafaiete","tag-colisao-entre-onibus-e-carreta-deixa-dois-mortos-e-16-feridos-na-br-040","tag-colisao-entre-onibus-e-carreta-deixa-dois-mortos-e-16-feridos-na-br-040-em-conselheiro-lafaiete","tag-colisao-entre-onibus-e-carreta-deixa-dois-mortos-e-16-feridos-na-regiao-central-de-minas","tag-colisao-onibus-util","tag-conselheiro-lafaiete","tag-destaque","tag-gilmar-rodrigues","tag-governador-valadares","tag-onibus-util","tag-roberto-dias-de-oliveira","tag-sao-bernardo-do-campo","tag-tragedia-onibus-util","tag-tres-rios"],"_links":{"self":[{"href":"https:\/\/aconteceunovale.com.br\/portal\/index.php?rest_route=\/wp\/v2\/posts\/138894","targetHints":{"allow":["GET"]}}],"collection":[{"href":"https:\/\/aconteceunovale.com.br\/portal\/index.php?rest_route=\/wp\/v2\/posts"}],"about":[{"href":"https:\/\/aconteceunovale.com.br\/portal\/index.php?rest_route=\/wp\/v2\/types\/post"}],"author":[{"embeddable":true,"href":"https:\/\/aconteceunovale.com.br\/portal\/index.php?rest_route=\/wp\/v2\/users\/1"}],"replies":[{"embeddable":true,"href":"https:\/\/aconteceunovale.com.br\/portal\/index.php?rest_route=%2Fwp%2Fv2%2Fcomments&post=138894"}],"version-history":[{"count":0,"href":"https:\/\/aconteceunovale.com.br\/portal\/index.php?rest_route=\/wp\/v2\/posts\/138894\/revisions"}],"wp:featuredmedia":[{"embeddable":true,"href":"https:\/\/aconteceunovale.com.br\/portal\/index.php?rest_route=\/wp\/v2\/media\/138896"}],"wp:attachment":[{"href":"https:\/\/aconteceunovale.com.br\/portal\/index.php?rest_route=%2Fwp%2Fv2%2Fmedia&parent=138894"}],"wp:term":[{"taxonomy":"category","embeddable":true,"href":"https:\/\/aconteceunovale.com.br\/portal\/index.php?rest_route=%2Fwp%2Fv2%2Fcategories&post=138894"},{"taxonomy":"post_tag","embeddable":true,"href":"https:\/\/aconteceunovale.com.br\/portal\/index.php?rest_route=%2Fwp%2Fv2%2Ftags&post=138894"}],"curies":[{"name":"wp","href":"https:\/\/api.w.org\/{rel}","templated":true}]}}