{"id":138890,"date":"2018-11-14T12:15:08","date_gmt":"2018-11-14T14:15:08","guid":{"rendered":"http:\/\/aconteceunovale.com.br\/portal\/?p=138890"},"modified":"2018-11-14T12:15:08","modified_gmt":"2018-11-14T14:15:08","slug":"reajuste-de-89-na-passagem-do-metro-de-bh-ja-esta-valendo","status":"publish","type":"post","link":"https:\/\/aconteceunovale.com.br\/portal\/?p=138890","title":{"rendered":"Reajuste de 89% na passagem do metr\u00f4 de BH j\u00e1 est\u00e1 valendo"},"content":{"rendered":"<p>Muitos trabalhadores foram surpreendidos com o novo pre\u00e7o da tarifa do metr\u00f4 de Belo Horizonte. A partir desta quarta-feira (14\/11\/2018), o passageiro paga R$ 3,40 pelo bilhete unit\u00e1rio, que antes custava R$ 1,80.<\/p>\n<p>\u201cFui pego de surpresa. Fiquei sabendo por voc\u00ea agora. Acho um absurdo, porque a gente n\u00e3o teve aumento de sal\u00e1rio. Vou ter que fazer economia em casa para ver de onde vou tirar esse dinheiro\u201d, disse o passageiro Vanderl\u00facio, que embarcou na esta\u00e7\u00e3o Lagoinha na manh\u00e3 desta quarta-feira.<\/p>\n<p>O reajuste de 89% foi anunciado em maio e chegou a valer por tr\u00eas dias. No entanto, uma liminar determinou que o valor da passagem voltasse para R$ 1,80, decis\u00e3o derrubada pelo ministro do Superior Tribunal de Justi\u00e7a (STJ) Napole\u00e3o Nunes Maia Filho nessa segunda-feira (12). <\/p>\n<p>Diante da decis\u00e3o do STJ, o valor da tarifa de integra\u00e7\u00e3o, feita somente com a utiliza\u00e7\u00e3o do Cart\u00e3o \u00d3timo, passou de R$ 1,53 para R$ 2,88.<\/p>\n<p><img decoding=\"async\" src=\"http:\/\/aconteceunovale.com.br\/portal\/wp-content\/uploads\/2018\/11\/bilheteria.jpg\" alt=\"\" \/><em>(Foto: Divulga\u00e7\u00e3o\/CBTU)<\/em><br \/>\n<\/br><\/p>\n<p><strong><\/p>\n<h4>Tarifa de integra\u00e7\u00e3o sofre altera\u00e7\u00e3o<\/h4>\n<p><\/strong><\/p>\n<p><strong>Integra\u00e7\u00e3o nos terminais Vilarinho, S\u00e3o Gabriel e Jos\u00e9 C\u00e2ndido<\/strong><\/p>\n<p>At\u00e9 o dia 13 de novembro, ao utilizar uma linha de \u00f4nibus com tarifa de R$ 4,05 e o metr\u00f4 de R$ 1,80, o usu\u00e1rio pagava o total de R$ 4,05, sendo R$ 2,60 destinados ao sistema \u00f4nibus e R$ 1,45 destinados ao metr\u00f4. Com o reajuste desta quarta-feira, 14\/11, o usu\u00e1rio passa a pagar uma tarifa total de R$ 5,50, sendo os mesmos R$ 2,60 destinados ao \u00f4nibus e R$ 2,90 destinados ao metr\u00f4.<\/p>\n<p>\u2022 Integra\u00e7\u00e3o nas esta\u00e7\u00f5es antes<br \/>\n4,05 + 1,80 = Valor com desconto para usu\u00e1rio do cart\u00e3o: 4,05 (2,60 destinados ao \u00f4nibus e 1,45 ao metr\u00f4)<\/p>\n<p>\u2022 Integra\u00e7\u00e3o a partir de 14\/11\/18<br \/>\n4,05 + 3,40 = Valor com desconto para usu\u00e1rio do cart\u00e3o: 5,50 (2,60 destinados ao \u00f4nibus e 2,90 ao metr\u00f4)<\/p>\n<p><strong>Integra\u00e7\u00e3o com linhas de R$ 2,85 fora das esta\u00e7\u00f5es<\/strong><\/p>\n<p>\u2022 Antes<br \/>\n2,85 + 1,80 = Valor com desconto para usu\u00e1rio do cart\u00e3o: 3,75 (2,30 ao \u00f4nibus e 1,45 ao metr\u00f4)<\/p>\n<p>\u2022 Integra\u00e7\u00e3o a partir de 14\/11\/18<br \/>\n2,85 + 3,40 = Valor com desconto para usu\u00e1rio do cart\u00e3o: 5,20 (2,30 ao \u00f4nibus e 2,90 ao metr\u00f4)<\/p>\n<p><strong>Integra\u00e7\u00e3o com linhas de R$ 4,05 fora das esta\u00e7\u00f5es<\/strong><\/p>\n<p>\u2022 Antes<br \/>\n4,05 + 1,80 = Valor com desconto para usu\u00e1rio do cart\u00e3o: 4,95 (3,50 destinados ao \u00f4nibus e 1,45 ao metr\u00f4)<\/p>\n<p>\u2022 Integra\u00e7\u00e3o a partir de 14\/11\/18<br \/>\n4,05 + 3,40 = Valor com desconto para usu\u00e1rio do cart\u00e3o: 6,40 (3,50 destinados ao \u00f4nibus e 2,90 ao metr\u00f4)<\/p>\n<p><strong><\/p>\n<h4>Nota da CBTU<\/h4>\n<p><\/strong><\/p>\n<p><em>O Superior Tribunal de Justi\u00e7a julgou favoravelmente \u00e0 CBTU em recurso que argumentava Conflito de Compet\u00eancia do Tribunal de Justi\u00e7a de Minas na concess\u00e3o de liminares que impediam a recomposi\u00e7\u00e3o tarif\u00e1ria do Metr\u00f4 de BH. A medida proferida pelo Ministro Relator do STJ, Napole\u00e3o Nunes Maia Filho, reconhece ainda que caber\u00e1 \u00e0 Justi\u00e7a Federal a manifesta\u00e7\u00e3o final sobre a quest\u00e3o.<\/p>\n<p>A decis\u00e3o do STJ tem aplica\u00e7\u00e3o imediata e, por isso, a tarifa do Metr\u00f4 de Belo Horizonte volta a ser de R$ 3,40, a mesma que havia sido divulgada em maio e o valor ser\u00e1 v\u00e1lido a partir da 0h, desta quarta (14). <\/p>\n<p>Tarifa sem reajuste h\u00e1 mais de 12 anos: A recomposi\u00e7\u00e3o parcial das perdas inflacion\u00e1rias autorizada pelo Minist\u00e9rio do Planejamento para a CBTU busca o fortalecimento do transporte de passageiros sobre trilhos e opera como medida fundamental para dar continuidade \u00e0 opera\u00e7\u00e3o e manuten\u00e7\u00e3o do servi\u00e7o prestado. Rigorosamente em todo o pa\u00eds, tarifas de transportes p\u00fablicos sofrem reajustes baseados, normalmente, em \u00edndices inflacion\u00e1rios.  <\/p>\n<p>O \u00faltimo reajuste do metr\u00f4 ocorreu h\u00e1 mais de 12 anos, em dezembro de 2006. Com isso, a receita obtida pelo servi\u00e7o de transporte metroferrovi\u00e1rio n\u00e3o evoluiu de forma compat\u00edvel com o aumento de seus custos, sendo necess\u00e1ria aplica\u00e7\u00e3o do presente reequil\u00edbrio financeiro.<\/p>\n<p>Recomenda\u00e7\u00e3o: A decis\u00e3o que ser\u00e1 aplicada nesta quarta decorre de recomenda\u00e7\u00e3o expressa do Minist\u00e9rio do Planejamento e est\u00e1 subsidiada por estudos t\u00e9cnicos que comprovam que n\u00e3o h\u00e1 qualquer abusividade na proposi\u00e7\u00e3o dos valores.  A recomposi\u00e7\u00e3o em curso \u00e9 leg\u00edtima e reflete valores inferiores aos praticados pelo sistema rodovi\u00e1rio. A medida visa sobretudo promover o equil\u00edbrio financeiro entre o custo operacional e o pre\u00e7o pago pelo usu\u00e1rio, preservando a manuten\u00e7\u00e3o do car\u00e1ter social do servi\u00e7o metroferrovi\u00e1rio prestado pela CBTU, finalidade principal desta Companhia.<\/em><\/p>\n<p><strong>VER PRIMEIRO<\/strong><\/p>\n<p>Receba as not\u00edcias do Aconteceu no Vale em primeira m\u00e3o. Clique em curtir no endere\u00e7o <a href=\"https:\/\/www.facebook.com\/aconteceunovale\" target=\"_blank\"><font color=\"red\">www.facebook.com\/aconteceunovale<\/font><\/a> ou no box abaixo:<\/p>\n<div class=\"fb-like\" data-href=\"https:\/\/www.facebook.com\/aconteceunovale\" data-width=\"120\" data-layout=\"standard\" data-action=\"like\" data-size=\"small\" data-show-faces=\"true\" data-share=\"true\"><\/div>\n<p><\/br><\/p>\n<p><em>(Fonte: Itatiaia \/ CBTU \/ PBH)<\/em><\/p>\n","protected":false},"excerpt":{"rendered":"<p>Muitos trabalhadores foram surpreendidos com o novo pre\u00e7o da tarifa do metr\u00f4 de Belo Horizonte. A partir desta quarta-feira (14\/11\/2018), o passageiro paga R$ 3,40 pelo bilhete unit\u00e1rio, que antes custava R$ 1,80. \u201cFui pego de surpresa. Fiquei sabendo por voc\u00ea agora. Acho um absurdo, porque a gente n\u00e3o teve aumento de sal\u00e1rio. Vou ter [&hellip;]<\/p>\n","protected":false},"author":1,"featured_media":138891,"comment_status":"open","ping_status":"closed","sticky":false,"template":"","format":"standard","meta":{"amp_status":"","footnotes":""},"categories":[123],"tags":[186112,194,1017,68484,186123,186122,186117,186116,186115,186119,186118,186109,186124,186113,61747,186111,186110,186114,186121,186120],"class_list":["post-138890","post","type-post","status-publish","format-standard","has-post-thumbnail","hentry","category-gerais","tag-aumento-da-tarifa-do-metro-de-bh","tag-belo-horizonte","tag-bh","tag-cbtu","tag-novo-valor-de-integracao-metro-e-onibus-em-belo-horizonte","tag-novo-valor-de-integracao-metro-e-onibus-em-bh","tag-novos-valores-das-passagens-de-onibus-em-bh","tag-novos-valores-das-tarifas-de-onibus-em-bh","tag-novos-valores-de-passagens-em-bh","tag-passagens-de-onibus-em-belo-horizonte","tag-passagens-de-onibus-em-bh","tag-reajuste-de-89-na-passagem-do-metro-de-belo-horizonte-ja-esta-valendo","tag-reajuste-de-89-na-passagem-do-metro-de-bh-ja-esta-valendo","tag-reajuste-na-tarifa-do-metro-de-bh","tag-stj","tag-tarifa-do-metro-de-belo-horizonte","tag-tarifa-do-metro-de-bh","tag-tarifa-do-metro-de-bh-volta-a-ser-de-r-3-40","tag-tarifas-de-onibus-em-belo-horizonte","tag-tarifas-de-onibus-em-bh"],"_links":{"self":[{"href":"https:\/\/aconteceunovale.com.br\/portal\/index.php?rest_route=\/wp\/v2\/posts\/138890","targetHints":{"allow":["GET"]}}],"collection":[{"href":"https:\/\/aconteceunovale.com.br\/portal\/index.php?rest_route=\/wp\/v2\/posts"}],"about":[{"href":"https:\/\/aconteceunovale.com.br\/portal\/index.php?rest_route=\/wp\/v2\/types\/post"}],"author":[{"embeddable":true,"href":"https:\/\/aconteceunovale.com.br\/portal\/index.php?rest_route=\/wp\/v2\/users\/1"}],"replies":[{"embeddable":true,"href":"https:\/\/aconteceunovale.com.br\/portal\/index.php?rest_route=%2Fwp%2Fv2%2Fcomments&post=138890"}],"version-history":[{"count":0,"href":"https:\/\/aconteceunovale.com.br\/portal\/index.php?rest_route=\/wp\/v2\/posts\/138890\/revisions"}],"wp:featuredmedia":[{"embeddable":true,"href":"https:\/\/aconteceunovale.com.br\/portal\/index.php?rest_route=\/wp\/v2\/media\/138891"}],"wp:attachment":[{"href":"https:\/\/aconteceunovale.com.br\/portal\/index.php?rest_route=%2Fwp%2Fv2%2Fmedia&parent=138890"}],"wp:term":[{"taxonomy":"category","embeddable":true,"href":"https:\/\/aconteceunovale.com.br\/portal\/index.php?rest_route=%2Fwp%2Fv2%2Fcategories&post=138890"},{"taxonomy":"post_tag","embeddable":true,"href":"https:\/\/aconteceunovale.com.br\/portal\/index.php?rest_route=%2Fwp%2Fv2%2Ftags&post=138890"}],"curies":[{"name":"wp","href":"https:\/\/api.w.org\/{rel}","templated":true}]}}