{"id":138887,"date":"2018-11-14T11:44:00","date_gmt":"2018-11-14T13:44:00","guid":{"rendered":"http:\/\/aconteceunovale.com.br\/portal\/?p=138887"},"modified":"2018-11-14T11:44:00","modified_gmt":"2018-11-14T13:44:00","slug":"nomeado-novo-bispo-para-a-diocese-de-teofilo-otoni","status":"publish","type":"post","link":"https:\/\/aconteceunovale.com.br\/portal\/?p=138887","title":{"rendered":"Nomeado novo bispo para a diocese de Te\u00f3filo Otoni"},"content":{"rendered":"<p>A Nunciatura Apost\u00f3lica no Brasil comunicou nesta quarta-feira, 14 de novembro de 2018, a decis\u00e3o do papa Francisco em nomear para a vacante diocese de Te\u00f3filo Otoni (MG), dom Messias dos Reis Silveira, transferindo-o da sede episcopal de Urua\u00e7u (GO). A not\u00edcia foi publicada no jornal L\u2019Osservatore Romano, \u00e0s 12 horas de Roma.<\/p>\n<p>Dom Messias dos Reis Silveira nasceu em 25 de dezembro de 1958 em Passos, Guaxup\u00e9, no estado de Minas Gerais. Realizou seus estudos filos\u00f3ficos na Pontif\u00edcia Universidade Cat\u00f3lica de Campinas e os estudos teol\u00f3gicos no Centro de Estudo da Arquidiocese de Ribeir\u00e3o Preto. Foi ordenado sacerdote em 11 de agosto de 1992, e foi p\u00e1roco da catedral \u201cNossa Senhora das Dores\u201d, na diocese de Guaxup\u00e9.<\/p>\n<p>Foi o primeiro diretor pedag\u00f3gico e formador do Semin\u00e1rio S\u00e3o Jos\u00e9, do qual foi reitor. Tamb\u00e9m foi reitor da Casa de Forma\u00e7\u00e3o Presbiteral \u201cNossa Senhora das Dores\u201d; membro do Conselho Presbiteral; membro do Col\u00e9gio de Consultores e do Conselho de Forma\u00e7\u00e3o Presbiteral.<\/p>\n<p>Dom Messias dos Reis Silveira foi nomeado pelo papa Bento XVI para a diocese de Urua\u00e7u (GO) em 2007, sucedendo a dom Jos\u00e9 da Silva Chaves cuja ren\u00fancia ao governo pastoral da diocese foi aceita por limite de idade. No regional Centro-Oeste da CNBB, al\u00e9m de ser presidente ofereceu sua contribui\u00e7\u00e3o como bispo referencial da Comiss\u00e3o Pastoral da Terra (CPT) e, atualmente, \u00e9 bispo referencial da Comunica\u00e7\u00e3o.<\/p>\n<p>Agora, com a nova miss\u00e3o assumir\u00e1 a diocese de Te\u00f3filo Otoni (MG), at\u00e9 ent\u00e3o vacante desde a sa\u00edda de dom Alo\u00edsio Jorge Pena Vitral, em 2017.<\/p>\n<p><img decoding=\"async\" src=\"http:\/\/aconteceunovale.com.br\/portal\/wp-content\/uploads\/2018\/11\/dom_messias.jpg\" alt=\"\" \/><em>Dom Messias dos Reis Silveira &#8211; Foto: CNBB<\/em><br \/>\n<\/br><\/p>\n<p><strong>Sauda\u00e7\u00e3o<\/strong><\/p>\n<p>A Confer\u00eancia Nacional dos Bispos do Brasil (CNBB) enviou sauda\u00e7\u00e3o a dom Messias dos Reis Silveira. O texto \u00e9 assinado pelo secret\u00e1rio-geral da Confer\u00eancia, dom Leonardo Steiner. Confira, abaixo, a sauda\u00e7\u00e3o na \u00edntegra:<\/p>\n<p><em>Sauda\u00e7\u00e3o da CNBB a dom Messias dos Reis Silveira<\/p>\n<p>Bras\u00edlia, 14 de novembro de 2018<\/p>\n<p>Prezado irm\u00e3o, dom Messias dos Reis Silveira.<\/p>\n<p>A Confer\u00eancia Nacional dos Bispos do Brasil (CNBB) recebeu a sua nomea\u00e7\u00e3o como novo bispo de Te\u00f3filo Otoni (MG). Agradecemos ao Papa Francisco o cuidado para com a Igreja no Brasil enviando pastores para nossas Igrejas Particulares.<\/p>\n<p>Agradecemos a contribui\u00e7\u00e3o que o senhor tem dado \u00e0 Confer\u00eancia sendo bispo referencial da Comiss\u00e3o Pastoral da Terra e bispo referencial da comunica\u00e7\u00e3o no Regional Centro Oeste, al\u00e9m de ter conclu\u00eddo o \u00faltimo mandato do presidente quadri\u00eanio 2011-2015 e aceitado assumir o mesmo servi\u00e7o no quadri\u00eanio atual.<\/p>\n<p>Saudamos sua transfer\u00eancia de Urua\u00e7u (GO) para Te\u00f3filo Otoni com as palavras do Papa Francisco proferidas durante curso para novos bispos, no Vaticano, em setembro deste ano: \u201cTemos necessidade cont\u00ednua de odres novos (Mc 2,22), e tudo aquilo que fazemos n\u00e3o \u00e9 nunca suficiente para nos tornar dignos do vinho novo que s\u00e3o chamados a conter e a distribuir. Mas, justamente por isso, os recipientes saibam que sem o vinho novo ser\u00e3o, de qualquer forma, jarros de pedra fria, capazes de recordar a falta, mas n\u00e3o de doar a totalidade. Nada os distraia dessa meta: doar a totalidade!\u201d.<\/p>\n<p>Desejamos que seu minist\u00e9rio, em Minas Gerais, seja de muitos frutos e enviamos nosso abra\u00e7o fraternal.<\/p>\n<p>Em Cristo,<\/p>\n<p>Dom Leonardo Ulrich Steiner<br \/>\nBispo auxiliar de Bras\u00edlia<br \/>\nSecret\u00e1rio-Geral da CNBB<\/em><\/p>\n<p><strong>VER PRIMEIRO<\/strong><\/p>\n<p>Receba as not\u00edcias do Aconteceu no Vale em primeira m\u00e3o. Clique em curtir no endere\u00e7o <a href=\"https:\/\/www.facebook.com\/aconteceunovale\" target=\"_blank\"><font color=\"red\">www.facebook.com\/aconteceunovale<\/font><\/a> ou no box abaixo:<\/p>\n<div class=\"fb-like\" data-href=\"https:\/\/www.facebook.com\/aconteceunovale\" data-width=\"120\" data-layout=\"standard\" data-action=\"like\" data-size=\"small\" data-show-faces=\"true\" data-share=\"true\"><\/div>\n<p><\/br><\/p>\n<p><em>(Fonte: CNBB)<\/em><\/p>\n","protected":false},"excerpt":{"rendered":"<p>A Nunciatura Apost\u00f3lica no Brasil comunicou nesta quarta-feira, 14 de novembro de 2018, a decis\u00e3o do papa Francisco em nomear para a vacante diocese de Te\u00f3filo Otoni (MG), dom Messias dos Reis Silveira, transferindo-o da sede episcopal de Urua\u00e7u (GO). A not\u00edcia foi publicada no jornal L\u2019Osservatore Romano, \u00e0s 12 horas de Roma. Dom Messias [&hellip;]<\/p>\n","protected":false},"author":1,"featured_media":138888,"comment_status":"open","ping_status":"closed","sticky":false,"template":"","format":"standard","meta":{"amp_status":"","footnotes":""},"categories":[122],"tags":[186106,186099,24617,1018,186098,186107,186103,959,186105,186102,186101,186108,186100,186097,946,213,164,186104],"class_list":["post-138887","post","type-post","status-publish","format-standard","has-post-thumbnail","hentry","category-mucuri","tag-aloisio-jorge-pena-vitral","tag-bispo-nomeado-para-teofilo-otoni","tag-cnbb","tag-destaque","tag-diocese-de-teofilo-otoni","tag-dom-aloisio-jorge-pena-vitral","tag-dom-messias-dos-reis-silveira","tag-guaxupe","tag-losservatore-romano","tag-messias-dos-reis-silveira","tag-nomeacao-de-bispo-teofilo-otoni","tag-nomeado-novo-bispo-para-a-diocese-de-teofilo-otoni","tag-novo-bispo-de-teofilo-otoni","tag-nunciatura-apostolica-no-brasil","tag-papa-francisco","tag-passos","tag-teofilo-otoni","tag-uruacu"],"_links":{"self":[{"href":"https:\/\/aconteceunovale.com.br\/portal\/index.php?rest_route=\/wp\/v2\/posts\/138887","targetHints":{"allow":["GET"]}}],"collection":[{"href":"https:\/\/aconteceunovale.com.br\/portal\/index.php?rest_route=\/wp\/v2\/posts"}],"about":[{"href":"https:\/\/aconteceunovale.com.br\/portal\/index.php?rest_route=\/wp\/v2\/types\/post"}],"author":[{"embeddable":true,"href":"https:\/\/aconteceunovale.com.br\/portal\/index.php?rest_route=\/wp\/v2\/users\/1"}],"replies":[{"embeddable":true,"href":"https:\/\/aconteceunovale.com.br\/portal\/index.php?rest_route=%2Fwp%2Fv2%2Fcomments&post=138887"}],"version-history":[{"count":0,"href":"https:\/\/aconteceunovale.com.br\/portal\/index.php?rest_route=\/wp\/v2\/posts\/138887\/revisions"}],"wp:featuredmedia":[{"embeddable":true,"href":"https:\/\/aconteceunovale.com.br\/portal\/index.php?rest_route=\/wp\/v2\/media\/138888"}],"wp:attachment":[{"href":"https:\/\/aconteceunovale.com.br\/portal\/index.php?rest_route=%2Fwp%2Fv2%2Fmedia&parent=138887"}],"wp:term":[{"taxonomy":"category","embeddable":true,"href":"https:\/\/aconteceunovale.com.br\/portal\/index.php?rest_route=%2Fwp%2Fv2%2Fcategories&post=138887"},{"taxonomy":"post_tag","embeddable":true,"href":"https:\/\/aconteceunovale.com.br\/portal\/index.php?rest_route=%2Fwp%2Fv2%2Ftags&post=138887"}],"curies":[{"name":"wp","href":"https:\/\/api.w.org\/{rel}","templated":true}]}}