{"id":138864,"date":"2018-11-13T22:27:05","date_gmt":"2018-11-14T00:27:05","guid":{"rendered":"http:\/\/aconteceunovale.com.br\/portal\/?p=138864"},"modified":"2018-11-13T22:27:05","modified_gmt":"2018-11-14T00:27:05","slug":"tres-pessoas-ficam-feridas-em-acidente-na-br-365-no-norte-de-minas-2","status":"publish","type":"post","link":"https:\/\/aconteceunovale.com.br\/portal\/?p=138864","title":{"rendered":"Tr\u00eas pessoas ficam feridas em acidente na BR-365, no Norte de Minas"},"content":{"rendered":"<p>Tr\u00eas pessoas ficaram feridas em um acidente no in\u00edcio da tarde desta ter\u00e7a-feira (13\/11\/2018) na BR-365, em um Buritizeiro, na regi\u00e3o Norte de Minas. O ve\u00edculo, com placas de Mogi Gua\u00e7u (SP), capotou pr\u00f3ximo ao quil\u00f4metro 190 da rodovia. De acordo com o Corpo de Bombeiros, o motorista perdeu o controle da dire\u00e7\u00e3o depois de passar em um buraco. <\/p>\n<p>O condutor do ve\u00edculo, de 26 anos, foi socorrido pelos bombeiros e queixava de dor no t\u00f3rax e no cr\u00e2nio. Um dos passageiros, de 18 anos, reclamava de dor na regi\u00e3o lombar. A terceira v\u00edtima, de 32 anos, foi socorrida pela unidade do Samu com escoria\u00e7\u00f5es nos membros superiores e suspeita de luxa\u00e7\u00e3o no ombro. <\/p>\n<p>As v\u00edtimas foram encaminhadas para o Hospital de Pirapora. Ainda segundo os bombeiros, os tr\u00eas homens viajavam para o Estado da Bahia. <\/p>\n<p><img decoding=\"async\" src=\"http:\/\/aconteceunovale.com.br\/portal\/wp-content\/uploads\/2018\/11\/acidente_buritizeiro.jpeg\" alt=\"\" \/><em>Acidente aconteceu no km 190 da BR-365 \u2014 Foto: Corpo de Bombeiros\/Divulga\u00e7\u00e3o<\/em><br \/>\n<\/br><\/p>\n<p><strong>VER PRIMEIRO<\/strong><\/p>\n<p>Receba as not\u00edcias do Aconteceu no Vale em primeira m\u00e3o. Clique em curtir no endere\u00e7o <a href=\"https:\/\/www.facebook.com\/aconteceunovale\" target=\"_blank\"><font color=\"red\">www.facebook.com\/aconteceunovale<\/font><\/a> ou no box abaixo:<\/p>\n<div class=\"fb-like\" data-href=\"https:\/\/www.facebook.com\/aconteceunovale\" data-width=\"120\" data-layout=\"standard\" data-action=\"like\" data-size=\"small\" data-show-faces=\"true\" data-share=\"true\"><\/div>\n<p><\/br><\/p>\n<p><em>(Fonte: G1 Grande Minas)<\/em><\/p>\n","protected":false},"excerpt":{"rendered":"<p>Tr\u00eas pessoas ficaram feridas em um acidente no in\u00edcio da tarde desta ter\u00e7a-feira (13\/11\/2018) na BR-365, em um Buritizeiro, na regi\u00e3o Norte de Minas. O ve\u00edculo, com placas de Mogi Gua\u00e7u (SP), capotou pr\u00f3ximo ao quil\u00f4metro 190 da rodovia. De acordo com o Corpo de Bombeiros, o motorista perdeu o controle da dire\u00e7\u00e3o depois de [&hellip;]<\/p>\n","protected":false},"author":1,"featured_media":138865,"comment_status":"open","ping_status":"closed","sticky":false,"template":"","format":"standard","meta":{"amp_status":"","footnotes":""},"categories":[1236],"tags":[186083,186082,48127,73467,2981,1535,186081,33228,171860],"class_list":["post-138864","post","type-post","status-publish","format-standard","has-post-thumbnail","hentry","category-norte_de_minas","tag-acidente-com-carro-de-mogi-guacu","tag-acidente-com-carro-em-buritizeiro","tag-acidente-em-buritizeiro","tag-acidente-na-br-365-em-buritizeiro","tag-br-365","tag-buritizeiro","tag-capotamento-em-buritizeiro","tag-no-norte-de-minas","tag-tres-pessoas-ficam-feridas-em-acidente-na-br-365"],"_links":{"self":[{"href":"https:\/\/aconteceunovale.com.br\/portal\/index.php?rest_route=\/wp\/v2\/posts\/138864","targetHints":{"allow":["GET"]}}],"collection":[{"href":"https:\/\/aconteceunovale.com.br\/portal\/index.php?rest_route=\/wp\/v2\/posts"}],"about":[{"href":"https:\/\/aconteceunovale.com.br\/portal\/index.php?rest_route=\/wp\/v2\/types\/post"}],"author":[{"embeddable":true,"href":"https:\/\/aconteceunovale.com.br\/portal\/index.php?rest_route=\/wp\/v2\/users\/1"}],"replies":[{"embeddable":true,"href":"https:\/\/aconteceunovale.com.br\/portal\/index.php?rest_route=%2Fwp%2Fv2%2Fcomments&post=138864"}],"version-history":[{"count":0,"href":"https:\/\/aconteceunovale.com.br\/portal\/index.php?rest_route=\/wp\/v2\/posts\/138864\/revisions"}],"wp:featuredmedia":[{"embeddable":true,"href":"https:\/\/aconteceunovale.com.br\/portal\/index.php?rest_route=\/wp\/v2\/media\/138865"}],"wp:attachment":[{"href":"https:\/\/aconteceunovale.com.br\/portal\/index.php?rest_route=%2Fwp%2Fv2%2Fmedia&parent=138864"}],"wp:term":[{"taxonomy":"category","embeddable":true,"href":"https:\/\/aconteceunovale.com.br\/portal\/index.php?rest_route=%2Fwp%2Fv2%2Fcategories&post=138864"},{"taxonomy":"post_tag","embeddable":true,"href":"https:\/\/aconteceunovale.com.br\/portal\/index.php?rest_route=%2Fwp%2Fv2%2Ftags&post=138864"}],"curies":[{"name":"wp","href":"https:\/\/api.w.org\/{rel}","templated":true}]}}