{"id":138818,"date":"2018-11-13T10:03:18","date_gmt":"2018-11-13T12:03:18","guid":{"rendered":"http:\/\/aconteceunovale.com.br\/portal\/?p=138818"},"modified":"2018-11-13T11:54:55","modified_gmt":"2018-11-13T13:54:55","slug":"bolsonaro-anuncia-o-general-fernando-azevedo-e-silva-para-o-ministerio-da-defesa","status":"publish","type":"post","link":"https:\/\/aconteceunovale.com.br\/portal\/?p=138818","title":{"rendered":"Bolsonaro anuncia o general Fernando Azevedo e Silva para o Minist\u00e9rio da Defesa"},"content":{"rendered":"<p>O presidente eleito, Jair Bolsonaro, anunciou hoje (13), por meio das redes sociais, o nome do general de Ex\u00e9rcito Fernando Azevedo e Silva para o cargo de ministro da Defesa. A pasta seria ocupada inicialmente pelo general Augusto Heleno. H\u00e1 uma semana, no entanto, Bolsonaro confirmou o nome de Augusto Heleno para o Gabinete de Seguran\u00e7a Institucional.  Azevedo e Silva foi chefe do Estado Maior do Ex\u00e9rcito e comandante da Brigada Paraquedista antes de ir para a reserva.<\/p>\n<p>Atualmente, o general \u00e9 assessor especial no gabinete da presid\u00eancia do Supremo Tribunal Federal (STF). Natural do Rio de Janeiro, Azevedo e Silva foi declarado aspirante a oficial da Arma de Infantaria, em 14 de dezembro de 1976. Foi comandante da Brigada de Infantaria Paraquedista (de 2007 a 2009); comandante do Centro de Capacita\u00e7\u00e3o F\u00edsica do Ex\u00e9rcito (2009 a 2011); diretor do Departamento de Desporto Militar e presidente da Comiss\u00e3o Desportiva Militar do Brasil do Minist\u00e9rio da Defesa (2012). Foi presidente da Autoridade Ol\u00edmpica (de 2013 a 2015) e comandante militar do Leste, no Rio de Janeiro, em 2016. Integrou, como atleta, as equipes das For\u00e7as Armadas de Voleibol e de Paraquedismo. Disputou os campeonatos Brasileiro (infantil e juvenil), os Jogos Estudantis Brasileiros (JEBs), o Mundial Militar do Conselho Internacional do Desporto Militar, entre outros.<\/p>\n<p><img decoding=\"async\" src=\"http:\/\/aconteceunovale.com.br\/portal\/wp-content\/uploads\/2018\/11\/general_fernando.jpg\" alt=\"\" \/><em>General Fernando Azevedo e Silva &#8211; Jos\u00e9 Cruz\/Arquivo Ag\u00eancia Brasil<\/em><br \/>\n<\/br><\/p>\n<p><strong>VER PRIMEIRO<\/strong><\/p>\n<p>Receba as not\u00edcias do Aconteceu no Vale em primeira m\u00e3o. Clique em curtir no endere\u00e7o <a href=\"https:\/\/www.facebook.com\/aconteceunovale\" target=\"_blank\"><font color=\"red\">www.facebook.com\/aconteceunovale<\/font><\/a> ou no box abaixo:<\/p>\n<div class=\"fb-like\" data-href=\"https:\/\/www.facebook.com\/aconteceunovale\" data-width=\"120\" data-layout=\"standard\" data-action=\"like\" data-size=\"small\" data-show-faces=\"true\" data-share=\"true\"><\/div>\n<p><\/br><\/p>\n<p><em>(Fonte: Ag\u00eancia Brasil)<\/em><\/p>\n","protected":false},"excerpt":{"rendered":"<p>O presidente eleito, Jair Bolsonaro, anunciou hoje (13), por meio das redes sociais, o nome do general de Ex\u00e9rcito Fernando Azevedo e Silva para o cargo de ministro da Defesa. A pasta seria ocupada inicialmente pelo general Augusto Heleno. H\u00e1 uma semana, no entanto, Bolsonaro confirmou o nome de Augusto Heleno para o Gabinete de [&hellip;]<\/p>\n","protected":false},"author":1,"featured_media":138819,"comment_status":"open","ping_status":"closed","sticky":false,"template":"","format":"standard","meta":{"amp_status":"","footnotes":""},"categories":[6,40240],"tags":[186045,100375,186046,186043,186044,26436,27831,125162],"class_list":["post-138818","post","type-post","status-publish","format-standard","has-post-thumbnail","hentry","category-br","category-politica-2","tag-augusto-heleno","tag-bolsonaro","tag-bolsonaro-anuncia-o-general-fernando-azevedo-e-silva-para-o-ministerio-da-defesa","tag-general-fernando-azevedo-e-silva","tag-general-fernando-azevedo-e-silva-sera-ministro-da-defesa","tag-jair-bolsonaro","tag-ministro-da-defesa","tag-presidente-eleito"],"_links":{"self":[{"href":"https:\/\/aconteceunovale.com.br\/portal\/index.php?rest_route=\/wp\/v2\/posts\/138818","targetHints":{"allow":["GET"]}}],"collection":[{"href":"https:\/\/aconteceunovale.com.br\/portal\/index.php?rest_route=\/wp\/v2\/posts"}],"about":[{"href":"https:\/\/aconteceunovale.com.br\/portal\/index.php?rest_route=\/wp\/v2\/types\/post"}],"author":[{"embeddable":true,"href":"https:\/\/aconteceunovale.com.br\/portal\/index.php?rest_route=\/wp\/v2\/users\/1"}],"replies":[{"embeddable":true,"href":"https:\/\/aconteceunovale.com.br\/portal\/index.php?rest_route=%2Fwp%2Fv2%2Fcomments&post=138818"}],"version-history":[{"count":0,"href":"https:\/\/aconteceunovale.com.br\/portal\/index.php?rest_route=\/wp\/v2\/posts\/138818\/revisions"}],"wp:featuredmedia":[{"embeddable":true,"href":"https:\/\/aconteceunovale.com.br\/portal\/index.php?rest_route=\/wp\/v2\/media\/138819"}],"wp:attachment":[{"href":"https:\/\/aconteceunovale.com.br\/portal\/index.php?rest_route=%2Fwp%2Fv2%2Fmedia&parent=138818"}],"wp:term":[{"taxonomy":"category","embeddable":true,"href":"https:\/\/aconteceunovale.com.br\/portal\/index.php?rest_route=%2Fwp%2Fv2%2Fcategories&post=138818"},{"taxonomy":"post_tag","embeddable":true,"href":"https:\/\/aconteceunovale.com.br\/portal\/index.php?rest_route=%2Fwp%2Fv2%2Ftags&post=138818"}],"curies":[{"name":"wp","href":"https:\/\/api.w.org\/{rel}","templated":true}]}}