{"id":138807,"date":"2018-11-13T09:14:43","date_gmt":"2018-11-13T11:14:43","guid":{"rendered":"http:\/\/aconteceunovale.com.br\/portal\/?p=138807"},"modified":"2018-11-13T16:11:47","modified_gmt":"2018-11-13T18:11:47","slug":"secretaria-municipal-de-educacao-de-capelinha-divulga-resolucao-que-dispoe-sobre-contratacao-para-o-exercicio-2019","status":"publish","type":"post","link":"https:\/\/aconteceunovale.com.br\/portal\/?p=138807","title":{"rendered":"Secretaria Municipal de Educa\u00e7\u00e3o de Capelinha divulga Resolu\u00e7\u00e3o que disp\u00f5e sobre contrata\u00e7\u00e3o para o exerc\u00edcio 2019"},"content":{"rendered":"<p>A Prefeitura de Capelinha, atrav\u00e9s da Secretaria Municipal de Educa\u00e7\u00e3o, buscando maior transpar\u00eancia no processo de contrata\u00e7\u00e3o de servidores para as unidades educacionais do munic\u00edpio, torna p\u00fablico a Resolu\u00e7\u00e3o SME n\u00ba 03, de 12 de novembro de 2018, que disp\u00f5e sobre crit\u00e9rios e define procedimentos para o exerc\u00edcio de fun\u00e7\u00e3o p\u00fablica na Rede Municipal de Ensino.<\/p>\n<p>Ser\u00e3o abertas inscri\u00e7\u00f5es para a contrata\u00e7\u00e3o de profissionais que atuar\u00e3o nas escolas e creches da Rede Municipal de Ensino nos seguintes cargos:<\/p>\n<p>&#8211; Professor de Educa\u00e7\u00e3o B\u00e1sica (educa\u00e7\u00e3o infantil e anos iniciais do ensino fundamental)<br \/>\n&#8211; Educador infantil (creche 0 a 3 anos)<br \/>\n&#8211; Professor de Educa\u00e7\u00e3o Especial<br \/>\n&#8211; Especialista da Educa\u00e7\u00e3o<br \/>\n&#8211; Auxiliar de Servi\u00e7os Gerais &#8211; Servente Escolar<\/p>\n<p>As inscri\u00e7\u00f5es ser\u00e3o abertas \u00e0s 8h do dia 10\/12\/2018 e ser\u00e3o encerradas \u00e0s 17h de 14\/12. Os interessados dever\u00e3o comparecer \u00e0 Secretaria de Educa\u00e7\u00e3o, localizada na Rua Eun\u00e9sio Dias Magalh\u00e3es, n\u00ba 680, no Bairro Planalto, com o formul\u00e1rio de inscri\u00e7\u00e3o devidamente preenchido. A listagem de classifica\u00e7\u00e3o ser\u00e1 divulgada no dia 07\/01\/2019, a partir das 8h, atrav\u00e9s do site <a href=\"http:\/\/www.pmcapelinha.mg.gov.br\" target=\"_blank\">www.pmcapelinha.mg.gov.br<\/a>.<\/p>\n<p><em><strong>Leia a \u00edntegra do edital:<\/strong><\/em><\/p>\n<p><embed src=\"http:\/\/aconteceunovale.com.br\/portal\/wp-content\/uploads\/2018\/11\/edital_contratacao_smecap.pdf\" width=\"900\" height=\"3000\"><a href=\"http:\/\/aconteceunovale.com.br\/portal\/wp-content\/uploads\/2018\/11\/edital_contratacao_smecap.pdf\" target=\"_blank\"><br \/>\n<em>(Fazer download do documento, em PDF)<\/em><\/a><br \/>\n<\/br><\/p>\n<p><strong>FORMUL\u00c1RIOS<\/strong><\/p>\n<p>&#8211; <a href=\"http:\/\/aconteceunovale.com.br\/portal\/wp-content\/uploads\/2018\/11\/formulario_professor.pdf\" rel=\"noopener\" target=\"_blank\">Professor de Educa\u00e7\u00e3o B\u00e1sica (download\/imprimir)<\/a><br \/>\n&#8211; <a href=\"http:\/\/aconteceunovale.com.br\/portal\/wp-content\/uploads\/2018\/11\/formulario_educador_infantil.pdf\" rel=\"noopener\" target=\"_blank\">Educador infantil (download\/imprimir)<\/a><br \/>\n&#8211; <a href=\"http:\/\/aconteceunovale.com.br\/portal\/wp-content\/uploads\/2018\/11\/formulario_professor_atendente.pdf\" rel=\"noopener\" target=\"_blank\">Professor de Educa\u00e7\u00e3o Especial (download\/imprimir)<\/a><br \/>\n&#8211; <a href=\"http:\/\/aconteceunovale.com.br\/portal\/wp-content\/uploads\/2018\/11\/formulario_especialista.pdf\" rel=\"noopener\" target=\"_blank\">Especialista da Educa\u00e7\u00e3o (download\/imprimir)<\/a><br \/>\n&#8211; <a href=\"http:\/\/aconteceunovale.com.br\/portal\/wp-content\/uploads\/2018\/11\/formulario_servente.pdf\" rel=\"noopener\" target=\"_blank\">Auxiliar de Servi\u00e7os Gerais &#8211; Servente Escolar (download\/imprimir)<\/a><\/p>\n<p><strong>VER PRIMEIRO<\/strong><\/p>\n<p>Receba as not\u00edcias do Aconteceu no Vale em primeira m\u00e3o. Clique em curtir no endere\u00e7o <a href=\"https:\/\/www.facebook.com\/aconteceunovale\" target=\"_blank\"><font color=\"red\">www.facebook.com\/aconteceunovale<\/font><\/a> ou no box abaixo:<\/p>\n<div class=\"fb-like\" data-href=\"https:\/\/www.facebook.com\/aconteceunovale\" data-width=\"120\" data-layout=\"standard\" data-action=\"like\" data-size=\"small\" data-show-faces=\"true\" data-share=\"true\"><\/div>\n<p><\/br><\/p>\n","protected":false},"excerpt":{"rendered":"<p>A Prefeitura de Capelinha, atrav\u00e9s da Secretaria Municipal de Educa\u00e7\u00e3o, buscando maior transpar\u00eancia no processo de contrata\u00e7\u00e3o de servidores para as unidades educacionais do munic\u00edpio, torna p\u00fablico a Resolu\u00e7\u00e3o SME n\u00ba 03, de 12 de novembro de 2018, que disp\u00f5e sobre crit\u00e9rios e define procedimentos para o exerc\u00edcio de fun\u00e7\u00e3o p\u00fablica na Rede Municipal de [&hellip;]<\/p>\n","protected":false},"author":1,"featured_media":138808,"comment_status":"open","ping_status":"closed","sticky":false,"template":"","format":"standard","meta":{"amp_status":"","footnotes":""},"categories":[155260,40238,40236,120],"tags":[132,186039,136937,186042,158763,186038,65997,136934,186037,66000,136936,186041,186040],"class_list":["post-138807","post","type-post","status-publish","format-standard","has-post-thumbnail","hentry","category-editais","category-educacao-2","category-empregos-2","category-jequi","tag-capelinha","tag-edital-educacao-prefeitura-de-capelinha","tag-emprego-para-professor-em-capelinha","tag-emprego-para-profissional-da-educacao-em-capelinha","tag-emprego-prefeitura-de-capelinha","tag-processo-seletivo-capelinha","tag-processo-seletivo-prefeitura-de-capelinha","tag-secretaria-municipal-de-educacao-de-capelinha","tag-secretaria-municipal-de-educacao-de-capelinha-divulga-resolucao-que-dispoe-sobre-contratacao-para-o-exercicio-2019","tag-trabalho-na-prefeitura-de-capelinha","tag-vaga-para-professor-em-capelinha","tag-vaga-para-profissional-da-educacao-em-capelinha","tag-vagas-prefeitura-de-capelinha"],"_links":{"self":[{"href":"https:\/\/aconteceunovale.com.br\/portal\/index.php?rest_route=\/wp\/v2\/posts\/138807","targetHints":{"allow":["GET"]}}],"collection":[{"href":"https:\/\/aconteceunovale.com.br\/portal\/index.php?rest_route=\/wp\/v2\/posts"}],"about":[{"href":"https:\/\/aconteceunovale.com.br\/portal\/index.php?rest_route=\/wp\/v2\/types\/post"}],"author":[{"embeddable":true,"href":"https:\/\/aconteceunovale.com.br\/portal\/index.php?rest_route=\/wp\/v2\/users\/1"}],"replies":[{"embeddable":true,"href":"https:\/\/aconteceunovale.com.br\/portal\/index.php?rest_route=%2Fwp%2Fv2%2Fcomments&post=138807"}],"version-history":[{"count":0,"href":"https:\/\/aconteceunovale.com.br\/portal\/index.php?rest_route=\/wp\/v2\/posts\/138807\/revisions"}],"wp:featuredmedia":[{"embeddable":true,"href":"https:\/\/aconteceunovale.com.br\/portal\/index.php?rest_route=\/wp\/v2\/media\/138808"}],"wp:attachment":[{"href":"https:\/\/aconteceunovale.com.br\/portal\/index.php?rest_route=%2Fwp%2Fv2%2Fmedia&parent=138807"}],"wp:term":[{"taxonomy":"category","embeddable":true,"href":"https:\/\/aconteceunovale.com.br\/portal\/index.php?rest_route=%2Fwp%2Fv2%2Fcategories&post=138807"},{"taxonomy":"post_tag","embeddable":true,"href":"https:\/\/aconteceunovale.com.br\/portal\/index.php?rest_route=%2Fwp%2Fv2%2Ftags&post=138807"}],"curies":[{"name":"wp","href":"https:\/\/api.w.org\/{rel}","templated":true}]}}