{"id":138765,"date":"2018-11-12T19:20:56","date_gmt":"2018-11-12T21:20:56","guid":{"rendered":"http:\/\/aconteceunovale.com.br\/portal\/?p=138765"},"modified":"2018-11-12T19:20:56","modified_gmt":"2018-11-12T21:20:56","slug":"mandetta-e-cotado-para-ser-ministro-da-saude-diz-bolsonaro","status":"publish","type":"post","link":"https:\/\/aconteceunovale.com.br\/portal\/?p=138765","title":{"rendered":"Mandetta \u00e9 cotado para ser ministro da Sa\u00fade, diz Bolsonaro"},"content":{"rendered":"<p>O presidente eleito, Jair Bolsonaro, disse hoje (12) que est\u00e1 examinando o nome do deputado federal Luiz Henrique Mandetta (DEM-MS) para assumir o Minist\u00e9rio da Sa\u00fade. Mandetta \u00e9 ortopedista pedi\u00e1trico, n\u00e3o se candidatou novamente e portanto ficar\u00e1 sem mandato no pr\u00f3ximo ano. Ele se reuniu de manh\u00e3 com Bolsonaro e conversaram sobre a possibilidade de assumir a pasta.<\/p>\n<p>Segundo Bolsonaro, Mandetta, de 53 anos, se for nomeado para a Sa\u00fade ter\u00e1 miss\u00f5es espec\u00edficas. \u201cTem que tapar os ralos\u201d, afirmou. \u201cQueremos facilitar a vida do cidad\u00e3o e economizar recursos\u201d, acrescentou o presidente eleito, em defesa da implanta\u00e7\u00e3o do prontu\u00e1rio eletr\u00f4nico. \u201cN\u00e3o temos como falar em investir mais em sa\u00fade porque estamos no limite em todas as \u00e1reas.\u201d<\/p>\n<p>O presidente eleito conversou com a imprensa ao sair de casa hoje, na Barra da Tijuca, para novamente ir \u00e0 ag\u00eancia do Banco do Brasil sacar dinheiro. Foi a terceira vez que Bolsonaro saiu nos \u00faltimos dias para ir ao banco.<\/p>\n<p><strong>Caixa-preta<\/strong><\/p>\n<p>Bolsonaro avisou que, assim que assumir o governo, em janeiro de 2019, vai retirar o sigilo das opera\u00e7\u00f5es do Banco Nacional de Desenvolvimento Econ\u00f4mico e Social (BNDES). \u201cA [caixa-preta] vai ser aberta. Na primeira semana, n\u00e3o haver\u00e1 mais sigilo no BNDES. Nenhum.\u201d<\/p>\n<p>O presidente eleito admitiu que \u201cest\u00e1 faltando transpar\u00eancia no BNDES\u201d. \u201cAt\u00e9 para mim, eu desconhe\u00e7o muita coisa do BNDES. S\u00e3o n\u00fameros que n\u00f3s temos de tornar p\u00fablicos\u201d, disse Bolsonaro, defendendo que sociedade tenha conhecimento de informa\u00e7\u00f5es mantidas sob sigilo.<\/p>\n<p>Bolsonaro elogiou a escolha do economista Joaquim Levy para comandar o BNDES. Questionado sobre o fato de ele ter sido ministro da Fazenda do governo Dilma Rousseff e trabalhado na gest\u00e3o Sergio Cabral no Rio de Janeiro, o presidente eleito disse que n\u00e3o h\u00e1 nada que desabona sua hist\u00f3ria.<\/p>\n<p>\u201cEle [Levy] tem um passado [no governo Dilma Rousseff e na gest\u00e3o Cabral], mas n\u00e3o tem nada contra sua conduta profissional , assim sendo eu endosso o Paulo Guedes. Este \u00e9 um ponto pacificado. Segundo o presidente eleito, ainda n\u00e3o h\u00e1 defini\u00e7\u00f5es para a Petrobras e Banco Central.<\/p>\n<p><img decoding=\"async\" src=\"http:\/\/aconteceunovale.com.br\/portal\/wp-content\/uploads\/2018\/11\/mandetta.jpg\" alt=\"\" \/><em>Luiz Henrique Mandetta &#8211; Foto: Divulga\u00e7\u00e3o<\/em><br \/>\n<\/br><\/p>\n<p><strong>VER PRIMEIRO<\/strong><\/p>\n<p>Receba as not\u00edcias do Aconteceu no Vale em primeira m\u00e3o. Clique em curtir no endere\u00e7o <a href=\"https:\/\/www.facebook.com\/aconteceunovale\" target=\"_blank\"><font color=\"red\">www.facebook.com\/aconteceunovale<\/font><\/a> ou no box abaixo:<\/p>\n<div class=\"fb-like\" data-href=\"https:\/\/www.facebook.com\/aconteceunovale\" data-width=\"120\" data-layout=\"standard\" data-action=\"like\" data-size=\"small\" data-show-faces=\"true\" data-share=\"true\"><\/div>\n<p><\/br><\/p>\n<p><em>(Fonte: Ag\u00eancia Brasil)<\/em><\/p>\n","protected":false},"excerpt":{"rendered":"<p>O presidente eleito, Jair Bolsonaro, disse hoje (12) que est\u00e1 examinando o nome do deputado federal Luiz Henrique Mandetta (DEM-MS) para assumir o Minist\u00e9rio da Sa\u00fade. Mandetta \u00e9 ortopedista pedi\u00e1trico, n\u00e3o se candidatou novamente e portanto ficar\u00e1 sem mandato no pr\u00f3ximo ano. Ele se reuniu de manh\u00e3 com Bolsonaro e conversaram sobre a possibilidade de [&hellip;]<\/p>\n","protected":false},"author":1,"featured_media":138766,"comment_status":"open","ping_status":"closed","sticky":false,"template":"","format":"standard","meta":{"amp_status":"","footnotes":""},"categories":[6,40242],"tags":[100375,185015,184405,185100,26436,185976,185977,185975,34259],"class_list":["post-138765","post","type-post","status-publish","format-standard","has-post-thumbnail","hentry","category-br","category-saude-2","tag-bolsonaro","tag-diz-bolsonaro","tag-governo-bolsonaro","tag-governo-de-transicao","tag-jair-bolsonaro","tag-luiz-henrique-mandetta","tag-luiz-henrique-mandetta-e-cotado-para-ser-ministro-da-saude","tag-mandetta","tag-ministro-da-saude"],"_links":{"self":[{"href":"https:\/\/aconteceunovale.com.br\/portal\/index.php?rest_route=\/wp\/v2\/posts\/138765","targetHints":{"allow":["GET"]}}],"collection":[{"href":"https:\/\/aconteceunovale.com.br\/portal\/index.php?rest_route=\/wp\/v2\/posts"}],"about":[{"href":"https:\/\/aconteceunovale.com.br\/portal\/index.php?rest_route=\/wp\/v2\/types\/post"}],"author":[{"embeddable":true,"href":"https:\/\/aconteceunovale.com.br\/portal\/index.php?rest_route=\/wp\/v2\/users\/1"}],"replies":[{"embeddable":true,"href":"https:\/\/aconteceunovale.com.br\/portal\/index.php?rest_route=%2Fwp%2Fv2%2Fcomments&post=138765"}],"version-history":[{"count":0,"href":"https:\/\/aconteceunovale.com.br\/portal\/index.php?rest_route=\/wp\/v2\/posts\/138765\/revisions"}],"wp:featuredmedia":[{"embeddable":true,"href":"https:\/\/aconteceunovale.com.br\/portal\/index.php?rest_route=\/wp\/v2\/media\/138766"}],"wp:attachment":[{"href":"https:\/\/aconteceunovale.com.br\/portal\/index.php?rest_route=%2Fwp%2Fv2%2Fmedia&parent=138765"}],"wp:term":[{"taxonomy":"category","embeddable":true,"href":"https:\/\/aconteceunovale.com.br\/portal\/index.php?rest_route=%2Fwp%2Fv2%2Fcategories&post=138765"},{"taxonomy":"post_tag","embeddable":true,"href":"https:\/\/aconteceunovale.com.br\/portal\/index.php?rest_route=%2Fwp%2Fv2%2Ftags&post=138765"}],"curies":[{"name":"wp","href":"https:\/\/api.w.org\/{rel}","templated":true}]}}