{"id":138755,"date":"2018-11-12T19:03:06","date_gmt":"2018-11-12T21:03:06","guid":{"rendered":"http:\/\/aconteceunovale.com.br\/portal\/?p=138755"},"modified":"2018-11-12T19:03:06","modified_gmt":"2018-11-12T21:03:06","slug":"familias-desalojadas-em-niteroi-receberao-novas-moradias","status":"publish","type":"post","link":"https:\/\/aconteceunovale.com.br\/portal\/?p=138755","title":{"rendered":"Fam\u00edlias desalojadas em Niter\u00f3i receber\u00e3o novas moradias"},"content":{"rendered":"<p>As 22 fam\u00edlias que foram desalojadas depois do deslizamento do Morro da Boa Esperan\u00e7a, em Niter\u00f3i, receber\u00e3o da prefeitura unidades habitacionais no bairro do Fonseca. As casas j\u00e1 est\u00e3o em constru\u00e7\u00e3o e ser\u00e3o entregues \u00e0s v\u00edtimas no dia 20 de dezembro, segundo a prefeitura de Niter\u00f3i.<\/p>\n<p>Enquanto as unidades n\u00e3o ficam prontas, as fam\u00edlias desalojadas receber\u00e3o aluguel social. O munic\u00edpio trabalha na elabora\u00e7\u00e3o do projeto de lei para incluir essas fam\u00edlias no pagamento do benef\u00edcio. O projeto ser\u00e1 enviado \u00e0 C\u00e2mara dos Vereadores amanh\u00e3 (13), em regime de urg\u00eancia.<\/p>\n<p><strong>Opera\u00e7\u00f5es<\/strong><\/p>\n<p>Segundo informa\u00e7\u00f5es do Corpo de Bombeiros, o n\u00famero de resgatados permanece o mesmo na manh\u00e3 de hoje: 11 pessoas foram resgatadas com vida, das quais uma morreu no hospital, e 14 corpos foram retirados j\u00e1 sem vida. Os bombeiros continuam trabalhando no local, mas n\u00e3o h\u00e1 mais relatos de desaparecidos por parte de familiares e vizinhos.<\/p>\n<p>A Defesa Civil tamb\u00e9m opera no monitoramento das casas no entorno do local do acidente. Dezessete moradias permanecem interditadas.<\/p>\n<p>Segundo a prefeitura, cerca de 200 pessoas, profissionais das secretarias municipais de Sa\u00fade, Assist\u00eancia Social, Obras, Conserva\u00e7\u00e3o e Servi\u00e7os P\u00fablicos fazem a limpeza do local do desabamento. Eles tamb\u00e9m atuam na Escola Municipal Francisco Portugal Neves, em Piratininga, local em que parte das v\u00edtimas est\u00e1 alocada provisoriamente.<\/p>\n<p><img decoding=\"async\" src=\"http:\/\/aconteceunovale.com.br\/portal\/wp-content\/uploads\/2018\/11\/desalojados_niteroi.jpg\" alt=\"\" \/><em>Equipes trabalham na remo\u00e7\u00e3o de entulho, na \u00e1rea onde ocorreu deslizamento de encosta, no Morro da Boa Esperan\u00e7a, em Piratininga, regi\u00e3o Oce\u00e2nica de Niter\u00f3i &#8211; Tomaz Silva\/Ag\u00eancia Brasil<\/em><br \/>\n<\/br><\/p>\n<p><strong>Doa\u00e7\u00f5es<\/strong><\/p>\n<p>Uma rede de solidariedade se formou para dar assist\u00eancia \u00e0queles que perderam tudo e nove toneladas de donativos j\u00e1 foram arrecadados. A prefeitura informa que, no momento, n\u00e3o h\u00e1 necessidade de novas doa\u00e7\u00f5es. J\u00e1 foram distribu\u00eddos kits com materiais de limpeza, higiene pessoal, alimentos e \u00e1gua para 18 fam\u00edlias.  <\/p>\n<p><strong>Atendimento psicol\u00f3gico<\/strong><\/p>\n<p>Cerca de 50 psic\u00f3logos volunt\u00e1rios trabalham no atendimento \u00e0s v\u00edtimas. Os profissionais desenvolvem diferentes a\u00e7\u00f5es, entre elas assist\u00eancia no momento do sepultamento e durante a identifica\u00e7\u00e3o dos corpos no Instituto M\u00e9dico-Legal (IML) aos familiares das v\u00edtimas.<\/p>\n<p>Os profissionais tamb\u00e9m atendem \u00e0s pessoas que solicitam atendimento na Escola Francisco Portugal Neves e trabalham orientando a popula\u00e7\u00e3o sobre direitos que ainda podem buscar.<\/p>\n<p>Para o psic\u00f3logo volunt\u00e1rio Alexandre Nascimento, a disponibiliza\u00e7\u00e3o de tratamento psicol\u00f3gico a longo prazo para as pessoas que passaram pelo trauma do acidente \u00e9 fundamental.<\/p>\n<p>\u201cA gente fala em emerg\u00eancia, desastre, mas muitas dessas situa\u00e7\u00f5es s\u00e3o trag\u00e9dias anunciadas. S\u00e3o trag\u00e9dias decorrentes da neglig\u00eancia do Poder P\u00fablico. Essas pessoas est\u00e3o em situa\u00e7\u00e3o de risco n\u00e3o porque querem, mas porque n\u00e3o t\u00eam outra op\u00e7\u00e3o. Ent\u00e3o, todo esse trabalho decorrente de situa\u00e7\u00e3o de trauma, tanto individual quanto coletivo, tem impacto profundo na vida emocional. [Por isso], h\u00e1 uma demanda por pol\u00edticas p\u00fablicas que possam dar conta desse sofrimento gerado por esse trauma\u201d, acrescenta Alexandre, que \u00e9 morador da regi\u00e3o.<\/p>\n<p><strong>VER PRIMEIRO<\/strong><\/p>\n<p>Receba as not\u00edcias do Aconteceu no Vale em primeira m\u00e3o. Clique em curtir no endere\u00e7o <a href=\"https:\/\/www.facebook.com\/aconteceunovale\" target=\"_blank\"><font color=\"red\">www.facebook.com\/aconteceunovale<\/font><\/a> ou no box abaixo:<\/p>\n<div class=\"fb-like\" data-href=\"https:\/\/www.facebook.com\/aconteceunovale\" data-width=\"120\" data-layout=\"standard\" data-action=\"like\" data-size=\"small\" data-show-faces=\"true\" data-share=\"true\"><\/div>\n<p><\/br><\/p>\n<p><em>(Fonte: Ag\u00eancia Brasil)<\/em><\/p>\n","protected":false},"excerpt":{"rendered":"<p>As 22 fam\u00edlias que foram desalojadas depois do deslizamento do Morro da Boa Esperan\u00e7a, em Niter\u00f3i, receber\u00e3o da prefeitura unidades habitacionais no bairro do Fonseca. As casas j\u00e1 est\u00e3o em constru\u00e7\u00e3o e ser\u00e3o entregues \u00e0s v\u00edtimas no dia 20 de dezembro, segundo a prefeitura de Niter\u00f3i. Enquanto as unidades n\u00e3o ficam prontas, as fam\u00edlias desalojadas [&hellip;]<\/p>\n","protected":false},"author":1,"featured_media":138756,"comment_status":"open","ping_status":"closed","sticky":false,"template":"","format":"standard","meta":{"amp_status":"","footnotes":""},"categories":[6],"tags":[185787,185788,185781,185795,185791,185786,144551,185673,185672,185962,185789,185792,185796,185785,185793,185783,185790,185794,185784,185780,185782,73438,185674,1104,185797,185676,185671,185670,185675],"class_list":["post-138755","post","type-post","status-publish","format-standard","has-post-thumbnail","hentry","category-br","tag-alan-ferreira-teles","tag-amanda-tomaz-da-silva","tag-arthur-caetano-carvalho","tag-beatriz-martins-pereira","tag-claudiomar-dias-martins","tag-dalvina-marins","tag-deslizamento","tag-deslizamento-de-encosta-em-niteroi","tag-deslizamento-de-terra-em-niteroi","tag-familias-desalojadas-em-niteroi-receberao-novas-moradias","tag-gessica-martins-firmino","tag-janete-martins-ferreira","tag-janice-martins","tag-kaique-da-silva-resende","tag-marcos-antonio-martins-aguiar","tag-marcos-antony-martins-de-aguiar","tag-maria-aparecida-martins-viana","tag-maria-do-carmo","tag-maria-madalena-linhares-de-resende","tag-morro-da-boa-esperanca","tag-nicole-caetano-carvalho","tag-niteroi","tag-piratininga","tag-rio-de-janeiro","tag-sobe-para-15-o-numero-de-mortes-em-desabamento-de-morro-em-niteroi","tag-tragedia-em-boa-esperanca","tag-tragedia-em-niteroi","tag-tragedia-em-niteroi-deixa-ao-menos-10-mortos","tag-tragedia-em-piratininga"],"_links":{"self":[{"href":"https:\/\/aconteceunovale.com.br\/portal\/index.php?rest_route=\/wp\/v2\/posts\/138755","targetHints":{"allow":["GET"]}}],"collection":[{"href":"https:\/\/aconteceunovale.com.br\/portal\/index.php?rest_route=\/wp\/v2\/posts"}],"about":[{"href":"https:\/\/aconteceunovale.com.br\/portal\/index.php?rest_route=\/wp\/v2\/types\/post"}],"author":[{"embeddable":true,"href":"https:\/\/aconteceunovale.com.br\/portal\/index.php?rest_route=\/wp\/v2\/users\/1"}],"replies":[{"embeddable":true,"href":"https:\/\/aconteceunovale.com.br\/portal\/index.php?rest_route=%2Fwp%2Fv2%2Fcomments&post=138755"}],"version-history":[{"count":0,"href":"https:\/\/aconteceunovale.com.br\/portal\/index.php?rest_route=\/wp\/v2\/posts\/138755\/revisions"}],"wp:featuredmedia":[{"embeddable":true,"href":"https:\/\/aconteceunovale.com.br\/portal\/index.php?rest_route=\/wp\/v2\/media\/138756"}],"wp:attachment":[{"href":"https:\/\/aconteceunovale.com.br\/portal\/index.php?rest_route=%2Fwp%2Fv2%2Fmedia&parent=138755"}],"wp:term":[{"taxonomy":"category","embeddable":true,"href":"https:\/\/aconteceunovale.com.br\/portal\/index.php?rest_route=%2Fwp%2Fv2%2Fcategories&post=138755"},{"taxonomy":"post_tag","embeddable":true,"href":"https:\/\/aconteceunovale.com.br\/portal\/index.php?rest_route=%2Fwp%2Fv2%2Ftags&post=138755"}],"curies":[{"name":"wp","href":"https:\/\/api.w.org\/{rel}","templated":true}]}}