{"id":138751,"date":"2018-11-12T18:59:31","date_gmt":"2018-11-12T20:59:31","guid":{"rendered":"http:\/\/aconteceunovale.com.br\/portal\/?p=138751"},"modified":"2018-11-12T18:59:31","modified_gmt":"2018-11-12T20:59:31","slug":"mae-de-crianca-esquecida-em-onibus-escolar-em-minas-sera-indenizada","status":"publish","type":"post","link":"https:\/\/aconteceunovale.com.br\/portal\/?p=138751","title":{"rendered":"M\u00e3e de crian\u00e7a esquecida em \u00f4nibus escolar em Minas ser\u00e1 indenizada"},"content":{"rendered":"<p>O Munic\u00edpio de Volta Grande (regi\u00e3o da Mata) foi condenado a indenizar em R$ 5 mil, por danos morais, a m\u00e3e de uma crian\u00e7a de 4 anos de idade que foi esquecida dentro de um \u00f4nibus escolar da municipalidade. A decis\u00e3o \u00e9 da 19\u00aa C\u00e2mara C\u00edvel do Tribunal de Justi\u00e7a de Minas Gerais (TJMG), que reformou parcialmente decis\u00e3o proferida pela Comarca de Al\u00e9m Para\u00edba.<\/p>\n<p>A m\u00e3e narrou nos autos que em 13 de mar\u00e7o de 2015 o filho dela n\u00e3o chegou em casa no hor\u00e1rio habitual, uma vez que n\u00e3o foi levado pelo \u00f4nibus escolar municipal que fazia o transporte da crian\u00e7a. V\u00e1rias pessoas se mobilizaram na tentativa de localizarem o menor, e j\u00e1 se cogitava acionar a Pol\u00edcia, quando ele foi finalmente encontrado e entregue em casa, duas horas depois do previsto.<\/p>\n<p>Segundo a genitora, o menino foi localizado no interior do \u00f4nibus escolar, que j\u00e1 havia feito a entrega das demais crian\u00e7as e estava parado no estacionamento da escola. A crian\u00e7a estava assustada, suada e chorava muito ao chegar em casa. Na Justi\u00e7a, a m\u00e3e pediu que o Munic\u00edpio fosse condenado a indeniz\u00e1-la por danos morais, diante da ang\u00fastia que experimentou at\u00e9 encontrar o filho.<\/p>\n<p>Em sua defesa, o Munic\u00edpio alegou que a crian\u00e7a se escondeu debaixo do banco do ve\u00edculo, que a m\u00e3e n\u00e3o estava presente para pegar a crian\u00e7a no ponto de \u00f4nibus e que a o menino foi por fim entregue na casa da autora da a\u00e7\u00e3o, n\u00e3o havendo que se falar em abalo moral.<\/p>\n<p>Em Primeira Inst\u00e2ncia, a 2\u00aa Vara C\u00edvel, Criminal e da Inf\u00e2ncia e da Juventude da Comarca de Al\u00e9m Para\u00edba condenou o Munic\u00edpio de Volta Grande a pagar \u00e0 m\u00e3e o valor de R$ 2 mil, por danos morais. Entre outros pontos, o Ju\u00edzo avaliou que provas indicavam que a crian\u00e7a foi entregue \u00e0 m\u00e3e aproximadamente uma hora depois do previsto e que foram funcion\u00e1rios do pr\u00f3prio Munic\u00edpio que a localizaram.<\/p>\n<p>Diante da senten\u00e7a, a m\u00e3e recorreu, pedindo o aumento do valor da indeniza\u00e7\u00e3o para R$ 20 mil. Sustentou que havia nos autos prova da neglig\u00eancia do Munic\u00edpio e reiterou que ficou quase duas horas tentando localizar a crian\u00e7a, sem que tivesse recebido, nesse per\u00edodo, qualquer posicionamento dos funcion\u00e1rios do r\u00e9u. Ressaltou a dor e ang\u00fastia que vivenciou como m\u00e3e, por n\u00e3o saber sobre o paradeiro do filho, e que isso n\u00e3o poderia ser compensado por apenas R$ 2 mil.<\/p>\n<p>Ao analisar os autos, o desembargador relator, Leite Pra\u00e7a, avaliou que, considerando as circunst\u00e2ncias do caso concreto, que envolviam o esquecimento do filho da autora de apenas quatro anos, por mais de uma hora, dentro de um \u00f4nibus escolar do Munic\u00edpio, o valor fixado pelo em Primeira Inst\u00e2ncia n\u00e3o se mostrava razo\u00e1vel. <\/p>\n<p>Levando em considera\u00e7\u00e3o a ang\u00fastia vivenciada pela m\u00e3e, o relator decidiu aumentar o valor da indeniza\u00e7\u00e3o para R$ 5 mil reais, \u201cimport\u00e2ncia que entendo compat\u00edvel com o dano moral sofrido, al\u00e9m de respeitar os crit\u00e9rios de proporcionalidade e razoabilidade, sem implicar em enriquecimento sem causa e atendendo, ainda, ao objetivo de inibir o ofensor da pr\u00e1tica de condutas futuras semelhantes\u201d.<\/p>\n<p>Os desembargadores Carlos Henrique Perp\u00e9tuo Braga e Bitencourt Marcondes tiveram entendimento diferente, julgando que o valor da indeniza\u00e7\u00e3o deveria ser aumentado para R$ 10 mil. Contudo, foram votos vencidos, j\u00e1 que os desembargadores Wagner Wilson Ferreira e Versiani Penna acompanharam o voto do relator.<\/p>\n<p><strong>VER PRIMEIRO<\/strong><\/p>\n<p>Receba as not\u00edcias do Aconteceu no Vale em primeira m\u00e3o. Clique em curtir no endere\u00e7o <a href=\"https:\/\/www.facebook.com\/aconteceunovale\" target=\"_blank\"><font color=\"red\">www.facebook.com\/aconteceunovale<\/font><\/a> ou no box abaixo:<\/p>\n<div class=\"fb-like\" data-href=\"https:\/\/www.facebook.com\/aconteceunovale\" data-width=\"120\" data-layout=\"standard\" data-action=\"like\" data-size=\"small\" data-show-faces=\"true\" data-share=\"true\"><\/div>\n<p><\/br><\/p>\n<p><em>(Fonte: TJMG)<\/em><\/p>\n","protected":false},"excerpt":{"rendered":"<p>O Munic\u00edpio de Volta Grande (regi\u00e3o da Mata) foi condenado a indenizar em R$ 5 mil, por danos morais, a m\u00e3e de uma crian\u00e7a de 4 anos de idade que foi esquecida dentro de um \u00f4nibus escolar da municipalidade. A decis\u00e3o \u00e9 da 19\u00aa C\u00e2mara C\u00edvel do Tribunal de Justi\u00e7a de Minas Gerais (TJMG), que [&hellip;]<\/p>\n","protected":false},"author":1,"featured_media":138752,"comment_status":"open","ping_status":"closed","sticky":false,"template":"","format":"standard","meta":{"amp_status":"","footnotes":""},"categories":[123],"tags":[3677,185959,185960,185961,185957,185958,270,64962],"class_list":["post-138751","post","type-post","status-publish","format-standard","has-post-thumbnail","hentry","category-gerais","tag-alem-paraiba","tag-condenacao-prefeitura-de-volta-grande","tag-mae-de-crianca-esquecida-em-onibus-escolar-em-minas-sera-indenizada","tag-mae-de-crianca-esquecida-em-onibus-escolar-em-volta-grande-sera-indenizada","tag-prefeitura-de-volta-grande","tag-processo-prefeitura-de-volta-grande","tag-tjmg","tag-volta-grande"],"_links":{"self":[{"href":"https:\/\/aconteceunovale.com.br\/portal\/index.php?rest_route=\/wp\/v2\/posts\/138751","targetHints":{"allow":["GET"]}}],"collection":[{"href":"https:\/\/aconteceunovale.com.br\/portal\/index.php?rest_route=\/wp\/v2\/posts"}],"about":[{"href":"https:\/\/aconteceunovale.com.br\/portal\/index.php?rest_route=\/wp\/v2\/types\/post"}],"author":[{"embeddable":true,"href":"https:\/\/aconteceunovale.com.br\/portal\/index.php?rest_route=\/wp\/v2\/users\/1"}],"replies":[{"embeddable":true,"href":"https:\/\/aconteceunovale.com.br\/portal\/index.php?rest_route=%2Fwp%2Fv2%2Fcomments&post=138751"}],"version-history":[{"count":0,"href":"https:\/\/aconteceunovale.com.br\/portal\/index.php?rest_route=\/wp\/v2\/posts\/138751\/revisions"}],"wp:featuredmedia":[{"embeddable":true,"href":"https:\/\/aconteceunovale.com.br\/portal\/index.php?rest_route=\/wp\/v2\/media\/138752"}],"wp:attachment":[{"href":"https:\/\/aconteceunovale.com.br\/portal\/index.php?rest_route=%2Fwp%2Fv2%2Fmedia&parent=138751"}],"wp:term":[{"taxonomy":"category","embeddable":true,"href":"https:\/\/aconteceunovale.com.br\/portal\/index.php?rest_route=%2Fwp%2Fv2%2Fcategories&post=138751"},{"taxonomy":"post_tag","embeddable":true,"href":"https:\/\/aconteceunovale.com.br\/portal\/index.php?rest_route=%2Fwp%2Fv2%2Ftags&post=138751"}],"curies":[{"name":"wp","href":"https:\/\/api.w.org\/{rel}","templated":true}]}}