{"id":138678,"date":"2018-11-11T22:34:00","date_gmt":"2018-11-12T00:34:00","guid":{"rendered":"http:\/\/aconteceunovale.com.br\/portal\/?p=138678"},"modified":"2018-11-11T22:34:00","modified_gmt":"2018-11-12T00:34:00","slug":"enem-tem-66-eliminados-e-292-de-ausentes-no-segundo-dia-de-provas","status":"publish","type":"post","link":"https:\/\/aconteceunovale.com.br\/portal\/?p=138678","title":{"rendered":"Enem tem 66 eliminados e 29,2% de ausentes no segundo dia de provas"},"content":{"rendered":"<p>No segundo domingo de provas, 1.610.681 estudantes faltaram ao Exame Nacional do Ensino M\u00e9dio (Enem), o que representa 29,2% dos 5.513.726 inscritos. O \u00edndice \u00e9 maior do que o do domingo passado, que foi de 24,9%, mas \u00e9 menor que as taxas registradas no segundo dia de provas em 2016 e 2017. <\/p>\n<p>O ministro da Educa\u00e7\u00e3o, Rossieli Soares, afirmou ser normal o aumento de aus\u00eancias no segundo dia do exame. \u201cO n\u00famero de aus\u00eancias foi menor que nos \u00faltimos anos, mas \u00e9 um pouco maior do que no primeiro dia, o que \u00e9 normal. \u00c0s vezes, o aluno n\u00e3o tem o desempenho que deseja ou imagina e acaba n\u00e3o indo no segundo dia\u201d, argumentou.<\/p>\n<p><strong>Eliminados <\/strong><\/p>\n<p>Neste domingo, 66 estudantes foram eliminados, a maioria por descumprimento das regras gerais do edital, como sair antes do hor\u00e1rio permitido, usar material impresso e n\u00e3o atender a orienta\u00e7\u00f5es dos fiscais. Dois foram eliminados na revista no detector de metais e por recusa na coleta dos dados biom\u00e9tricos.<\/p>\n<p>Em nenhum local, a aplica\u00e7\u00e3o da prova foi suspensa. \u201cA log\u00edstica da aplica\u00e7\u00e3o funcionou maravilhosamente bem. Foi a melhor aplica\u00e7\u00e3o da hist\u00f3ria do Enem\u201d, afirmou o ministro.<\/p>\n<p>Os 1.752 participantes afetados, no domingo passado (4), pela interrup\u00e7\u00e3o de energia el\u00e9trica, em Porto Nacional (TO) e Franca (SP), t\u00eam direito \u00e0 reaplica\u00e7\u00e3o, dia 11 de dezembro, das provas de linguagens, reda\u00e7\u00e3o e ci\u00eancias humanas. As provas para pessoas privadas de liberdade ser\u00e3o aplicadas dias 11 e 12 de dezembro. <\/p>\n<p><img decoding=\"async\" src=\"http:\/\/aconteceunovale.com.br\/portal\/wp-content\/uploads\/2018\/11\/ministro_edu.jpg\" alt=\"\" \/><em>O ministro Rossieli Soares avalia segundo dia de provas &#8211; Wilson Dias\/Ag\u00eancia Brasil<\/em><br \/>\n<\/br><\/p>\n<p><strong>Gabarito<\/strong><\/p>\n<p>Os participantes responderam, neste domingo, \u00e0s quest\u00f5es de matem\u00e1tica e ci\u00eancias da natureza. Foram cinco horas para resolver 90 quest\u00f5es. As provas foram aplicadas em 10.718 locais, distribu\u00eddos em 1.725 munic\u00edpios. S\u00e3o cerca de 600 mil pessoas envolvidas na aplica\u00e7\u00e3o do Enem. <\/p>\n<p>O gabarito oficial ser\u00e1 divulgado em 14 de novembro, juntamente com os cadernos de quest\u00f5es. J\u00e1 o resultado dever\u00e1 ser divulgado at\u00e9 o dia 18 de janeiro de 2019.<\/p>\n<p>A nota do Enem pode ser usada para concorrer a vagas no ensino superior p\u00fablico pelo Sistema de Sele\u00e7\u00e3o Unificada (Sisu) ou a bolsas em institui\u00e7\u00f5es privadas, pelo Programa Universidade para Todos (ProUni) e para participar do Fundo de Financiamento Estudantil (Fies).<\/p>\n<p><strong>VER PRIMEIRO<\/strong><\/p>\n<p>Receba as not\u00edcias do Aconteceu no Vale em primeira m\u00e3o. Clique em curtir no endere\u00e7o <a href=\"https:\/\/www.facebook.com\/aconteceunovale\" target=\"_blank\"><font color=\"red\">www.facebook.com\/aconteceunovale<\/font><\/a> ou no box abaixo:<\/p>\n<div class=\"fb-like\" data-href=\"https:\/\/www.facebook.com\/aconteceunovale\" data-width=\"120\" data-layout=\"standard\" data-action=\"like\" data-size=\"small\" data-show-faces=\"true\" data-share=\"true\"><\/div>\n<p><\/br><\/p>\n<p><em>(Fonte: Ag\u00eancia Brasil)<\/em><\/p>\n","protected":false},"excerpt":{"rendered":"<p>No segundo domingo de provas, 1.610.681 estudantes faltaram ao Exame Nacional do Ensino M\u00e9dio (Enem), o que representa 29,2% dos 5.513.726 inscritos. O \u00edndice \u00e9 maior do que o do domingo passado, que foi de 24,9%, mas \u00e9 menor que as taxas registradas no segundo dia de provas em 2016 e 2017. O ministro da [&hellip;]<\/p>\n","protected":false},"author":1,"featured_media":138679,"comment_status":"open","ping_status":"closed","sticky":false,"template":"","format":"standard","meta":{"amp_status":"","footnotes":""},"categories":[6,40238],"tags":[524,171626,185864,43720,185012,185704,185863],"class_list":["post-138678","post","type-post","status-publish","format-standard","has-post-thumbnail","hentry","category-br","category-educacao-2","tag-enem","tag-enem-2018","tag-enem-tem-66-eliminados-e-29-de-ausentes-no-segundo-dia-de-provas","tag-ministro-da-educacao","tag-rossieli-soares","tag-segundo-dia-do-enem","tag-segundo-dia-do-enem-2018"],"_links":{"self":[{"href":"https:\/\/aconteceunovale.com.br\/portal\/index.php?rest_route=\/wp\/v2\/posts\/138678","targetHints":{"allow":["GET"]}}],"collection":[{"href":"https:\/\/aconteceunovale.com.br\/portal\/index.php?rest_route=\/wp\/v2\/posts"}],"about":[{"href":"https:\/\/aconteceunovale.com.br\/portal\/index.php?rest_route=\/wp\/v2\/types\/post"}],"author":[{"embeddable":true,"href":"https:\/\/aconteceunovale.com.br\/portal\/index.php?rest_route=\/wp\/v2\/users\/1"}],"replies":[{"embeddable":true,"href":"https:\/\/aconteceunovale.com.br\/portal\/index.php?rest_route=%2Fwp%2Fv2%2Fcomments&post=138678"}],"version-history":[{"count":0,"href":"https:\/\/aconteceunovale.com.br\/portal\/index.php?rest_route=\/wp\/v2\/posts\/138678\/revisions"}],"wp:featuredmedia":[{"embeddable":true,"href":"https:\/\/aconteceunovale.com.br\/portal\/index.php?rest_route=\/wp\/v2\/media\/138679"}],"wp:attachment":[{"href":"https:\/\/aconteceunovale.com.br\/portal\/index.php?rest_route=%2Fwp%2Fv2%2Fmedia&parent=138678"}],"wp:term":[{"taxonomy":"category","embeddable":true,"href":"https:\/\/aconteceunovale.com.br\/portal\/index.php?rest_route=%2Fwp%2Fv2%2Fcategories&post=138678"},{"taxonomy":"post_tag","embeddable":true,"href":"https:\/\/aconteceunovale.com.br\/portal\/index.php?rest_route=%2Fwp%2Fv2%2Ftags&post=138678"}],"curies":[{"name":"wp","href":"https:\/\/api.w.org\/{rel}","templated":true}]}}