{"id":138564,"date":"2018-11-10T22:31:09","date_gmt":"2018-11-11T00:31:09","guid":{"rendered":"http:\/\/aconteceunovale.com.br\/portal\/?p=138564"},"modified":"2018-11-10T22:31:09","modified_gmt":"2018-11-11T00:31:09","slug":"lagarto-de-15-m-e-capturado-dentro-residencia-em-minas","status":"publish","type":"post","link":"https:\/\/aconteceunovale.com.br\/portal\/?p=138564","title":{"rendered":"Lagarto de 1,5 m \u00e9 capturado dentro resid\u00eancia em Minas"},"content":{"rendered":"<p>Um lagarto de 1,5 metro foi capturado em uma resid\u00eancia de S\u00e3o Jo\u00e3o del-Rei pelo Corpo de Bombeiros neste s\u00e1bado (10\/11\/2018). Ele foi levado a uma mata mais afastada da cidade, onde foi solto.<\/p>\n<p>De acordo com o cabo Luciano Zambalde de Castro, que participou da captura do r\u00e9ptil, o animal se assustou com a aproxima\u00e7\u00e3o do dono da casa e entrou em um cano para se esconder, ficando preso. <\/p>\n<p>\u201cO propriet\u00e1rio da casa disse que o lagarto aparecia com frequ\u00eancia perto da horta dele, que \u00e9 mais afastada da casa. Mas dessa vez ele chegou mais perto, se assustou e entrou em um cano. Como o animal n\u00e3o conseguia sair de l\u00e1, n\u00f3s fomos chamados\u201d, disse. Conforme Zambalde, esse tipo de animal n\u00e3o costuma atacar humanos. <\/p>\n<p><img decoding=\"async\" src=\"http:\/\/aconteceunovale.com.br\/portal\/wp-content\/uploads\/2018\/11\/lagarto.jpeg\" alt=\"\" \/><em>O animal foi solto em uma mata afastada da cidade (Foto: Divulga\u00e7\u00e3o\/Bombeiros)<\/em><br \/>\n<\/br><\/p>\n<p><strong>VER PRIMEIRO<\/strong><\/p>\n<p>Receba as not\u00edcias do Aconteceu no Vale em primeira m\u00e3o. Clique em curtir no endere\u00e7o <a href=\"https:\/\/www.facebook.com\/aconteceunovale\" target=\"_blank\"><font color=\"red\">www.facebook.com\/aconteceunovale<\/font><\/a> ou no box abaixo:<\/p>\n<div class=\"fb-like\" data-href=\"https:\/\/www.facebook.com\/aconteceunovale\" data-width=\"120\" data-layout=\"standard\" data-action=\"like\" data-size=\"small\" data-show-faces=\"true\" data-share=\"true\"><\/div>\n<p><\/br><\/p>\n<p><em>(Fonte: Hoje em Dia)<\/em><\/p>\n","protected":false},"excerpt":{"rendered":"<p>Um lagarto de 1,5 metro foi capturado em uma resid\u00eancia de S\u00e3o Jo\u00e3o del-Rei pelo Corpo de Bombeiros neste s\u00e1bado (10\/11\/2018). Ele foi levado a uma mata mais afastada da cidade, onde foi solto. De acordo com o cabo Luciano Zambalde de Castro, que participou da captura do r\u00e9ptil, o animal se assustou com a [&hellip;]<\/p>\n","protected":false},"author":1,"featured_media":138565,"comment_status":"open","ping_status":"closed","sticky":false,"template":"","format":"standard","meta":{"amp_status":"","footnotes":""},"categories":[123],"tags":[185678,185679,185681,185677,185680,218],"class_list":["post-138564","post","type-post","status-publish","format-standard","has-post-thumbnail","hentry","category-gerais","tag-captura-de-lagarto-em-sao-joao-del-rei","tag-lagarto-capturado-em-sao-joao-del-rei","tag-lagarto-de-1-5-m-e-capturado-dentro-residencia-em-minas","tag-largarto-sao-joao-del-rei","tag-luciano-zambalde-de-castro","tag-sao-joao-del-rei"],"_links":{"self":[{"href":"https:\/\/aconteceunovale.com.br\/portal\/index.php?rest_route=\/wp\/v2\/posts\/138564","targetHints":{"allow":["GET"]}}],"collection":[{"href":"https:\/\/aconteceunovale.com.br\/portal\/index.php?rest_route=\/wp\/v2\/posts"}],"about":[{"href":"https:\/\/aconteceunovale.com.br\/portal\/index.php?rest_route=\/wp\/v2\/types\/post"}],"author":[{"embeddable":true,"href":"https:\/\/aconteceunovale.com.br\/portal\/index.php?rest_route=\/wp\/v2\/users\/1"}],"replies":[{"embeddable":true,"href":"https:\/\/aconteceunovale.com.br\/portal\/index.php?rest_route=%2Fwp%2Fv2%2Fcomments&post=138564"}],"version-history":[{"count":0,"href":"https:\/\/aconteceunovale.com.br\/portal\/index.php?rest_route=\/wp\/v2\/posts\/138564\/revisions"}],"wp:featuredmedia":[{"embeddable":true,"href":"https:\/\/aconteceunovale.com.br\/portal\/index.php?rest_route=\/wp\/v2\/media\/138565"}],"wp:attachment":[{"href":"https:\/\/aconteceunovale.com.br\/portal\/index.php?rest_route=%2Fwp%2Fv2%2Fmedia&parent=138564"}],"wp:term":[{"taxonomy":"category","embeddable":true,"href":"https:\/\/aconteceunovale.com.br\/portal\/index.php?rest_route=%2Fwp%2Fv2%2Fcategories&post=138564"},{"taxonomy":"post_tag","embeddable":true,"href":"https:\/\/aconteceunovale.com.br\/portal\/index.php?rest_route=%2Fwp%2Fv2%2Ftags&post=138564"}],"curies":[{"name":"wp","href":"https:\/\/api.w.org\/{rel}","templated":true}]}}